{"id":40541,"date":"2024-04-28T12:48:00","date_gmt":"2024-04-28T10:48:00","guid":{"rendered":"https:\/\/blogs.diariosur.es\/tormentas-y-rayos\/?p=40541"},"modified":"2025-11-24T18:18:37","modified_gmt":"2025-11-24T17:18:37","slug":"acumulados-de-precipitacion-manana-veremos-bonitos-cumulus-congestus-y-cumulonimbus-que-tiempo-hara-el-1-de-mayo-en-la-provincia-de-malaga","status":"publish","type":"post","link":"https:\/\/blogs.diariosur.es\/tormentas-y-rayos\/2024\/04\/28\/acumulados-de-precipitacion-manana-veremos-bonitos-cumulus-congestus-y-cumulonimbus-que-tiempo-hara-el-1-de-mayo-en-la-provincia-de-malaga\/","title":{"rendered":"Acumulados de precipitaci\u00f3n. Ma\u00f1ana veremos bonitos cumulus congestus y cumulonimbus \u00bfQu\u00e9 tiempo har\u00e1 el 1 de mayo en la provincia de M\u00e1laga?"},"content":{"rendered":"<p><a href=\"https:\/\/static-blogs.diariosur.es\/wp-content\/uploads\/sites\/12\/2023\/09\/375323357_10227521084351690_5428862938073510864_n.jpg\"><img loading=\"lazy\" class=\"aligncenter size-thumbnail wp-image-38274\" src=\"https:\/\/static-blogs.diariosur.es\/wp-content\/uploads\/sites\/12\/2023\/09\/375323357_10227521084351690_5428862938073510864_n-150x150.jpg\" alt=\"\" width=\"150\" height=\"150\" \/><\/a><\/p>\n<p data-pm-slice=\"1 1 []\">Buenas tardes, amigos de la meto. Madrugada fr\u00eda en la provincia de M\u00e1laga y en toda la comunidad andaluza. En M\u00e1laga destacar estas m\u00ednimas: los 6 grados de Ronda y los 6.6 de Antequera; en la capital malague\u00f1a, en el aeropuerto, 10.6 grados. Os paso tambi\u00e9n estas m\u00ednimas que se han dado en nuestra comunidad: Granada Aeropuerto 4.4 grados, C\u00f3rdoba Aeropuerto 7.8 grados, Ja\u00e9n 8.1 grados, Sevilla Aeropuerto 8.6 grados y Huelva 8.9.<\/p>\n<p>Ayer se cumplieron las previsiones y, aunque no se dieron muchos acumulados, destacar zonas de la Axarqu\u00eda malague\u00f1a entre los 4 y 10 mm, como es el caso del Embalse de la Vi\u00f1uela con 10.2 mm y\u00a0Alcauc\u00edn con 13.9 mm. En M\u00e1laga Aeropuerto 8 mm, Sierra Mijas 10 mm, Los Reales 11.5 mm, Pujerra 9.9 mm y Mijas Pueblo con 13 mm. En otras zonas de la provincia, entre los 2 y 5 mm. Fuente: Aemet, Red Hidrosur y Meoclimatic.<\/p>\n<p>Os paso un par de videos de los chaparrones que tuvimos ayer en la capital.<\/p>\n<p>&nbsp;<\/p>\n<p><iframe loading=\"lazy\" title=\"YouTube video player\" src=\"https:\/\/www.youtube.com\/embed\/gNOI9Y8n2DM?si=FpoN2HR0XY3lczNe\" width=\"560\" height=\"315\" frameborder=\"0\" allowfullscreen=\"allowfullscreen\"><\/iframe><\/p>\n<p><iframe loading=\"lazy\" title=\"YouTube video player\" src=\"https:\/\/www.youtube.com\/embed\/RCRZNCXbYFs?si=Y36IEgAkxU1ijoSM\" width=\"560\" height=\"315\" frameborder=\"0\" allowfullscreen=\"allowfullscreen\"><\/iframe><\/p>\n<p>&nbsp;<\/p>\n<p data-pm-slice=\"1 1 []\">Ma\u00f1ana lunes, debido al aire fr\u00edo en altura, veremos a partir de primeras horas de la tarde bonitos cumulus congestus y cumulonimbus en la provincia de M\u00e1laga; pueden dejar alg\u00fan chubasco en zonas de monta\u00f1a y alg\u00fan rayo si llegan a <strong>cumulonimbus<\/strong>.<\/p>\n<p>Os paso un par de fotos, la primera, un congestus, y la segunda, cumulonimbus capillatus.<\/p>\n<p>&nbsp;<\/p>\n<p><a href=\"https:\/\/static-blogs.diariosur.es\/wp-content\/uploads\/sites\/12\/2024\/04\/51782188944_d027da8eb2_b.jpg\"><img loading=\"lazy\" class=\"aligncenter size-full wp-image-40543\" src=\"https:\/\/static-blogs.diariosur.es\/wp-content\/uploads\/sites\/12\/2024\/04\/51782188944_d027da8eb2_b.jpg\" alt=\"\" width=\"1024\" height=\"683\" srcset=\"https:\/\/static-blogs.diariosur.es\/wp-content\/uploads\/sites\/12\/2024\/04\/51782188944_d027da8eb2_b.jpg 1024w, https:\/\/static-blogs.diariosur.es\/wp-content\/uploads\/sites\/12\/2024\/04\/51782188944_d027da8eb2_b-600x400.jpg 600w, https:\/\/static-blogs.diariosur.es\/wp-content\/uploads\/sites\/12\/2024\/04\/51782188944_d027da8eb2_b-768x512.jpg 768w\" sizes=\"(max-width: 1024px) 100vw, 1024px\" \/><\/a><\/p>\n<p>&nbsp;<\/p>\n<p><a href=\"https:\/\/static-blogs.diariosur.es\/wp-content\/uploads\/sites\/12\/2024\/04\/279170912_10224434140860032_2577849288927589614_n-e1714300297634.jpg\"><img loading=\"lazy\" class=\"aligncenter size-full wp-image-40544\" src=\"https:\/\/static-blogs.diariosur.es\/wp-content\/uploads\/sites\/12\/2024\/04\/279170912_10224434140860032_2577849288927589614_n-e1714300297634.jpg\" alt=\"\" width=\"1100\" height=\"734\" \/><\/a><\/p>\n<p>&nbsp;<\/p>\n<h3><span style=\"color: #ff0000;\"><strong>\u00bfQu\u00e9 tiempo har\u00e1 el 1 de mayo en la provincia de M\u00e1laga?<\/strong><\/span><\/h3>\n<p data-pm-slice=\"1 1 []\">De momento hay probabilidad de que nos afecte un frente fr\u00edo y deje precipitaciones desde primeras horas de la ma\u00f1ana en muchos puntos de la provincia; el tramo horario de las lluvias y probables acumulados no estar\u00e1n claros hasta ma\u00f1ana lunes por la noche. Una vez pase el frente fr\u00edo, se dar\u00e1n rachas fuertes de viento de poniente y terral. Las temperaturas m\u00e1ximas y m\u00ednimas bajar\u00e1n. La cota de nieve puede rondar los <strong>1800<\/strong> metros.<\/p>\n<p>Nos vemos ma\u00f1ana.<\/p>\n","protected":false},"excerpt":{"rendered":"<p>Buenas tardes, amigos de la meto. Madrugada fr\u00eda en la provincia de M\u00e1laga y en toda la comunidad andaluza. En M\u00e1laga destacar estas m\u00ednimas: los 6 grados de Ronda y los 6.6 de Antequera; en la capital malague\u00f1a, en el aeropuerto, 10.6 grados. Os paso tambi\u00e9n estas m\u00ednimas que se han dado en nuestra comunidad: [&hellip;]<\/p>\n","protected":false},"author":16,"featured_media":40544,"comment_status":"open","ping_status":"open","sticky":false,"template":"","format":"standard","meta":[],"categories":[2],"tags":[100,358,587,628,800,1037],"_links":{"self":[{"href":"https:\/\/blogs.diariosur.es\/tormentas-y-rayos\/wp-json\/wp\/v2\/posts\/40541"}],"collection":[{"href":"https:\/\/blogs.diariosur.es\/tormentas-y-rayos\/wp-json\/wp\/v2\/posts"}],"about":[{"href":"https:\/\/blogs.diariosur.es\/tormentas-y-rayos\/wp-json\/wp\/v2\/types\/post"}],"author":[{"embeddable":true,"href":"https:\/\/blogs.diariosur.es\/tormentas-y-rayos\/wp-json\/wp\/v2\/users\/16"}],"replies":[{"embeddable":true,"href":"https:\/\/blogs.diariosur.es\/tormentas-y-rayos\/wp-json\/wp\/v2\/comments?post=40541"}],"version-history":[{"count":4,"href":"https:\/\/blogs.diariosur.es\/tormentas-y-rayos\/wp-json\/wp\/v2\/posts\/40541\/revisions"}],"predecessor-version":[{"id":47720,"href":"https:\/\/blogs.diariosur.es\/tormentas-y-rayos\/wp-json\/wp\/v2\/posts\/40541\/revisions\/47720"}],"wp:featuredmedia":[{"embeddable":true,"href":"https:\/\/blogs.diariosur.es\/tormentas-y-rayos\/wp-json\/wp\/v2\/media\/40544"}],"wp:attachment":[{"href":"https:\/\/blogs.diariosur.es\/tormentas-y-rayos\/wp-json\/wp\/v2\/media?parent=40541"}],"wp:term":[{"taxonomy":"category","embeddable":true,"href":"https:\/\/blogs.diariosur.es\/tormentas-y-rayos\/wp-json\/wp\/v2\/categories?post=40541"},{"taxonomy":"post_tag","embeddable":true,"href":"https:\/\/blogs.diariosur.es\/tormentas-y-rayos\/wp-json\/wp\/v2\/tags?post=40541"}],"curies":[{"name":"wp","href":"https:\/\/api.w.org\/{rel}","templated":true}]}}