{"id":40549,"date":"2024-04-29T07:41:20","date_gmt":"2024-04-29T05:41:20","guid":{"rendered":"https:\/\/blogs.diariosur.es\/tormentas-y-rayos\/?p=40549"},"modified":"2025-11-24T18:15:45","modified_gmt":"2025-11-24T17:15:45","slug":"el-tiempo-en-malaga-y-andalucia-aviso-amarillo-por-lluvias-en-algunas-provincias-andaluzas","status":"publish","type":"post","link":"https:\/\/blogs.diariosur.es\/tormentas-y-rayos\/2024\/04\/29\/el-tiempo-en-malaga-y-andalucia-aviso-amarillo-por-lluvias-en-algunas-provincias-andaluzas\/","title":{"rendered":"El tiempo en M\u00e1laga y Andaluc\u00eda. Aviso amarillo por lluvias en algunas provincias andaluzas."},"content":{"rendered":"<p><a href=\"https:\/\/static-blogs.diariosur.es\/wp-content\/uploads\/sites\/12\/2023\/09\/375323357_10227521084351690_5428862938073510864_n.jpg\"><img loading=\"lazy\" class=\"aligncenter size-thumbnail wp-image-38274\" src=\"https:\/\/static-blogs.diariosur.es\/wp-content\/uploads\/sites\/12\/2023\/09\/375323357_10227521084351690_5428862938073510864_n-150x150.jpg\" alt=\"\" width=\"150\" height=\"150\" \/><\/a><\/p>\n<p>Muy buenos d\u00edas, amigos de la meteo. Cuando son las siete de la ma\u00f1ana en M\u00e1laga capital. la estaci\u00f3n del aeropuerto registra 11.3 grados, los cielos est\u00e1n algo nubosos y el viento sopla flojo de direcci\u00f3n variable.<\/p>\n<p data-pm-slice=\"1 1 []\">Como os coment\u00e9 ayer<a class=\"qbe-widget\" href=\"https:\/\/blogs.diariosur.es\/tormentas-y-rayos\/2024\/04\/28\/acumulados-de-precipitacion-manana-veremos-bonitos-cumulus-congestus-y-cumulonimbus-que-tiempo-hara-el-1-de-mayo-en-la-provincia-de-malaga\/\" target=\"_blank\" rel=\"noopener noreferrer\"> <strong>domingo<\/strong><\/a>, hoy se esperan bonitos desarrollos en la provincia de M\u00e1laga a partir del mediod\u00eda y primeras horas de la tarde; pueden dejar alg\u00fan chubasco en la provincia malague\u00f1a.<\/p>\n<p>No caer\u00e1n en todos los portales; son los t\u00edpicos chaparrones de primavera que no solucionan nada. Pueden venir acompa\u00f1ados de fen\u00f3menos tormentosos.<\/p>\n<h3><strong>Aviso amarillo por lluvias en algunas provincias andaluzas.<\/strong><\/h3>\n<p>Debido a la bolsa de aire fr\u00edo, donde se esperan m\u00e1s precipitaciones es en el interior oriental de nuestra comunidad. La AEMET activa el aviso amarillo por lluvias de 15 mm en una hora en\u00a0Valle del Almanzora y Los V\u00e9lez-Almer\u00eda,\u00a0Nacimiento y Campo de Tabernas-Almer\u00eda,\u00a0Guadix y Baza-Granada. Estas precipitaciones pueden venir acompa\u00f1adas de tormentas y granizo; localmente pueden ser fuertes. La cota de nieve rondar\u00e1 los 1700 metros.<\/p>\n<p>Ma\u00f1ana se activa el aviso amarillo por fen\u00f3menos costeros en la costa de la Axarqu\u00eda, Granada y Almer\u00eda.<\/p>\n<p>Os paso el mapa de avisos de la AEMET previsto para hoy lunes.<\/p>\n<p>&nbsp;<\/p>\n<p><a href=\"https:\/\/static-blogs.diariosur.es\/wp-content\/uploads\/sites\/12\/2024\/04\/Captura-de-pantalla-2024-04-29-065009.jpg\"><img loading=\"lazy\" class=\"aligncenter size-full wp-image-40551\" src=\"https:\/\/static-blogs.diariosur.es\/wp-content\/uploads\/sites\/12\/2024\/04\/Captura-de-pantalla-2024-04-29-065009.jpg\" alt=\"\" width=\"867\" height=\"681\" srcset=\"https:\/\/static-blogs.diariosur.es\/wp-content\/uploads\/sites\/12\/2024\/04\/Captura-de-pantalla-2024-04-29-065009.jpg 867w, https:\/\/static-blogs.diariosur.es\/wp-content\/uploads\/sites\/12\/2024\/04\/Captura-de-pantalla-2024-04-29-065009-509x400.jpg 509w, https:\/\/static-blogs.diariosur.es\/wp-content\/uploads\/sites\/12\/2024\/04\/Captura-de-pantalla-2024-04-29-065009-768x603.jpg 768w\" sizes=\"(max-width: 867px) 100vw, 867px\" \/><\/a><\/p>\n<p>&nbsp;<\/p>\n<p>Os dejo con un video de nubes que se dieron ayer en M\u00e1laga capital.<\/p>\n<p>&nbsp;<\/p>\n<p>&nbsp;<\/p>\n<p><iframe loading=\"lazy\" title=\"YouTube video player\" src=\"https:\/\/www.youtube.com\/embed\/3-WDhYAzex0?si=zkkrxeF2ewvyOx5z\" width=\"560\" height=\"315\" frameborder=\"0\" allowfullscreen=\"allowfullscreen\"><\/iframe><\/p>\n","protected":false},"excerpt":{"rendered":"<p>Muy buenos d\u00edas, amigos de la meteo. Cuando son las siete de la ma\u00f1ana en M\u00e1laga capital. la estaci\u00f3n del aeropuerto registra 11.3 grados, los cielos est\u00e1n algo nubosos y el viento sopla flojo de direcci\u00f3n variable. Como os coment\u00e9 ayer domingo, hoy se esperan bonitos desarrollos en la provincia de M\u00e1laga a partir del [&hellip;]<\/p>\n","protected":false},"author":16,"featured_media":37120,"comment_status":"open","ping_status":"open","sticky":false,"template":"","format":"standard","meta":[],"categories":[2],"tags":[94,100,151,358,569,587,800,996],"_links":{"self":[{"href":"https:\/\/blogs.diariosur.es\/tormentas-y-rayos\/wp-json\/wp\/v2\/posts\/40549"}],"collection":[{"href":"https:\/\/blogs.diariosur.es\/tormentas-y-rayos\/wp-json\/wp\/v2\/posts"}],"about":[{"href":"https:\/\/blogs.diariosur.es\/tormentas-y-rayos\/wp-json\/wp\/v2\/types\/post"}],"author":[{"embeddable":true,"href":"https:\/\/blogs.diariosur.es\/tormentas-y-rayos\/wp-json\/wp\/v2\/users\/16"}],"replies":[{"embeddable":true,"href":"https:\/\/blogs.diariosur.es\/tormentas-y-rayos\/wp-json\/wp\/v2\/comments?post=40549"}],"version-history":[{"count":4,"href":"https:\/\/blogs.diariosur.es\/tormentas-y-rayos\/wp-json\/wp\/v2\/posts\/40549\/revisions"}],"predecessor-version":[{"id":47718,"href":"https:\/\/blogs.diariosur.es\/tormentas-y-rayos\/wp-json\/wp\/v2\/posts\/40549\/revisions\/47718"}],"wp:featuredmedia":[{"embeddable":true,"href":"https:\/\/blogs.diariosur.es\/tormentas-y-rayos\/wp-json\/wp\/v2\/media\/37120"}],"wp:attachment":[{"href":"https:\/\/blogs.diariosur.es\/tormentas-y-rayos\/wp-json\/wp\/v2\/media?parent=40549"}],"wp:term":[{"taxonomy":"category","embeddable":true,"href":"https:\/\/blogs.diariosur.es\/tormentas-y-rayos\/wp-json\/wp\/v2\/categories?post=40549"},{"taxonomy":"post_tag","embeddable":true,"href":"https:\/\/blogs.diariosur.es\/tormentas-y-rayos\/wp-json\/wp\/v2\/tags?post=40549"}],"curies":[{"name":"wp","href":"https:\/\/api.w.org\/{rel}","templated":true}]}}