{"id":40553,"date":"2024-04-30T07:55:36","date_gmt":"2024-04-30T05:55:36","guid":{"rendered":"https:\/\/blogs.diariosur.es\/tormentas-y-rayos\/?p=40553"},"modified":"2024-05-01T07:42:09","modified_gmt":"2024-05-01T05:42:09","slug":"que-tiempo-hara-el-1-de-mayo-en-malaga-videos-y-fotos-de-la-tormenta-de-ayer-lunes-hoy-en-directo-en-llego-la-hora-de-la-101tv","status":"publish","type":"post","link":"https:\/\/blogs.diariosur.es\/tormentas-y-rayos\/2024\/04\/30\/que-tiempo-hara-el-1-de-mayo-en-malaga-videos-y-fotos-de-la-tormenta-de-ayer-lunes-hoy-en-directo-en-llego-la-hora-de-la-101tv\/","title":{"rendered":"\u00bfQu\u00e9 tiempo har\u00e1 el 1 de mayo en M\u00e1laga? Videos y fotos de la tormenta de ayer lunes. Hoy en directo en Lleg\u00f3 la Hora de la 101tv"},"content":{"rendered":"<p><a href=\"https:\/\/static-blogs.diariosur.es\/wp-content\/uploads\/sites\/12\/2022\/12\/15003244_10209205767200208_5978289506419899153_o-1.jpg\"><img loading=\"lazy\" class=\"aligncenter size-thumbnail wp-image-35431\" src=\"https:\/\/static-blogs.diariosur.es\/wp-content\/uploads\/sites\/12\/2022\/12\/15003244_10209205767200208_5978289506419899153_o-1-150x150.jpg\" alt=\"\" width=\"150\" height=\"150\" srcset=\"https:\/\/static-blogs.diariosur.es\/wp-content\/uploads\/sites\/12\/2022\/12\/15003244_10209205767200208_5978289506419899153_o-1-150x150.jpg 150w, https:\/\/static-blogs.diariosur.es\/wp-content\/uploads\/sites\/12\/2022\/12\/15003244_10209205767200208_5978289506419899153_o-1-400x400.jpg 400w, https:\/\/static-blogs.diariosur.es\/wp-content\/uploads\/sites\/12\/2022\/12\/15003244_10209205767200208_5978289506419899153_o-1-768x768.jpg 768w, https:\/\/static-blogs.diariosur.es\/wp-content\/uploads\/sites\/12\/2022\/12\/15003244_10209205767200208_5978289506419899153_o-1.jpg 1069w\" sizes=\"(max-width: 150px) 100vw, 150px\" \/><\/a><\/p>\n<p>Buenos d\u00edas, amigos de la meteo. Os recuerdo que hoy a las 11:20 de la ma\u00f1ana estar\u00e9 en directo con Roberto L\u00f3pez, en el programa Lleg\u00f3 la Hora de la 101tv.<\/p>\n<p>&nbsp;<\/p>\n<p><a href=\"https:\/\/static-blogs.diariosur.es\/wp-content\/uploads\/sites\/12\/2022\/07\/Jose-Luis-Escudero-el-hombre-del-tiempo-horz.jpg\"><img loading=\"lazy\" class=\"aligncenter size-full wp-image-33916\" src=\"https:\/\/static-blogs.diariosur.es\/wp-content\/uploads\/sites\/12\/2022\/07\/Jose-Luis-Escudero-el-hombre-del-tiempo-horz.jpg\" alt=\"\" width=\"1175\" height=\"339\" srcset=\"https:\/\/static-blogs.diariosur.es\/wp-content\/uploads\/sites\/12\/2022\/07\/Jose-Luis-Escudero-el-hombre-del-tiempo-horz.jpg 1175w, https:\/\/static-blogs.diariosur.es\/wp-content\/uploads\/sites\/12\/2022\/07\/Jose-Luis-Escudero-el-hombre-del-tiempo-horz-640x185.jpg 640w, https:\/\/static-blogs.diariosur.es\/wp-content\/uploads\/sites\/12\/2022\/07\/Jose-Luis-Escudero-el-hombre-del-tiempo-horz-768x222.jpg 768w\" sizes=\"(max-width: 1175px) 100vw, 1175px\" \/><\/a><\/p>\n<p>&nbsp;<\/p>\n<p>Cuando son las siete de la ma\u00f1ana en M\u00e1laga capital, el Aeropuerto registra <strong>9.5 grados<\/strong>, los cielos est\u00e1n poco nubosos y el viento sopla flojo de componente oeste. A partir de primeras horas de la tarde se esperan rachas fuertes de viento de oeste suroeste en la costa de M\u00e1laga, mucha precauci\u00f3n si sal\u00eds a navegar a alta mar. En algunos puntos de la provincia entrara de terral.<\/p>\n<p>Anters de daros la previsi\u00f3n para ma\u00f1ana, os pongo el reportaje.<\/p>\n<h3><strong style=\"color: #ff0000;\">Videos y fotos de la tormenta de ayer lunes.<\/strong><\/h3>\n<p>Ayer lunes tuvimos sorpresa en la capital malague\u00f1a, ning\u00fan modelo esperaba tantos litros e incluso ni lluvias. Mi pluvi\u00f3metro registro casi 10 mm, destacando el Centro Meteorol\u00f3gico de Teatinos con 17.5 mm, en algunos puntos de la capital hasta granizo e incluso se acercaron a los 19 mm. Lo curioso es que en el Aeropuerto tan solo 2.3 mm, es lo que tienen las tormentas. En otros puntos de la provincia muy poca cosa, incluso nada, salvo en zonas de C\u00e1rtama que recogieron 20 mm.<\/p>\n<p>Os paso unos v\u00eddeos y unas fotos de mis amigos y m\u00edas.<\/p>\n<p>Rayo cazado desde casa<\/p>\n<p><iframe loading=\"lazy\" title=\"YouTube video player\" src=\"https:\/\/www.youtube.com\/embed\/3pUJ9XqQR6Q?si=kQcYr7sIctrmD4wC\" width=\"560\" height=\"315\" frameborder=\"0\" allowfullscreen=\"allowfullscreen\"><\/iframe><\/p>\n<p>&nbsp;<\/p>\n<p><iframe loading=\"lazy\" title=\"YouTube video player\" src=\"https:\/\/www.youtube.com\/embed\/M_9lKWDO_hI?si=L0azzfF1WL5XSEWH\" width=\"560\" height=\"315\" frameborder=\"0\" allowfullscreen=\"allowfullscreen\"><\/iframe><\/p>\n<p><iframe loading=\"lazy\" title=\"YouTube video player\" src=\"https:\/\/www.youtube.com\/embed\/mkrXMrrL1z0?si=7wkwgQrfrVByrEad\" width=\"560\" height=\"315\" frameborder=\"0\" allowfullscreen=\"allowfullscreen\"><\/iframe><\/p>\n<p><iframe loading=\"lazy\" title=\"YouTube video player\" src=\"https:\/\/www.youtube.com\/embed\/z8h6GB7Gj8Y?si=DYNtZfTCwgoQu5Hd\" width=\"560\" height=\"315\" frameborder=\"0\" allowfullscreen=\"allowfullscreen\"><\/iframe><\/p>\n<p>Impresionante v\u00eddeo de mi amigo Crist\u00f3bal Gambero en Mijas Costa. Una pasada<\/p>\n<p><iframe loading=\"lazy\" title=\"YouTube video player\" src=\"https:\/\/www.youtube.com\/embed\/rTGDn193w6Y?si=QXM_g_bpq-strsaW\" width=\"560\" height=\"315\" frameborder=\"0\" allowfullscreen=\"allowfullscreen\"><\/iframe><\/p>\n<p>&nbsp;<\/p>\n<p>Estas tres primeras fotos son m\u00edas, las siguientes de Nany Lavado, David Mancebo Atienza y Lui Garc\u00eda Mar\u00edn<\/p>\n<p>&nbsp;<\/p>\n<p><a href=\"https:\/\/static-blogs.diariosur.es\/wp-content\/uploads\/sites\/12\/2024\/04\/llego-la-e1714415719335.jpg\"><img loading=\"lazy\" class=\"aligncenter size-full wp-image-40554\" src=\"https:\/\/static-blogs.diariosur.es\/wp-content\/uploads\/sites\/12\/2024\/04\/llego-la-e1714415719335.jpg\" alt=\"\" width=\"1200\" height=\"668\" \/><\/a><\/p>\n<p>&nbsp;<\/p>\n<p><a href=\"https:\/\/static-blogs.diariosur.es\/wp-content\/uploads\/sites\/12\/2024\/04\/LLEGO-1-e1714415810815.jpg\"><img loading=\"lazy\" class=\"aligncenter size-full wp-image-40556\" src=\"https:\/\/static-blogs.diariosur.es\/wp-content\/uploads\/sites\/12\/2024\/04\/LLEGO-1-e1714415810815.jpg\" alt=\"\" width=\"1200\" height=\"800\" \/><\/a><\/p>\n<p>&nbsp;<\/p>\n<p><a href=\"https:\/\/static-blogs.diariosur.es\/wp-content\/uploads\/sites\/12\/2024\/04\/LLEGO-LA-HORA-e1714415840841.jpg\"><img loading=\"lazy\" class=\"aligncenter size-full wp-image-40557\" src=\"https:\/\/static-blogs.diariosur.es\/wp-content\/uploads\/sites\/12\/2024\/04\/LLEGO-LA-HORA-e1714415840841.jpg\" alt=\"\" width=\"1200\" height=\"800\" \/><\/a><\/p>\n<p>&nbsp;<\/p>\n<p>Pedazo de rayo de Nany Lavado en los Montes de M\u00e1laga.<\/p>\n<p>&nbsp;<\/p>\n<p><a href=\"https:\/\/static-blogs.diariosur.es\/wp-content\/uploads\/sites\/12\/2024\/04\/Captura-de-pantalla-2024-04-29-222912-e1714422684534.jpg\"><img loading=\"lazy\" class=\"aligncenter size-full wp-image-40567\" src=\"https:\/\/static-blogs.diariosur.es\/wp-content\/uploads\/sites\/12\/2024\/04\/Captura-de-pantalla-2024-04-29-222912-e1714422684534.jpg\" alt=\"\" width=\"1200\" height=\"798\" \/><\/a><\/p>\n<p>&nbsp;<\/p>\n<p><a href=\"https:\/\/static-blogs.diariosur.es\/wp-content\/uploads\/sites\/12\/2024\/04\/Captura-de-pantalla-2024-04-30-065950-e1714453255557.jpg\"><img loading=\"lazy\" class=\"aligncenter size-full wp-image-40572\" src=\"https:\/\/static-blogs.diariosur.es\/wp-content\/uploads\/sites\/12\/2024\/04\/Captura-de-pantalla-2024-04-30-065950-e1714453255557.jpg\" alt=\"\" width=\"1200\" height=\"808\" \/><\/a><\/p>\n<p>&nbsp;<\/p>\n<p>Estas dos fotos son de mi amigo David Mancebo Atienza, fotones desde Gibralfaro. Si os fij\u00e1is en la foto que se ve la catedral, en la zona del Aeropuerto llovia muy poco, lo que coment\u00e9 arriba sobre los litros.<\/p>\n<p>&nbsp;<\/p>\n<p><a href=\"https:\/\/static-blogs.diariosur.es\/wp-content\/uploads\/sites\/12\/2024\/04\/Captura-de-pantalla-2024-04-29-220458-e1714421321529.jpg\"><img loading=\"lazy\" class=\"aligncenter size-full wp-image-40562\" src=\"https:\/\/static-blogs.diariosur.es\/wp-content\/uploads\/sites\/12\/2024\/04\/Captura-de-pantalla-2024-04-29-220458-e1714421321529.jpg\" alt=\"\" width=\"1200\" height=\"804\" \/><\/a><\/p>\n<p>&nbsp;<\/p>\n<p><a href=\"https:\/\/static-blogs.diariosur.es\/wp-content\/uploads\/sites\/12\/2024\/04\/Captura-de-pantalla-2024-04-29-220529-e1714421420672.jpg\"><img loading=\"lazy\" class=\"aligncenter size-full wp-image-40560\" src=\"https:\/\/static-blogs.diariosur.es\/wp-content\/uploads\/sites\/12\/2024\/04\/Captura-de-pantalla-2024-04-29-220529-e1714421420672.jpg\" alt=\"\" width=\"1200\" height=\"794\" \/><\/a><\/p>\n<p>&nbsp;<\/p>\n<p>Esta \u00faltima es de mi amigo Lui Garc\u00eda Mar\u00edn, otro fot\u00f3n. Bonitos mammatus en Torremolinos<\/p>\n<p>&nbsp;<\/p>\n<p><a href=\"https:\/\/static-blogs.diariosur.es\/wp-content\/uploads\/sites\/12\/2024\/04\/440969961_10228759448550021_2970891788519674025_n-e1714421450465.jpg\"><img loading=\"lazy\" class=\"aligncenter size-full wp-image-40564\" src=\"https:\/\/static-blogs.diariosur.es\/wp-content\/uploads\/sites\/12\/2024\/04\/440969961_10228759448550021_2970891788519674025_n-e1714421450465.jpg\" alt=\"\" width=\"1200\" height=\"900\" \/><\/a><\/p>\n<p>&nbsp;<\/p>\n<h3><span style=\"color: #0000ff;\"><strong>\u00bfQu\u00e9 tiempo har\u00e1 el 1 de mayo en la provincia de M\u00e1laga?<\/strong><\/span><\/h3>\n<p>Malas noticias, amigos de la meteo. No se espera mucho, salvo en la zona interior m\u00e1s occidental de la provincia y comarca de Antequera, donde pueden recoger m\u00e1s acumulados. Las precipitaciones llegaran a partir de las 23:40 a la zona m\u00e1s occidental de la provincia malague\u00f1a, se trasladaran durante la madrugada del mi\u00e9rcoles y primeras horas de la ma\u00f1ana al resto de la provincia. En la capital espero muy poco, en zonas de la Axarqu\u00eda tampoco se espera mucho.<\/p>\n<p>Antes del mediod\u00eda bajar\u00e1 mucho la probabilidad de precipitaciones, pero a cambio tendremos rachas fuertes de poniente y terral en la costa malague\u00f1a. Las temperaturas m\u00e1ximas rondar\u00e1n entre los 14 y 21 grados.<\/p>\n<p>Nos vemos ma\u00f1ana.<\/p>\n<p>&nbsp;<\/p>\n<p>&nbsp;<\/p>\n","protected":false},"excerpt":{"rendered":"<p>Buenos d\u00edas, amigos de la meteo. Os recuerdo que hoy a las 11:20 de la ma\u00f1ana estar\u00e9 en directo con Roberto L\u00f3pez, en el programa Lleg\u00f3 la Hora de la 101tv. &nbsp; &nbsp; Cuando son las siete de la ma\u00f1ana en M\u00e1laga capital, el Aeropuerto registra 9.5 grados, los cielos est\u00e1n poco nubosos y el [&hellip;]<\/p>\n","protected":false},"author":16,"featured_media":40560,"comment_status":"open","ping_status":"open","sticky":false,"template":"","format":"standard","meta":[],"categories":[2],"tags":[151,324,358,1913,628,800,1912,1059],"_links":{"self":[{"href":"https:\/\/blogs.diariosur.es\/tormentas-y-rayos\/wp-json\/wp\/v2\/posts\/40553"}],"collection":[{"href":"https:\/\/blogs.diariosur.es\/tormentas-y-rayos\/wp-json\/wp\/v2\/posts"}],"about":[{"href":"https:\/\/blogs.diariosur.es\/tormentas-y-rayos\/wp-json\/wp\/v2\/types\/post"}],"author":[{"embeddable":true,"href":"https:\/\/blogs.diariosur.es\/tormentas-y-rayos\/wp-json\/wp\/v2\/users\/16"}],"replies":[{"embeddable":true,"href":"https:\/\/blogs.diariosur.es\/tormentas-y-rayos\/wp-json\/wp\/v2\/comments?post=40553"}],"version-history":[{"count":14,"href":"https:\/\/blogs.diariosur.es\/tormentas-y-rayos\/wp-json\/wp\/v2\/posts\/40553\/revisions"}],"predecessor-version":[{"id":47716,"href":"https:\/\/blogs.diariosur.es\/tormentas-y-rayos\/wp-json\/wp\/v2\/posts\/40553\/revisions\/47716"}],"wp:featuredmedia":[{"embeddable":true,"href":"https:\/\/blogs.diariosur.es\/tormentas-y-rayos\/wp-json\/wp\/v2\/media\/40560"}],"wp:attachment":[{"href":"https:\/\/blogs.diariosur.es\/tormentas-y-rayos\/wp-json\/wp\/v2\/media?parent=40553"}],"wp:term":[{"taxonomy":"category","embeddable":true,"href":"https:\/\/blogs.diariosur.es\/tormentas-y-rayos\/wp-json\/wp\/v2\/categories?post=40553"},{"taxonomy":"post_tag","embeddable":true,"href":"https:\/\/blogs.diariosur.es\/tormentas-y-rayos\/wp-json\/wp\/v2\/tags?post=40553"}],"curies":[{"name":"wp","href":"https:\/\/api.w.org\/{rel}","templated":true}]}}