{"id":40578,"date":"2024-05-01T08:59:07","date_gmt":"2024-05-01T06:59:07","guid":{"rendered":"https:\/\/blogs.diariosur.es\/tormentas-y-rayos\/?p=40578"},"modified":"2024-05-07T05:10:51","modified_gmt":"2024-05-07T03:10:51","slug":"abril-de-2024-en-malaga-ha-sido-muy-calido-y-seco","status":"publish","type":"post","link":"https:\/\/blogs.diariosur.es\/tormentas-y-rayos\/2024\/05\/01\/abril-de-2024-en-malaga-ha-sido-muy-calido-y-seco\/","title":{"rendered":"Abril de 2024 en M\u00e1laga ha sido muy c\u00e1lido y seco."},"content":{"rendered":"<blockquote><p><a href=\"https:\/\/static-blogs.diariosur.es\/wp-content\/uploads\/sites\/12\/2024\/02\/379337914_10227628075666406_6248628726251100327_n.jpg\"><img loading=\"lazy\" class=\"aligncenter size-thumbnail wp-image-39879\" src=\"https:\/\/static-blogs.diariosur.es\/wp-content\/uploads\/sites\/12\/2024\/02\/379337914_10227628075666406_6248628726251100327_n-150x150.jpg\" alt=\"\" width=\"150\" height=\"150\" \/><\/a><\/p><\/blockquote>\n<p>Muy buenos d\u00edas, amigos de la meteo. Donde m\u00e1s acumulados se est\u00e1n dando al paso del frente, es en la comarca de Antequera, en algunos puntos llevan entre los siete y 10 litros por metro cuadrado, no esper\u00e9is mucho e incluso nada en la capital como comente ayer el el blog. Si alguno no vio el reportaje de la tormenta o la previsi\u00f3n, os paso nuevamente el enlace.<\/p>\n<p class=\"voc-blogs-section\"><strong><a href=\"https:\/\/blogs.diariosur.es\/tormentas-y-rayos\/2024\/04\/30\/que-tiempo-hara-el-1-de-mayo-en-malaga-videos-y-fotos-de-la-tormenta-de-ayer-lunes-hoy-en-directo-en-llego-la-hora-de-la-101tv\/\">\u00bfQu\u00e9 tiempo har\u00e1 el 1 de mayo en M\u00e1laga? Videos y fotos de la tormenta de ayer lunes<\/a><\/strong><\/p>\n<h3><span style=\"color: #ff0000;\"><strong>Abril de 2024 en M\u00e1laga ha sido muy c\u00e1lido y seco.<\/strong><\/span><\/h3>\n<p>A falta de la confirmaci\u00f3n por la aemet, el mes pasado en M\u00e1laga capital ha sido muy c\u00e1lido y seco, se toma como referencia la Estaci\u00f3n del Aeropuerto de M\u00e1laga que tiene datos desde 1942.<\/p>\n<p>La temperatura media este mes pasado ha sido de 18 grados, ha sobrepasado en 1,1 grados la media del mes que es de 16.9 grados, en cuanto a la precipitaci\u00f3n el Aeropuerto ha registrado 10.3 mm, la media para un mes de abril es de 44 mm.<\/p>\n<p>Cuando la aemet saque el resumen del mes de abril, confirmaremos estos datos que puede variar tan solo una d\u00e9cima, ya veremos si\u00a0 lo catalogan con muy c\u00e1lido o extremadamente c\u00e1lido.<\/p>\n<p>El a\u00f1o pasado abril fue extremadamente c\u00e1lido con una media de 19,2 grados, siendo el mes m\u00e1s caluroso desde que se tienen registros, y no solo fue M\u00e1laga, tambi\u00e9n toda Andaluc\u00eda.<\/p>\n<p>Ma\u00f1ana os pondr\u00e9 los acumulados mas destables que se den hoy mi\u00e9rcoles.<\/p>\n<p>&nbsp;<\/p>\n<p>&nbsp;<\/p>\n<p>&nbsp;<\/p>\n","protected":false},"excerpt":{"rendered":"<p>Muy buenos d\u00edas, amigos de la meteo. Donde m\u00e1s acumulados se est\u00e1n dando al paso del frente, es en la comarca de Antequera, en algunos puntos llevan entre los siete y 10 litros por metro cuadrado, no esper\u00e9is mucho e incluso nada en la capital como comente ayer el el blog. Si alguno no vio [&hellip;]<\/p>\n","protected":false},"author":16,"featured_media":39647,"comment_status":"open","ping_status":"open","sticky":false,"template":"","format":"standard","meta":[],"categories":[2],"tags":[35,100,215,1618,587,1724,961],"_links":{"self":[{"href":"https:\/\/blogs.diariosur.es\/tormentas-y-rayos\/wp-json\/wp\/v2\/posts\/40578"}],"collection":[{"href":"https:\/\/blogs.diariosur.es\/tormentas-y-rayos\/wp-json\/wp\/v2\/posts"}],"about":[{"href":"https:\/\/blogs.diariosur.es\/tormentas-y-rayos\/wp-json\/wp\/v2\/types\/post"}],"author":[{"embeddable":true,"href":"https:\/\/blogs.diariosur.es\/tormentas-y-rayos\/wp-json\/wp\/v2\/users\/16"}],"replies":[{"embeddable":true,"href":"https:\/\/blogs.diariosur.es\/tormentas-y-rayos\/wp-json\/wp\/v2\/comments?post=40578"}],"version-history":[{"count":4,"href":"https:\/\/blogs.diariosur.es\/tormentas-y-rayos\/wp-json\/wp\/v2\/posts\/40578\/revisions"}],"predecessor-version":[{"id":40640,"href":"https:\/\/blogs.diariosur.es\/tormentas-y-rayos\/wp-json\/wp\/v2\/posts\/40578\/revisions\/40640"}],"wp:featuredmedia":[{"embeddable":true,"href":"https:\/\/blogs.diariosur.es\/tormentas-y-rayos\/wp-json\/wp\/v2\/media\/39647"}],"wp:attachment":[{"href":"https:\/\/blogs.diariosur.es\/tormentas-y-rayos\/wp-json\/wp\/v2\/media?parent=40578"}],"wp:term":[{"taxonomy":"category","embeddable":true,"href":"https:\/\/blogs.diariosur.es\/tormentas-y-rayos\/wp-json\/wp\/v2\/categories?post=40578"},{"taxonomy":"post_tag","embeddable":true,"href":"https:\/\/blogs.diariosur.es\/tormentas-y-rayos\/wp-json\/wp\/v2\/tags?post=40578"}],"curies":[{"name":"wp","href":"https:\/\/api.w.org\/{rel}","templated":true}]}}