{"id":40580,"date":"2024-05-01T17:00:38","date_gmt":"2024-05-01T15:00:38","guid":{"rendered":"https:\/\/blogs.diariosur.es\/tormentas-y-rayos\/?p=40580"},"modified":"2024-05-01T17:00:38","modified_gmt":"2024-05-01T15:00:38","slug":"acumulados-de-precipitacion-hoy-1-de-mayo-en-la-provincia-de-malaga","status":"publish","type":"post","link":"https:\/\/blogs.diariosur.es\/tormentas-y-rayos\/2024\/05\/01\/acumulados-de-precipitacion-hoy-1-de-mayo-en-la-provincia-de-malaga\/","title":{"rendered":"Acumulados de precipitaci\u00f3n hoy 1 de mayo en la provincia de M\u00e1laga."},"content":{"rendered":"<p><a href=\"https:\/\/static-blogs.diariosur.es\/wp-content\/uploads\/sites\/12\/2024\/02\/379337914_10227628075666406_6248628726251100327_n.jpg\"><img loading=\"lazy\" class=\"aligncenter size-thumbnail wp-image-39879\" src=\"https:\/\/static-blogs.diariosur.es\/wp-content\/uploads\/sites\/12\/2024\/02\/379337914_10227628075666406_6248628726251100327_n-150x150.jpg\" alt=\"\" width=\"150\" height=\"150\" \/><\/a><\/p>\n<p>Buenas tardes, amigos de la meteo. Os pongo los acumulados m\u00e1s importantes que hemos tenido hoy 1 de mayo en la provincia malague\u00f1a. En algunos puntos no ha ca\u00eddo nada o s\u00f3lo unas d\u00e9cimas. La comarca de Antequera la m\u00e1s beneficiada.<\/p>\n<p>Los Reales 4,3 mm<\/p>\n<p>Majada de las Lomas 7,7 mm<\/p>\n<p>Pujerra 4,8 mm<\/p>\n<p>Cuevas del Becerro 8,3<\/p>\n<p>El Torcal\u00a0 10,9 mm<\/p>\n<p><span style=\"color: #ff0000;\">Ca\u00f1ete La Real 19,7 mm<\/span><\/p>\n<p>Ronda San Crist\u00f3bal 9,3 mm<\/p>\n<p>Laguna de Fuente Piedra\u00a0 13,3 mm<\/p>\n<p>Embalse de Guadalteba 8,3 mm<\/p>\n<p>Embalse Conde de Guadalhorce 6,8 mm<\/p>\n<p>Villanueva de la Concepci\u00f3n 5,4<\/p>\n<p>Alfarnatejo\u00a0 5,7 mm<\/p>\n<p>Rio Tur\u00f3n Ardales 7,2 mm<\/p>\n<p><span style=\"color: #ff0000;\">Rio Guadalhorce Bobadilla 17,5 mm<\/span><\/p>\n<p><span style=\"color: #ff0000;\">Rio Guadalhorce Archidona 15 mm<\/span><\/p>\n<p><span style=\"color: #ff0000;\">Archidona Huertas del R\u00edo 19 mm<\/span><\/p>\n<p><span style=\"color: #ff0000;\">Archidona Puerta de la Hoya 21,6 mm<\/span><\/p>\n<p><span style=\"color: #ff0000;\">Villanueva del Trabuco 17 mm<\/span><\/p>\n<p><span style=\"color: #ff0000;\">Villanueva del Rosario 19 mm<\/span><\/p>\n<p><span style=\"color: #ff0000;\">Antequera\u00a0 16,6 mm<\/span><\/p>\n<p>Alpande\u00edre 8 mm<\/p>\n<p>M\u00e1laga Centro Meteorol\u00f3gico 2,4 mm<\/p>\n<p>Frigiliana 1,5 mm<\/p>\n<p>Periana 7,3 mm<\/p>\n<p>&nbsp;<\/p>\n<p>&nbsp;<\/p>\n<p>&nbsp;<\/p>\n<p>&nbsp;<\/p>\n<p>&nbsp;<\/p>\n<p>&nbsp;<\/p>\n<p>&nbsp;<\/p>\n<p>&nbsp;<\/p>\n","protected":false},"excerpt":{"rendered":"<p>Buenas tardes, amigos de la meteo. Os pongo los acumulados m\u00e1s importantes que hemos tenido hoy 1 de mayo en la provincia malague\u00f1a. En algunos puntos no ha ca\u00eddo nada o s\u00f3lo unas d\u00e9cimas. La comarca de Antequera la m\u00e1s beneficiada. Los Reales 4,3 mm Majada de las Lomas 7,7 mm Pujerra 4,8 mm Cuevas [&hellip;]<\/p>\n","protected":false},"author":16,"featured_media":40336,"comment_status":"open","ping_status":"open","sticky":false,"template":"","format":"standard","meta":[],"categories":[2],"tags":[],"_links":{"self":[{"href":"https:\/\/blogs.diariosur.es\/tormentas-y-rayos\/wp-json\/wp\/v2\/posts\/40580"}],"collection":[{"href":"https:\/\/blogs.diariosur.es\/tormentas-y-rayos\/wp-json\/wp\/v2\/posts"}],"about":[{"href":"https:\/\/blogs.diariosur.es\/tormentas-y-rayos\/wp-json\/wp\/v2\/types\/post"}],"author":[{"embeddable":true,"href":"https:\/\/blogs.diariosur.es\/tormentas-y-rayos\/wp-json\/wp\/v2\/users\/16"}],"replies":[{"embeddable":true,"href":"https:\/\/blogs.diariosur.es\/tormentas-y-rayos\/wp-json\/wp\/v2\/comments?post=40580"}],"version-history":[{"count":7,"href":"https:\/\/blogs.diariosur.es\/tormentas-y-rayos\/wp-json\/wp\/v2\/posts\/40580\/revisions"}],"predecessor-version":[{"id":40587,"href":"https:\/\/blogs.diariosur.es\/tormentas-y-rayos\/wp-json\/wp\/v2\/posts\/40580\/revisions\/40587"}],"wp:featuredmedia":[{"embeddable":true,"href":"https:\/\/blogs.diariosur.es\/tormentas-y-rayos\/wp-json\/wp\/v2\/media\/40336"}],"wp:attachment":[{"href":"https:\/\/blogs.diariosur.es\/tormentas-y-rayos\/wp-json\/wp\/v2\/media?parent=40580"}],"wp:term":[{"taxonomy":"category","embeddable":true,"href":"https:\/\/blogs.diariosur.es\/tormentas-y-rayos\/wp-json\/wp\/v2\/categories?post=40580"},{"taxonomy":"post_tag","embeddable":true,"href":"https:\/\/blogs.diariosur.es\/tormentas-y-rayos\/wp-json\/wp\/v2\/tags?post=40580"}],"curies":[{"name":"wp","href":"https:\/\/api.w.org\/{rel}","templated":true}]}}