{"id":40588,"date":"2024-05-02T08:27:35","date_gmt":"2024-05-02T06:27:35","guid":{"rendered":"https:\/\/blogs.diariosur.es\/tormentas-y-rayos\/?p=40588"},"modified":"2024-05-02T08:27:35","modified_gmt":"2024-05-02T06:27:35","slug":"iremos-a-la-playa-el-fin-de-semana-en-malaga-madrugada-de-invierno-en-andalucia","status":"publish","type":"post","link":"https:\/\/blogs.diariosur.es\/tormentas-y-rayos\/2024\/05\/02\/iremos-a-la-playa-el-fin-de-semana-en-malaga-madrugada-de-invierno-en-andalucia\/","title":{"rendered":"\u00bfIremos a la playa el fin de semana en M\u00e1laga? Madrugada de invierno en Andaluc\u00eda."},"content":{"rendered":"<p><a href=\"https:\/\/static-blogs.diariosur.es\/wp-content\/uploads\/sites\/12\/2023\/10\/243418660_10223324765526342_8448445083528661051_n.jpg\"><img loading=\"lazy\" class=\"aligncenter size-thumbnail wp-image-38644\" src=\"https:\/\/static-blogs.diariosur.es\/wp-content\/uploads\/sites\/12\/2023\/10\/243418660_10223324765526342_8448445083528661051_n-150x150.jpg\" alt=\"\" width=\"150\" height=\"150\" \/><\/a><\/p>\n<p>Buenos d\u00edas, amigos de la meteo. Cuando son las ocho menos cuarto de la ma\u00f1ana en M\u00e1laga Capital, el Centro Meteorol\u00f3gico registra 11,6 grados, los cielos est\u00e1n despejados y sopla terral flojo de primavera. Destacar Antequera con 6,2 grados, Archidona Huertas del Rio 3,4 grados y Ronda con 4,9 grados.<\/p>\n<p>Madrugada muy fr\u00eda para las fechas que estamos en Andaluc\u00eda, os pongo las temperaturas m\u00ednimas de las ocho capitales y de algunos pueblos.<\/p>\n<p>Granada Aeropuerto\u00a0 3 grados<\/p>\n<p>Ja\u00e9n\u00a0 5,6 grados<\/p>\n<p>Sevilla Aeropuerto\u00a0 5,5 grados<\/p>\n<p>C\u00f3rdoba Aeropuerto\u00a0 3,4 grados<\/p>\n<p>Almer\u00eda Aeropuerto 14.6 grados<\/p>\n<p>Huelva\u00a0 7,1 grados<\/p>\n<p>C\u00e1diz 11,6 grados<\/p>\n<p>Jerez de la Frontera\u00a0 4,8 grados<\/p>\n<p>Aroche Huelva 0,6 grados<\/p>\n<p>Hinojosa del duque C\u00f3rdoba 3,2 grados<\/p>\n<p>Villanueva de C\u00f3rdoba\u00a0 2 grados<\/p>\n<p>Baza 4.9 grados<\/p>\n<p>Cazalla de la Sierra 1,6 grados<\/p>\n<p>Grazalema 1,3 grados<\/p>\n<p>Algarrobo M\u00e1laga 11 grados<\/p>\n<p>Aguilar de la Frontera C\u00f3rdoba 4,5 grados<\/p>\n<p>Sierra Nevada Radio Telescopio menos 10 grados bajo cero<\/p>\n<h3><span style=\"color: #ff0000;\"><strong>\u00bfIremos a la playa el fin de semana en M\u00e1laga?<\/strong><\/span><\/h3>\n<p>&nbsp;<\/p>\n<p><a href=\"https:\/\/static-blogs.diariosur.es\/wp-content\/uploads\/sites\/12\/2024\/05\/379930191_10227628325072641_5416334919295850971_n-e1714630304944.jpg\"><img loading=\"lazy\" class=\"aligncenter size-full wp-image-40589\" src=\"https:\/\/static-blogs.diariosur.es\/wp-content\/uploads\/sites\/12\/2024\/05\/379930191_10227628325072641_5416334919295850971_n-e1714630304944.jpg\" alt=\"\" width=\"900\" height=\"675\" \/><\/a><\/p>\n<p>&nbsp;<\/p>\n<p>La probabilidad de que algunos vayamos es muy alta, el s\u00e1bado se esperan unas m\u00e1ximas que rondaran entre los 24 y 28 grados.<\/p>\n<p>El domingo tendremos terral en las zonas habituales de la provincia, donde sople terral se pueden alcanzar entre los 27 y 30 grados. Lo que no tengo muy claro es si tendremos rachas fuertes de viento el domingo, esto lo confirmar\u00e9 el viernes por la tarde. La probabilidad de precipitaciones es muy baja.<\/p>\n","protected":false},"excerpt":{"rendered":"<p>Buenos d\u00edas, amigos de la meteo. Cuando son las ocho menos cuarto de la ma\u00f1ana en M\u00e1laga Capital, el Centro Meteorol\u00f3gico registra 11,6 grados, los cielos est\u00e1n despejados y sopla terral flojo de primavera. Destacar Antequera con 6,2 grados, Archidona Huertas del Rio 3,4 grados y Ronda con 4,9 grados. Madrugada muy fr\u00eda para las [&hellip;]<\/p>\n","protected":false},"author":16,"featured_media":40589,"comment_status":"open","ping_status":"open","sticky":false,"template":"","format":"standard","meta":[],"categories":[2],"tags":[81,100,358,587,800,962,975],"_links":{"self":[{"href":"https:\/\/blogs.diariosur.es\/tormentas-y-rayos\/wp-json\/wp\/v2\/posts\/40588"}],"collection":[{"href":"https:\/\/blogs.diariosur.es\/tormentas-y-rayos\/wp-json\/wp\/v2\/posts"}],"about":[{"href":"https:\/\/blogs.diariosur.es\/tormentas-y-rayos\/wp-json\/wp\/v2\/types\/post"}],"author":[{"embeddable":true,"href":"https:\/\/blogs.diariosur.es\/tormentas-y-rayos\/wp-json\/wp\/v2\/users\/16"}],"replies":[{"embeddable":true,"href":"https:\/\/blogs.diariosur.es\/tormentas-y-rayos\/wp-json\/wp\/v2\/comments?post=40588"}],"version-history":[{"count":1,"href":"https:\/\/blogs.diariosur.es\/tormentas-y-rayos\/wp-json\/wp\/v2\/posts\/40588\/revisions"}],"predecessor-version":[{"id":40590,"href":"https:\/\/blogs.diariosur.es\/tormentas-y-rayos\/wp-json\/wp\/v2\/posts\/40588\/revisions\/40590"}],"wp:featuredmedia":[{"embeddable":true,"href":"https:\/\/blogs.diariosur.es\/tormentas-y-rayos\/wp-json\/wp\/v2\/media\/40589"}],"wp:attachment":[{"href":"https:\/\/blogs.diariosur.es\/tormentas-y-rayos\/wp-json\/wp\/v2\/media?parent=40588"}],"wp:term":[{"taxonomy":"category","embeddable":true,"href":"https:\/\/blogs.diariosur.es\/tormentas-y-rayos\/wp-json\/wp\/v2\/categories?post=40588"},{"taxonomy":"post_tag","embeddable":true,"href":"https:\/\/blogs.diariosur.es\/tormentas-y-rayos\/wp-json\/wp\/v2\/tags?post=40588"}],"curies":[{"name":"wp","href":"https:\/\/api.w.org\/{rel}","templated":true}]}}