{"id":40602,"date":"2024-05-04T08:37:42","date_gmt":"2024-05-04T06:37:42","guid":{"rendered":"https:\/\/blogs.diariosur.es\/tormentas-y-rayos\/?p=40602"},"modified":"2024-05-05T07:24:05","modified_gmt":"2024-05-05T05:24:05","slug":"ultima-hora-de-la-prevision-del-fin-de-semana-en-malaga-el-aire-caliente-lo-notaremos-hoy-sabado-a-partir-de-las-once-de-la-noche","status":"publish","type":"post","link":"https:\/\/blogs.diariosur.es\/tormentas-y-rayos\/2024\/05\/04\/ultima-hora-de-la-prevision-del-fin-de-semana-en-malaga-el-aire-caliente-lo-notaremos-hoy-sabado-a-partir-de-las-once-de-la-noche\/","title":{"rendered":"\u00daltima hora de la previsi\u00f3n del fin de semana en M\u00e1laga. El aire caliente lo notaremos hoy s\u00e1bado a partir de las once de la noche."},"content":{"rendered":"<p><a href=\"https:\/\/static-blogs.diariosur.es\/wp-content\/uploads\/sites\/12\/2023\/10\/243418660_10223324765526342_8448445083528661051_n.jpg\"><img loading=\"lazy\" class=\"aligncenter size-thumbnail wp-image-38644\" src=\"https:\/\/static-blogs.diariosur.es\/wp-content\/uploads\/sites\/12\/2023\/10\/243418660_10223324765526342_8448445083528661051_n-150x150.jpg\" alt=\"\" width=\"150\" height=\"150\" \/><\/a><\/p>\n<p>Muy buenos d\u00edas, amigos de la meteo. Os doy la \u00faltima hora de la previsi\u00f3n del fin de semana. Hoy tendremos un buen d\u00eda de playa y de campo, no espero rachas fuertes de viento y la probabilidad de precipitaciones es del 0%. Lo m\u00e1s destacable ser\u00e1 que hay probabilidad de que entre el aire caliente en M\u00e1laga capital a partir de las once de la noche.<\/p>\n<p>La Aemet espera estas temperaturas m\u00e1ximas en la provincia de M\u00e1laga.<\/p>\n<p>&nbsp;<\/p>\n<p><a href=\"https:\/\/static-blogs.diariosur.es\/wp-content\/uploads\/sites\/12\/2024\/05\/Captura-de-pantalla-2024-05-04-075857.jpg\"><img loading=\"lazy\" class=\"aligncenter size-full wp-image-40603\" src=\"https:\/\/static-blogs.diariosur.es\/wp-content\/uploads\/sites\/12\/2024\/05\/Captura-de-pantalla-2024-05-04-075857.jpg\" alt=\"\" width=\"873\" height=\"688\" srcset=\"https:\/\/static-blogs.diariosur.es\/wp-content\/uploads\/sites\/12\/2024\/05\/Captura-de-pantalla-2024-05-04-075857.jpg 873w, https:\/\/static-blogs.diariosur.es\/wp-content\/uploads\/sites\/12\/2024\/05\/Captura-de-pantalla-2024-05-04-075857-508x400.jpg 508w, https:\/\/static-blogs.diariosur.es\/wp-content\/uploads\/sites\/12\/2024\/05\/Captura-de-pantalla-2024-05-04-075857-768x605.jpg 768w\" sizes=\"(max-width: 873px) 100vw, 873px\" \/><\/a><\/p>\n<p>&nbsp;<\/p>\n<p><strong>Ma\u00f1ana domingo<\/strong> de madrugada seguiremos notando el aire caliente, es probable que sobre las tres y cuatro de la ma\u00f1ana registremos una temperatura entre <strong>21 y 22 grados<\/strong>. El viento de terral soplar\u00e1 durante todo el domingo en las zonas habituales de la provincia. A partir de primeras horas de la tarde tomaran protagonismo las nubes altas. Hay probabilidad de rachas moderadas de viento por la tarde en la costa.<\/p>\n<p>Os pongo las temperaturas m\u00e1ximas que prev\u00e9 la Aemet. Pueden variar si hay muchas nubes altas.<\/p>\n<p>&nbsp;<\/p>\n<p><a href=\"https:\/\/static-blogs.diariosur.es\/wp-content\/uploads\/sites\/12\/2024\/05\/Captura-de-pantalla-2024-05-04-080454.jpg\"><img loading=\"lazy\" class=\"aligncenter size-full wp-image-40604\" src=\"https:\/\/static-blogs.diariosur.es\/wp-content\/uploads\/sites\/12\/2024\/05\/Captura-de-pantalla-2024-05-04-080454.jpg\" alt=\"\" width=\"861\" height=\"675\" srcset=\"https:\/\/static-blogs.diariosur.es\/wp-content\/uploads\/sites\/12\/2024\/05\/Captura-de-pantalla-2024-05-04-080454.jpg 861w, https:\/\/static-blogs.diariosur.es\/wp-content\/uploads\/sites\/12\/2024\/05\/Captura-de-pantalla-2024-05-04-080454-510x400.jpg 510w, https:\/\/static-blogs.diariosur.es\/wp-content\/uploads\/sites\/12\/2024\/05\/Captura-de-pantalla-2024-05-04-080454-768x602.jpg 768w\" sizes=\"(max-width: 861px) 100vw, 861px\" \/><\/a><\/p>\n<p>&nbsp;<\/p>\n<p><strong>Ma\u00f1ana o esta noche, pondr\u00e9 un bonito reportaje de mi amigo Nacho Mart\u00edn Almansa. Veremos el nacimiento del Rio Molinos en Ist\u00e1n, lo bonito que esta el campo y el Embalse de la Concepci\u00f3n.<\/strong><\/p>\n","protected":false},"excerpt":{"rendered":"<p>Muy buenos d\u00edas, amigos de la meteo. Os doy la \u00faltima hora de la previsi\u00f3n del fin de semana. Hoy tendremos un buen d\u00eda de playa y de campo, no espero rachas fuertes de viento y la probabilidad de precipitaciones es del 0%. Lo m\u00e1s destacable ser\u00e1 que hay probabilidad de que entre el aire [&hellip;]<\/p>\n","protected":false},"author":16,"featured_media":40605,"comment_status":"open","ping_status":"open","sticky":false,"template":"","format":"standard","meta":[],"categories":[2],"tags":[100,358,587,1914],"_links":{"self":[{"href":"https:\/\/blogs.diariosur.es\/tormentas-y-rayos\/wp-json\/wp\/v2\/posts\/40602"}],"collection":[{"href":"https:\/\/blogs.diariosur.es\/tormentas-y-rayos\/wp-json\/wp\/v2\/posts"}],"about":[{"href":"https:\/\/blogs.diariosur.es\/tormentas-y-rayos\/wp-json\/wp\/v2\/types\/post"}],"author":[{"embeddable":true,"href":"https:\/\/blogs.diariosur.es\/tormentas-y-rayos\/wp-json\/wp\/v2\/users\/16"}],"replies":[{"embeddable":true,"href":"https:\/\/blogs.diariosur.es\/tormentas-y-rayos\/wp-json\/wp\/v2\/comments?post=40602"}],"version-history":[{"count":4,"href":"https:\/\/blogs.diariosur.es\/tormentas-y-rayos\/wp-json\/wp\/v2\/posts\/40602\/revisions"}],"predecessor-version":[{"id":40619,"href":"https:\/\/blogs.diariosur.es\/tormentas-y-rayos\/wp-json\/wp\/v2\/posts\/40602\/revisions\/40619"}],"wp:featuredmedia":[{"embeddable":true,"href":"https:\/\/blogs.diariosur.es\/tormentas-y-rayos\/wp-json\/wp\/v2\/media\/40605"}],"wp:attachment":[{"href":"https:\/\/blogs.diariosur.es\/tormentas-y-rayos\/wp-json\/wp\/v2\/media?parent=40602"}],"wp:term":[{"taxonomy":"category","embeddable":true,"href":"https:\/\/blogs.diariosur.es\/tormentas-y-rayos\/wp-json\/wp\/v2\/categories?post=40602"},{"taxonomy":"post_tag","embeddable":true,"href":"https:\/\/blogs.diariosur.es\/tormentas-y-rayos\/wp-json\/wp\/v2\/tags?post=40602"}],"curies":[{"name":"wp","href":"https:\/\/api.w.org\/{rel}","templated":true}]}}