{"id":40628,"date":"2024-05-07T07:58:52","date_gmt":"2024-05-07T05:58:52","guid":{"rendered":"https:\/\/blogs.diariosur.es\/tormentas-y-rayos\/?p=40628"},"modified":"2024-05-07T07:58:52","modified_gmt":"2024-05-07T05:58:52","slug":"sobre-que-hora-cambiara-de-terral-a-levante-con-probables-rachas-fuertes-en-la-costa-de-malaga","status":"publish","type":"post","link":"https:\/\/blogs.diariosur.es\/tormentas-y-rayos\/2024\/05\/07\/sobre-que-hora-cambiara-de-terral-a-levante-con-probables-rachas-fuertes-en-la-costa-de-malaga\/","title":{"rendered":"\u00bfSobre que hora cambiar\u00e1 de terral a levante con probables rachas fuertes en la costa de M\u00e1laga?"},"content":{"rendered":"<p><a href=\"https:\/\/static-blogs.diariosur.es\/wp-content\/uploads\/sites\/12\/2023\/09\/375323357_10227521084351690_5428862938073510864_n.jpg\"><img loading=\"lazy\" class=\"aligncenter size-thumbnail wp-image-38274\" src=\"https:\/\/static-blogs.diariosur.es\/wp-content\/uploads\/sites\/12\/2023\/09\/375323357_10227521084351690_5428862938073510864_n-150x150.jpg\" alt=\"\" width=\"150\" height=\"150\" \/><\/a><\/p>\n<p>Buenos d\u00edas, amigos de la meteo. Cuando son las siete y cuarto de la ma\u00f1ana en M\u00e1laga capital, mi estaci\u00f3n registra 18,9 grados, los cielos est\u00e1n poco nubosos y sopla terral de primavera.<\/p>\n<p>Ayer lunes nuevamente registramos temperaturas m\u00e1ximas muy altas en las zonas habituales donde sopla el terral malague\u00f1o. Tambi\u00e9n tuvimos unos cielos muy bonitos y distintos, al final del post pondr\u00e9 fotos.<\/p>\n<p>Estas son las temperaturas m\u00e1ximas que se registraron ayer lunes en la provincia malague\u00f1a.<\/p>\n<p>M\u00e1laga Aeropuerto\u00a0 29\u00b0C<\/p>\n<p>Centro Meteorol\u00f3gico de M\u00e1laga 28.9\u00b0C<\/p>\n<p>M\u00e1laga Puerto 28.9\u00b0C<\/p>\n<p>Estepona 29\u00b0C<\/p>\n<p>Benahavis 28\u00b0C<\/p>\n<p>\u00c1lora 28.1 \u00b0C<\/p>\n<p>Las estaciones de Co\u00edn, Rinc\u00f3n de la Victoria y V\u00e9lez M\u00e1laga, no pongo los datos porque no est\u00e1n bien calibradas.<\/p>\n<h3><span style=\"color: #0000ff;\"><strong>\u00bfSobre que hora cambiar\u00e1 de terral a levante con probables rachas fuertes en la costa de M\u00e1laga?<\/strong><\/span><\/h3>\n<p>Seg\u00fan prev\u00e9n la mayoria de los modelos, hay probabilidad entre el tramo horario de las 10:30 a 11:30 de la ma\u00f1ana, empezando antes por la costa oriental. Este cambio entre una masa de aire seca del terral y humedad del levante, puede traer consigo rachas fuertes de viento. No confirmo la minigalerna t\u00edpica malague\u00f1a, ya sab\u00e9is como es la meteo. Yo tirare para la playa por si se da, para hacer un video y fotos.<\/p>\n<p>Lo bueno es que hoy no tendremos las temperaturas tan altas de estos dos d\u00edas pasados, y sobre todo que bajar\u00e1 la concentraci\u00f3n del polen del olivo en la costa malague\u00f1a, los que somos al\u00e9rgicos lo hemos pasado muy mal. Yo, los d\u00edas que hay mucha alergia al olivo, me pongo la mascarilla y unas gafas de sol y me va muy bien.<\/p>\n<p>Os pongo una foto del a\u00f1o pasado que hizo Migue Fern\u00e1ndez en compa\u00f1\u00eda de mi amigo Ignacio Lillo en el Palo. Fue el 30 de junio, ese dia en algunos puntos las rachas fueron de 50 km\/h.<\/p>\n<p>&nbsp;<\/p>\n<p><a href=\"https:\/\/static-blogs.diariosur.es\/wp-content\/uploads\/sites\/12\/2024\/05\/440409818_10228795550212540_6685622809769538099_n.jpg\"><img loading=\"lazy\" class=\"aligncenter size-full wp-image-40641\" src=\"https:\/\/static-blogs.diariosur.es\/wp-content\/uploads\/sites\/12\/2024\/05\/440409818_10228795550212540_6685622809769538099_n.jpg\" alt=\"\" width=\"758\" height=\"531\" srcset=\"https:\/\/static-blogs.diariosur.es\/wp-content\/uploads\/sites\/12\/2024\/05\/440409818_10228795550212540_6685622809769538099_n.jpg 758w, https:\/\/static-blogs.diariosur.es\/wp-content\/uploads\/sites\/12\/2024\/05\/440409818_10228795550212540_6685622809769538099_n-571x400.jpg 571w\" sizes=\"(max-width: 758px) 100vw, 758px\" \/><\/a><\/p>\n<p>&nbsp;<\/p>\n<p>A continuaci\u00f3n os pongo los cielos que tuvimos ayer desde por la ma\u00f1ana, hasta por la tarde. La primera foto es un altostratus opacus, la segunda foto altostratus mamma, la tercera lenticularis y la \u00faltima un cielo azul limpio de contaminaci\u00f3n. Nos vemos ma\u00f1ana<\/p>\n<p>&nbsp;<\/p>\n<p><a href=\"https:\/\/static-blogs.diariosur.es\/wp-content\/uploads\/sites\/12\/2024\/05\/1-e1715057381417.jpg\"><img loading=\"lazy\" class=\"aligncenter size-full wp-image-40642\" src=\"https:\/\/static-blogs.diariosur.es\/wp-content\/uploads\/sites\/12\/2024\/05\/1-e1715057381417.jpg\" alt=\"\" width=\"1200\" height=\"900\" \/><\/a><\/p>\n<p>&nbsp;<\/p>\n<p><a href=\"https:\/\/static-blogs.diariosur.es\/wp-content\/uploads\/sites\/12\/2024\/05\/441871207_10228793849210016_7934382214723297683_n-e1715057565673.jpg\"><img loading=\"lazy\" class=\"aligncenter size-full wp-image-40643\" src=\"https:\/\/static-blogs.diariosur.es\/wp-content\/uploads\/sites\/12\/2024\/05\/441871207_10228793849210016_7934382214723297683_n-e1715057565673.jpg\" alt=\"\" width=\"1200\" height=\"772\" \/><\/a><\/p>\n<p>&nbsp;<\/p>\n<p><a href=\"https:\/\/static-blogs.diariosur.es\/wp-content\/uploads\/sites\/12\/2024\/05\/441938956_10228793849890033_4407606386066261092_n-e1715057606630.jpg\"><img loading=\"lazy\" class=\"aligncenter size-full wp-image-40646\" src=\"https:\/\/static-blogs.diariosur.es\/wp-content\/uploads\/sites\/12\/2024\/05\/441938956_10228793849890033_4407606386066261092_n-e1715057606630.jpg\" alt=\"\" width=\"1200\" height=\"900\" \/><\/a><\/p>\n<p>&nbsp;<\/p>\n<p><a href=\"https:\/\/static-blogs.diariosur.es\/wp-content\/uploads\/sites\/12\/2024\/05\/441337815_10228793850090038_5107470885949994701_n-e1715057714409.jpg\"><img loading=\"lazy\" class=\"aligncenter size-full wp-image-40647\" src=\"https:\/\/static-blogs.diariosur.es\/wp-content\/uploads\/sites\/12\/2024\/05\/441337815_10228793850090038_5107470885949994701_n-e1715057714409.jpg\" alt=\"\" width=\"1200\" height=\"900\" \/><\/a><\/p>\n<p>m}~\u263b<\/p>\n","protected":false},"excerpt":{"rendered":"<p>Buenos d\u00edas, amigos de la meteo. Cuando son las siete y cuarto de la ma\u00f1ana en M\u00e1laga capital, mi estaci\u00f3n registra 18,9 grados, los cielos est\u00e1n poco nubosos y sopla terral de primavera. Ayer lunes nuevamente registramos temperaturas m\u00e1ximas muy altas en las zonas habituales donde sopla el terral malague\u00f1o. Tambi\u00e9n tuvimos unos cielos muy [&hellip;]<\/p>\n","protected":false},"author":16,"featured_media":40641,"comment_status":"open","ping_status":"open","sticky":false,"template":"","format":"standard","meta":[],"categories":[2],"tags":[358,587,658,800,975],"_links":{"self":[{"href":"https:\/\/blogs.diariosur.es\/tormentas-y-rayos\/wp-json\/wp\/v2\/posts\/40628"}],"collection":[{"href":"https:\/\/blogs.diariosur.es\/tormentas-y-rayos\/wp-json\/wp\/v2\/posts"}],"about":[{"href":"https:\/\/blogs.diariosur.es\/tormentas-y-rayos\/wp-json\/wp\/v2\/types\/post"}],"author":[{"embeddable":true,"href":"https:\/\/blogs.diariosur.es\/tormentas-y-rayos\/wp-json\/wp\/v2\/users\/16"}],"replies":[{"embeddable":true,"href":"https:\/\/blogs.diariosur.es\/tormentas-y-rayos\/wp-json\/wp\/v2\/comments?post=40628"}],"version-history":[{"count":13,"href":"https:\/\/blogs.diariosur.es\/tormentas-y-rayos\/wp-json\/wp\/v2\/posts\/40628\/revisions"}],"predecessor-version":[{"id":40650,"href":"https:\/\/blogs.diariosur.es\/tormentas-y-rayos\/wp-json\/wp\/v2\/posts\/40628\/revisions\/40650"}],"wp:featuredmedia":[{"embeddable":true,"href":"https:\/\/blogs.diariosur.es\/tormentas-y-rayos\/wp-json\/wp\/v2\/media\/40641"}],"wp:attachment":[{"href":"https:\/\/blogs.diariosur.es\/tormentas-y-rayos\/wp-json\/wp\/v2\/media?parent=40628"}],"wp:term":[{"taxonomy":"category","embeddable":true,"href":"https:\/\/blogs.diariosur.es\/tormentas-y-rayos\/wp-json\/wp\/v2\/categories?post=40628"},{"taxonomy":"post_tag","embeddable":true,"href":"https:\/\/blogs.diariosur.es\/tormentas-y-rayos\/wp-json\/wp\/v2\/tags?post=40628"}],"curies":[{"name":"wp","href":"https:\/\/api.w.org\/{rel}","templated":true}]}}