{"id":40651,"date":"2024-05-08T07:55:12","date_gmt":"2024-05-08T05:55:12","guid":{"rendered":"https:\/\/blogs.diariosur.es\/tormentas-y-rayos\/?p=40651"},"modified":"2024-05-08T20:25:00","modified_gmt":"2024-05-08T18:25:00","slug":"el-tiempo-en-malaga-os-doy-una-buena-y-una-mala-noticia-video-de-la-minigalerna-malaguena","status":"publish","type":"post","link":"https:\/\/blogs.diariosur.es\/tormentas-y-rayos\/2024\/05\/08\/el-tiempo-en-malaga-os-doy-una-buena-y-una-mala-noticia-video-de-la-minigalerna-malaguena\/","title":{"rendered":"El tiempo en M\u00e1laga. Os doy una buena y una mala noticia. Video de la minigalerna malague\u00f1a."},"content":{"rendered":"<p><a href=\"https:\/\/static-blogs.diariosur.es\/wp-content\/uploads\/sites\/12\/2024\/02\/379337914_10227628075666406_6248628726251100327_n.jpg\"><img loading=\"lazy\" class=\"aligncenter size-thumbnail wp-image-39879\" src=\"https:\/\/static-blogs.diariosur.es\/wp-content\/uploads\/sites\/12\/2024\/02\/379337914_10227628075666406_6248628726251100327_n-150x150.jpg\" alt=\"\" width=\"150\" height=\"150\" \/><\/a><\/p>\n<p>Buenos d\u00edas, amigos de la meteo. Cuando son las siete menos cuarto de la ma\u00f1ana en M\u00e1laga capital, el aeropuerto registra 14.9\u00baC, los cielos est\u00e1n muy nubosos pero se ir\u00e1n despejando. Dentro de unas horas el levante tomar\u00e1 protagonismo en toda la costa malague\u00f1a con rachas flojas a moderadas, en las comarcas de Ronda y Antequera ser\u00e1n m\u00e1s fuertes. Las temperaturas m\u00e1ximas rondaran en la provincia entre los 21 y 25 grados, d\u00e1ndose las m\u00e1s altas en la comarca de Antequera.<\/p>\n<p>Ayer se cumpli\u00f3 la minigalerna a la hora prevista, a las 10:50 de la ma\u00f1ana el Aeropuerto registro una racha de casi 60 km\/h.<\/p>\n<p>Os paso el grafico de viento de la estaci\u00f3n de la aemet del Aeropuerto.<\/p>\n<p>&nbsp;<\/p>\n<p><a href=\"https:\/\/static-blogs.diariosur.es\/wp-content\/uploads\/sites\/12\/2024\/05\/Captura-de-pantalla-2024-05-08-064102-e1715144119159.jpg\"><img loading=\"lazy\" class=\"aligncenter size-full wp-image-40652\" src=\"https:\/\/static-blogs.diariosur.es\/wp-content\/uploads\/sites\/12\/2024\/05\/Captura-de-pantalla-2024-05-08-064102-e1715144119159.jpg\" alt=\"\" width=\"1100\" height=\"522\" \/><\/a><\/p>\n<p>Yo me fui al espig\u00f3n de la t\u00e9rmica para verla venir y grabarla. Cuando se acerca el cambio de viento se ve perfectamente, primeramente el mar cambia de color y se ven pa\u00f1uelitos en alta mar y sobre todo nubes bajas que entran desde la costa oriental malague\u00f1a.<\/p>\n<p>Os paso una foto unos minutos antes de que llegar\u00e1 la minigalerna y el video de cuando entro.<\/p>\n<p>&nbsp;<\/p>\n<p><a href=\"https:\/\/static-blogs.diariosur.es\/wp-content\/uploads\/sites\/12\/2024\/05\/440441861_10228800870345540_2967564635386305233_n.jpg\"><img loading=\"lazy\" class=\"aligncenter size-full wp-image-40653\" src=\"https:\/\/static-blogs.diariosur.es\/wp-content\/uploads\/sites\/12\/2024\/05\/440441861_10228800870345540_2967564635386305233_n.jpg\" alt=\"\" width=\"960\" height=\"720\" srcset=\"https:\/\/static-blogs.diariosur.es\/wp-content\/uploads\/sites\/12\/2024\/05\/440441861_10228800870345540_2967564635386305233_n.jpg 960w, https:\/\/static-blogs.diariosur.es\/wp-content\/uploads\/sites\/12\/2024\/05\/440441861_10228800870345540_2967564635386305233_n-533x400.jpg 533w, https:\/\/static-blogs.diariosur.es\/wp-content\/uploads\/sites\/12\/2024\/05\/440441861_10228800870345540_2967564635386305233_n-768x576.jpg 768w\" sizes=\"(max-width: 960px) 100vw, 960px\" \/><\/a><\/p>\n<p>&nbsp;<\/p>\n<p><iframe loading=\"lazy\" title=\"YouTube video player\" src=\"https:\/\/www.youtube.com\/embed\/fe5fMW1qGPw?si=VlHblad39iaUTqjK\" width=\"560\" height=\"315\" frameborder=\"0\" allowfullscreen=\"allowfullscreen\"><\/iframe><\/p>\n<p>&nbsp;<\/p>\n<p>Ahora os doy la buena noticia, sobre todo para los que somos al\u00e9rgicos al polen del olivo. Desde hoy mi\u00e9rcoles y hasta el domingo el viento de levante estar\u00e1 con nosotros, con lo cual tendremos menos estornudos y picor en los ojos. Lo que pase a partir del lunes 13 puede ser una <span style=\"color: #ff0000;\"><strong>mala noticia<\/strong><\/span>, lo iremos viendo si entra terral.<\/p>\n<p>Os dejo con esta bonita foto de mi amigo Crist\u00f3bal Gambero. Precioso mes de mayo.<\/p>\n<p>&nbsp;<\/p>\n<p><a href=\"https:\/\/static-blogs.diariosur.es\/wp-content\/uploads\/sites\/12\/2024\/05\/439276867_7423913554324241_1049787867345694094_n.jpg\"><img loading=\"lazy\" class=\"aligncenter size-full wp-image-40654\" src=\"https:\/\/static-blogs.diariosur.es\/wp-content\/uploads\/sites\/12\/2024\/05\/439276867_7423913554324241_1049787867345694094_n.jpg\" alt=\"\" width=\"1200\" height=\"675\" srcset=\"https:\/\/static-blogs.diariosur.es\/wp-content\/uploads\/sites\/12\/2024\/05\/439276867_7423913554324241_1049787867345694094_n.jpg 1200w, https:\/\/static-blogs.diariosur.es\/wp-content\/uploads\/sites\/12\/2024\/05\/439276867_7423913554324241_1049787867345694094_n-640x360.jpg 640w, https:\/\/static-blogs.diariosur.es\/wp-content\/uploads\/sites\/12\/2024\/05\/439276867_7423913554324241_1049787867345694094_n-768x432.jpg 768w\" sizes=\"(max-width: 1200px) 100vw, 1200px\" \/><\/a><\/p>\n<p>&nbsp;<\/p>\n","protected":false},"excerpt":{"rendered":"<p>Buenos d\u00edas, amigos de la meteo. Cuando son las siete menos cuarto de la ma\u00f1ana en M\u00e1laga capital, el aeropuerto registra 14.9\u00baC, los cielos est\u00e1n muy nubosos pero se ir\u00e1n despejando. Dentro de unas horas el levante tomar\u00e1 protagonismo en toda la costa malague\u00f1a con rachas flojas a moderadas, en las comarcas de Ronda y [&hellip;]<\/p>\n","protected":false},"author":16,"featured_media":40654,"comment_status":"open","ping_status":"open","sticky":false,"template":"","format":"standard","meta":[],"categories":[2],"tags":[94,100,151,212,358,553,587,1919,800],"_links":{"self":[{"href":"https:\/\/blogs.diariosur.es\/tormentas-y-rayos\/wp-json\/wp\/v2\/posts\/40651"}],"collection":[{"href":"https:\/\/blogs.diariosur.es\/tormentas-y-rayos\/wp-json\/wp\/v2\/posts"}],"about":[{"href":"https:\/\/blogs.diariosur.es\/tormentas-y-rayos\/wp-json\/wp\/v2\/types\/post"}],"author":[{"embeddable":true,"href":"https:\/\/blogs.diariosur.es\/tormentas-y-rayos\/wp-json\/wp\/v2\/users\/16"}],"replies":[{"embeddable":true,"href":"https:\/\/blogs.diariosur.es\/tormentas-y-rayos\/wp-json\/wp\/v2\/comments?post=40651"}],"version-history":[{"count":4,"href":"https:\/\/blogs.diariosur.es\/tormentas-y-rayos\/wp-json\/wp\/v2\/posts\/40651\/revisions"}],"predecessor-version":[{"id":40658,"href":"https:\/\/blogs.diariosur.es\/tormentas-y-rayos\/wp-json\/wp\/v2\/posts\/40651\/revisions\/40658"}],"wp:featuredmedia":[{"embeddable":true,"href":"https:\/\/blogs.diariosur.es\/tormentas-y-rayos\/wp-json\/wp\/v2\/media\/40654"}],"wp:attachment":[{"href":"https:\/\/blogs.diariosur.es\/tormentas-y-rayos\/wp-json\/wp\/v2\/media?parent=40651"}],"wp:term":[{"taxonomy":"category","embeddable":true,"href":"https:\/\/blogs.diariosur.es\/tormentas-y-rayos\/wp-json\/wp\/v2\/categories?post=40651"},{"taxonomy":"post_tag","embeddable":true,"href":"https:\/\/blogs.diariosur.es\/tormentas-y-rayos\/wp-json\/wp\/v2\/tags?post=40651"}],"curies":[{"name":"wp","href":"https:\/\/api.w.org\/{rel}","templated":true}]}}