{"id":40678,"date":"2024-05-11T11:31:32","date_gmt":"2024-05-11T09:31:32","guid":{"rendered":"https:\/\/blogs.diariosur.es\/tormentas-y-rayos\/?p=40678"},"modified":"2024-05-11T11:31:32","modified_gmt":"2024-05-11T09:31:32","slug":"os-aconsejo-mascarilla-y-gafas-de-sol-la-semana-que-viene-impresionante-candilazo-en-malaga-fotos-y-videos-de-nany-lavado","status":"publish","type":"post","link":"https:\/\/blogs.diariosur.es\/tormentas-y-rayos\/2024\/05\/11\/os-aconsejo-mascarilla-y-gafas-de-sol-la-semana-que-viene-impresionante-candilazo-en-malaga-fotos-y-videos-de-nany-lavado\/","title":{"rendered":"Os aconsejo mascarilla y gafas de sol la semana que viene. Impresionante candilazo en M\u00e1laga fotos y v\u00eddeos de Nany Lavado"},"content":{"rendered":"<p><a href=\"https:\/\/static-blogs.diariosur.es\/wp-content\/uploads\/sites\/12\/2023\/06\/66505616_10216972270637940_5684453640765440_n.jpg\"><img loading=\"lazy\" class=\"aligncenter size-thumbnail wp-image-37348\" src=\"https:\/\/static-blogs.diariosur.es\/wp-content\/uploads\/sites\/12\/2023\/06\/66505616_10216972270637940_5684453640765440_n-150x150.jpg\" alt=\"\" width=\"150\" height=\"150\" srcset=\"https:\/\/static-blogs.diariosur.es\/wp-content\/uploads\/sites\/12\/2023\/06\/66505616_10216972270637940_5684453640765440_n-150x150.jpg 150w, https:\/\/static-blogs.diariosur.es\/wp-content\/uploads\/sites\/12\/2023\/06\/66505616_10216972270637940_5684453640765440_n-400x400.jpg 400w, https:\/\/static-blogs.diariosur.es\/wp-content\/uploads\/sites\/12\/2023\/06\/66505616_10216972270637940_5684453640765440_n.jpg 768w\" sizes=\"(max-width: 150px) 100vw, 150px\" \/><\/a><\/p>\n<p>Muy buenos d\u00edas, amigos de la meteo. Espectacular tarde que tuvimos ayer en toda la provincia de M\u00e1laga. Las cortinas de precipitaci\u00f3n y la puesta de sol dieron magia a los cielos malague\u00f1os. Os pongo un video y unas fotos que hice desde casa y a continuaci\u00f3n dos fotones de Nany Lavado desde el Parador de Gibralfaro y os comento lo de la mascarilla.<\/p>\n<p>&nbsp;<\/p>\n<p><iframe loading=\"lazy\" title=\"YouTube video player\" src=\"https:\/\/www.youtube.com\/embed\/uPa03mXUdlA?si=lTCG0DKnDXGsxla6\" width=\"560\" height=\"315\" frameborder=\"0\" allowfullscreen=\"allowfullscreen\"><\/iframe><\/p>\n<p>&nbsp;<\/p>\n<p><a href=\"https:\/\/static-blogs.diariosur.es\/wp-content\/uploads\/sites\/12\/2024\/05\/DSC5034-e1715418695360.jpg\"><img loading=\"lazy\" class=\"aligncenter size-full wp-image-40680\" src=\"https:\/\/static-blogs.diariosur.es\/wp-content\/uploads\/sites\/12\/2024\/05\/DSC5034-e1715418695360.jpg\" alt=\"\" width=\"1200\" height=\"800\" \/><\/a><\/p>\n<p>&nbsp;<\/p>\n<p><a href=\"https:\/\/static-blogs.diariosur.es\/wp-content\/uploads\/sites\/12\/2024\/05\/DSC5036-e1715418723206.jpg\"><img loading=\"lazy\" class=\"aligncenter size-full wp-image-40681\" src=\"https:\/\/static-blogs.diariosur.es\/wp-content\/uploads\/sites\/12\/2024\/05\/DSC5036-e1715418723206.jpg\" alt=\"\" width=\"1200\" height=\"800\" \/><\/a><\/p>\n<p>&nbsp;<\/p>\n<p>Fotos Nany Lavado<\/p>\n<p>&nbsp;<\/p>\n<p><a href=\"https:\/\/static-blogs.diariosur.es\/wp-content\/uploads\/sites\/12\/2024\/05\/441315972_10228815080420783_8504062482892921637_n-1.jpg\"><img loading=\"lazy\" class=\"aligncenter size-full wp-image-40683\" src=\"https:\/\/static-blogs.diariosur.es\/wp-content\/uploads\/sites\/12\/2024\/05\/441315972_10228815080420783_8504062482892921637_n-1.jpg\" alt=\"\" width=\"1200\" height=\"750\" srcset=\"https:\/\/static-blogs.diariosur.es\/wp-content\/uploads\/sites\/12\/2024\/05\/441315972_10228815080420783_8504062482892921637_n-1.jpg 1200w, https:\/\/static-blogs.diariosur.es\/wp-content\/uploads\/sites\/12\/2024\/05\/441315972_10228815080420783_8504062482892921637_n-1-640x400.jpg 640w, https:\/\/static-blogs.diariosur.es\/wp-content\/uploads\/sites\/12\/2024\/05\/441315972_10228815080420783_8504062482892921637_n-1-768x480.jpg 768w\" sizes=\"(max-width: 1200px) 100vw, 1200px\" \/><\/a><\/p>\n<p>&nbsp;<\/p>\n<p><a href=\"https:\/\/static-blogs.diariosur.es\/wp-content\/uploads\/sites\/12\/2024\/05\/440419368_10228815080660789_6900919283758313374_n.jpg\"><img loading=\"lazy\" class=\"aligncenter size-full wp-image-40684\" src=\"https:\/\/static-blogs.diariosur.es\/wp-content\/uploads\/sites\/12\/2024\/05\/440419368_10228815080660789_6900919283758313374_n.jpg\" alt=\"\" width=\"1200\" height=\"801\" srcset=\"https:\/\/static-blogs.diariosur.es\/wp-content\/uploads\/sites\/12\/2024\/05\/440419368_10228815080660789_6900919283758313374_n.jpg 1200w, https:\/\/static-blogs.diariosur.es\/wp-content\/uploads\/sites\/12\/2024\/05\/440419368_10228815080660789_6900919283758313374_n-599x400.jpg 599w, https:\/\/static-blogs.diariosur.es\/wp-content\/uploads\/sites\/12\/2024\/05\/440419368_10228815080660789_6900919283758313374_n-768x513.jpg 768w\" sizes=\"(max-width: 1200px) 100vw, 1200px\" \/><\/a><\/p>\n<p>&nbsp;<\/p>\n<h3><span style=\"color: #ff0000;\"><strong>Os aconsejo mascarilla y gafas de sol la semana que viene.\u00a0<\/strong><\/span><\/h3>\n<p>&nbsp;<\/p>\n<p><a href=\"https:\/\/static-blogs.diariosur.es\/wp-content\/uploads\/sites\/12\/2024\/05\/441413778_10228815035659664_5632858913726187107_n.jpg\"><img loading=\"lazy\" class=\"aligncenter size-full wp-image-40679\" src=\"https:\/\/static-blogs.diariosur.es\/wp-content\/uploads\/sites\/12\/2024\/05\/441413778_10228815035659664_5632858913726187107_n.jpg\" alt=\"\" width=\"1200\" height=\"901\" srcset=\"https:\/\/static-blogs.diariosur.es\/wp-content\/uploads\/sites\/12\/2024\/05\/441413778_10228815035659664_5632858913726187107_n.jpg 1200w, https:\/\/static-blogs.diariosur.es\/wp-content\/uploads\/sites\/12\/2024\/05\/441413778_10228815035659664_5632858913726187107_n-533x400.jpg 533w, https:\/\/static-blogs.diariosur.es\/wp-content\/uploads\/sites\/12\/2024\/05\/441413778_10228815035659664_5632858913726187107_n-768x577.jpg 768w\" sizes=\"(max-width: 1200px) 100vw, 1200px\" \/><\/a><\/p>\n<p>&nbsp;<\/p>\n<p>La semana que viene es muy probable que tengamos 3 o 4 d\u00edas de terral, con lo cual, el polen del olivo tendr\u00e1 una concentraci\u00f3n alt\u00edsima. Los que estamos en la costa, cuando sopla levante, la alergia nos da un respiro. Yo, la padezco y hace unos d\u00edas cuando tuvimos terral me la puse y tambi\u00e9n unas gafas de sol.<\/p>\n<p>Ma\u00f1ana domingo, nuevamente actualizar\u00e9 el blog para comentaros a que hora entra el lunes el terral en las zonas habituales de la provincia, m\u00e1ximas que podemos alcanzar y cuanto d\u00edas tendremos.<\/p>\n<p>Hasta\u00a0 ma\u00f1ana.<\/p>\n<p>&nbsp;<\/p>\n<p>&nbsp;<\/p>\n<p>&nbsp;<\/p>\n<p><a href=\"https:\/\/static-blogs.diariosur.es\/wp-content\/uploads\/sites\/12\/2022\/05\/279894020_10224479518274439_6786283344886568020_n-horz.jpg\"><img loading=\"lazy\" class=\"aligncenter size-full wp-image-33325\" src=\"https:\/\/static-blogs.diariosur.es\/wp-content\/uploads\/sites\/12\/2022\/05\/279894020_10224479518274439_6786283344886568020_n-horz.jpg\" alt=\"\" width=\"1176\" height=\"441\" srcset=\"https:\/\/static-blogs.diariosur.es\/wp-content\/uploads\/sites\/12\/2022\/05\/279894020_10224479518274439_6786283344886568020_n-horz.jpg 1176w, https:\/\/static-blogs.diariosur.es\/wp-content\/uploads\/sites\/12\/2022\/05\/279894020_10224479518274439_6786283344886568020_n-horz-640x240.jpg 640w, https:\/\/static-blogs.diariosur.es\/wp-content\/uploads\/sites\/12\/2022\/05\/279894020_10224479518274439_6786283344886568020_n-horz-768x288.jpg 768w\" sizes=\"(max-width: 1176px) 100vw, 1176px\" \/><\/a><\/p>\n","protected":false},"excerpt":{"rendered":"<p>Muy buenos d\u00edas, amigos de la meteo. Espectacular tarde que tuvimos ayer en toda la provincia de M\u00e1laga. Las cortinas de precipitaci\u00f3n y la puesta de sol dieron magia a los cielos malague\u00f1os. Os pongo un video y unas fotos que hice desde casa y a continuaci\u00f3n dos fotones de Nany Lavado desde el Parador [&hellip;]<\/p>\n","protected":false},"author":16,"featured_media":40679,"comment_status":"open","ping_status":"open","sticky":false,"template":"","format":"standard","meta":[],"categories":[2],"tags":[62,220,358,1928,587,1927,924,975],"_links":{"self":[{"href":"https:\/\/blogs.diariosur.es\/tormentas-y-rayos\/wp-json\/wp\/v2\/posts\/40678"}],"collection":[{"href":"https:\/\/blogs.diariosur.es\/tormentas-y-rayos\/wp-json\/wp\/v2\/posts"}],"about":[{"href":"https:\/\/blogs.diariosur.es\/tormentas-y-rayos\/wp-json\/wp\/v2\/types\/post"}],"author":[{"embeddable":true,"href":"https:\/\/blogs.diariosur.es\/tormentas-y-rayos\/wp-json\/wp\/v2\/users\/16"}],"replies":[{"embeddable":true,"href":"https:\/\/blogs.diariosur.es\/tormentas-y-rayos\/wp-json\/wp\/v2\/comments?post=40678"}],"version-history":[{"count":1,"href":"https:\/\/blogs.diariosur.es\/tormentas-y-rayos\/wp-json\/wp\/v2\/posts\/40678\/revisions"}],"predecessor-version":[{"id":40685,"href":"https:\/\/blogs.diariosur.es\/tormentas-y-rayos\/wp-json\/wp\/v2\/posts\/40678\/revisions\/40685"}],"wp:featuredmedia":[{"embeddable":true,"href":"https:\/\/blogs.diariosur.es\/tormentas-y-rayos\/wp-json\/wp\/v2\/media\/40679"}],"wp:attachment":[{"href":"https:\/\/blogs.diariosur.es\/tormentas-y-rayos\/wp-json\/wp\/v2\/media?parent=40678"}],"wp:term":[{"taxonomy":"category","embeddable":true,"href":"https:\/\/blogs.diariosur.es\/tormentas-y-rayos\/wp-json\/wp\/v2\/categories?post=40678"},{"taxonomy":"post_tag","embeddable":true,"href":"https:\/\/blogs.diariosur.es\/tormentas-y-rayos\/wp-json\/wp\/v2\/tags?post=40678"}],"curies":[{"name":"wp","href":"https:\/\/api.w.org\/{rel}","templated":true}]}}