{"id":40686,"date":"2024-05-12T08:21:11","date_gmt":"2024-05-12T06:21:11","guid":{"rendered":"https:\/\/blogs.diariosur.es\/tormentas-y-rayos\/?p=40686"},"modified":"2024-05-12T08:37:54","modified_gmt":"2024-05-12T06:37:54","slug":"cuando-empieza-el-terral-y-cuanto-durara-en-la-provincia-de-malaga","status":"publish","type":"post","link":"https:\/\/blogs.diariosur.es\/tormentas-y-rayos\/2024\/05\/12\/cuando-empieza-el-terral-y-cuanto-durara-en-la-provincia-de-malaga\/","title":{"rendered":"\u00bfCu\u00e1ndo empieza el terral y cuanto durar\u00e1 en la provincia de M\u00e1laga?"},"content":{"rendered":"<p><a href=\"https:\/\/static-blogs.diariosur.es\/wp-content\/uploads\/sites\/12\/2023\/10\/243418660_10223324765526342_8448445083528661051_n.jpg\"><img loading=\"lazy\" class=\"aligncenter size-thumbnail wp-image-38644\" src=\"https:\/\/static-blogs.diariosur.es\/wp-content\/uploads\/sites\/12\/2023\/10\/243418660_10223324765526342_8448445083528661051_n-150x150.jpg\" alt=\"\" width=\"150\" height=\"150\" \/><\/a><\/p>\n<p>Buenos d\u00edas, amigos de la meteo. Cuando son las siete de la ma\u00f1ana en M\u00e1laga capital, el Centro Meteorol\u00f3gico registra 12.9\u00baC, los cielos est\u00e1n poco nubosos y el viento sopla flojo de direcci\u00f3n variable. Hoy podremos disfrutar de la playa y el campo.<\/p>\n<p>Ayer seguimos con calor en muchos puntos de nuestra comunidad, os paso algunas temperaturas m\u00e1ximas que se registraron. En la provincia de M\u00e1laga fueron m\u00e1s primaverales.<\/p>\n<p>M\u00e1laga Aeropuerto 24.5\u00baC<\/p>\n<p>Antequera 25.1\u00baC<\/p>\n<p>Ronda 26.5\u00baC<\/p>\n<p>Granada Aeropuerto 32.6\u00baC<\/p>\n<p>C\u00f3rdoba Aeropuerto 32.7\u00baC<\/p>\n<p>Sevilla Aeropuerto 31.3\u00baC<\/p>\n<p>Jerez de la frontera 30.6\u00baC<\/p>\n<p>Ja\u00e9n 29.2\u00baC<\/p>\n<p>Almer\u00eda Aeropuerto 27.9\u00baC<\/p>\n<p>Mor\u00f3n de la Frontera 31.3\u00baC<\/p>\n<p>Huelva 28.1\u00baC<\/p>\n<p>\u00c9cija\u00a0 32.5\u00baC<\/p>\n<p>And\u00fajar 31.7\u00baC<\/p>\n<p>Montoro 32.9\u00a0\u00baC<\/p>\n<p>El Granado Huelva 32.7\u00baC<\/p>\n<h3><span style=\"color: #ff0000;\"><strong>\u00bfCu\u00e1ndo empieza el terral y cuanto durar\u00e1 en la provincia de M\u00e1laga?<\/strong><\/span><\/h3>\n<p>Ma\u00f1ana lunes, la probabilidad de que entre el terral en las zonas habituales ser\u00e1 a partir de \u00faltima hora de la tarde. En la capital lo espero a \u00faltima hora de la noche o madrugada del martes.<\/p>\n<p>Entrara primeramente por la zona de Estepona, luego Valle del Guadalhorce y como he comentado anteriormente, en la capital a \u00faltima hora de la noche o primera hora de la madrugada del martes.<\/p>\n<p>Es muy probable que tengamos terral y poniente hasta jueves e incluso el viernes, algunos d\u00edas soplar\u00e1 con rachas de moderadas a fuertes.<\/p>\n<p><strong>La buena noticia es que no se esperan temperaturas m\u00e1ximas muy altas y m\u00ednimas tampoco, esto se deber\u00e1 a que tendremos una masa de aire fresca en altura en la pen\u00ednsula. <\/strong><\/p>\n<p>En las dem\u00e1s zonas donde no entra el terral, tendr\u00e1n temperaturas m\u00ednimas fresquitas, sobre todo a partir del mi\u00e9rcoles.<\/p>\n<p>Lo malo, como os comente ayer, la concentraci\u00f3n de polen del olivo ser\u00e1 alt\u00edsima. <a href=\"https:\/\/blogs.diariosur.es\/tormentas-y-rayos\/2024\/05\/11\/os-aconsejo-mascarilla-y-gafas-de-sol-la-semana-que-viene-impresionante-candilazo-en-malaga-fotos-y-videos-de-nany-lavado\/\"><strong>Recomiendo mascarilla y gafas de sol a los al\u00e9rgicos al polen del olivo.<\/strong><\/a><\/p>\n<p>Otra cosilla que se me olvidaba, veremos mariquitas (<b>Coccinellidae<\/b>) algunos d\u00edas debido al viento. No la mat\u00e9is, se alimentan de pulgones, por lo que contribuyen a controlar estas plagas.<\/p>\n<p>Foto Jose Luis Escudero<\/p>\n<p>&nbsp;<\/p>\n<p><a href=\"https:\/\/static-blogs.diariosur.es\/wp-content\/uploads\/sites\/12\/2024\/05\/4614726592_3a286cb73a_o.jpg\"><img loading=\"lazy\" class=\"size-full wp-image-40693\" src=\"https:\/\/static-blogs.diariosur.es\/wp-content\/uploads\/sites\/12\/2024\/05\/4614726592_3a286cb73a_o.jpg\" alt=\"\" width=\"600\" height=\"828\" srcset=\"https:\/\/static-blogs.diariosur.es\/wp-content\/uploads\/sites\/12\/2024\/05\/4614726592_3a286cb73a_o.jpg 600w, https:\/\/static-blogs.diariosur.es\/wp-content\/uploads\/sites\/12\/2024\/05\/4614726592_3a286cb73a_o-290x400.jpg 290w\" sizes=\"(max-width: 600px) 100vw, 600px\" \/><\/a><\/p>\n<p>&nbsp;<\/p>\n<p>&nbsp;<\/p>\n<p><strong>\u00a0<\/strong><\/p>\n<p>&nbsp;<\/p>\n","protected":false},"excerpt":{"rendered":"<p>Buenos d\u00edas, amigos de la meteo. Cuando son las siete de la ma\u00f1ana en M\u00e1laga capital, el Centro Meteorol\u00f3gico registra 12.9\u00baC, los cielos est\u00e1n poco nubosos y el viento sopla flojo de direcci\u00f3n variable. Hoy podremos disfrutar de la playa y el campo. Ayer seguimos con calor en muchos puntos de nuestra comunidad, os paso [&hellip;]<\/p>\n","protected":false},"author":16,"featured_media":40693,"comment_status":"open","ping_status":"open","sticky":false,"template":"","format":"standard","meta":[],"categories":[2],"tags":[358,587,791,975],"_links":{"self":[{"href":"https:\/\/blogs.diariosur.es\/tormentas-y-rayos\/wp-json\/wp\/v2\/posts\/40686"}],"collection":[{"href":"https:\/\/blogs.diariosur.es\/tormentas-y-rayos\/wp-json\/wp\/v2\/posts"}],"about":[{"href":"https:\/\/blogs.diariosur.es\/tormentas-y-rayos\/wp-json\/wp\/v2\/types\/post"}],"author":[{"embeddable":true,"href":"https:\/\/blogs.diariosur.es\/tormentas-y-rayos\/wp-json\/wp\/v2\/users\/16"}],"replies":[{"embeddable":true,"href":"https:\/\/blogs.diariosur.es\/tormentas-y-rayos\/wp-json\/wp\/v2\/comments?post=40686"}],"version-history":[{"count":8,"href":"https:\/\/blogs.diariosur.es\/tormentas-y-rayos\/wp-json\/wp\/v2\/posts\/40686\/revisions"}],"predecessor-version":[{"id":40695,"href":"https:\/\/blogs.diariosur.es\/tormentas-y-rayos\/wp-json\/wp\/v2\/posts\/40686\/revisions\/40695"}],"wp:featuredmedia":[{"embeddable":true,"href":"https:\/\/blogs.diariosur.es\/tormentas-y-rayos\/wp-json\/wp\/v2\/media\/40693"}],"wp:attachment":[{"href":"https:\/\/blogs.diariosur.es\/tormentas-y-rayos\/wp-json\/wp\/v2\/media?parent=40686"}],"wp:term":[{"taxonomy":"category","embeddable":true,"href":"https:\/\/blogs.diariosur.es\/tormentas-y-rayos\/wp-json\/wp\/v2\/categories?post=40686"},{"taxonomy":"post_tag","embeddable":true,"href":"https:\/\/blogs.diariosur.es\/tormentas-y-rayos\/wp-json\/wp\/v2\/tags?post=40686"}],"curies":[{"name":"wp","href":"https:\/\/api.w.org\/{rel}","templated":true}]}}