{"id":40696,"date":"2024-05-13T07:45:00","date_gmt":"2024-05-13T05:45:00","guid":{"rendered":"https:\/\/blogs.diariosur.es\/tormentas-y-rayos\/?p=40696"},"modified":"2024-05-13T07:45:00","modified_gmt":"2024-05-13T05:45:00","slug":"impresionante-aurora-boreal-en-el-puerto-de-navacerrada-madrid-por-mi-amigo-alberto-lunas-arias","status":"publish","type":"post","link":"https:\/\/blogs.diariosur.es\/tormentas-y-rayos\/2024\/05\/13\/impresionante-aurora-boreal-en-el-puerto-de-navacerrada-madrid-por-mi-amigo-alberto-lunas-arias\/","title":{"rendered":"Impresionante Aurora Boreal en el Puerto de Navacerrada (Madrid). Por mi amigo Alberto Lunas Arias"},"content":{"rendered":"<p><a href=\"https:\/\/static-blogs.diariosur.es\/wp-content\/uploads\/sites\/12\/2024\/02\/379337914_10227628075666406_6248628726251100327_n.jpg\"><img loading=\"lazy\" class=\"aligncenter size-thumbnail wp-image-39879\" src=\"https:\/\/static-blogs.diariosur.es\/wp-content\/uploads\/sites\/12\/2024\/02\/379337914_10227628075666406_6248628726251100327_n-150x150.jpg\" alt=\"\" width=\"150\" height=\"150\" \/><\/a><\/p>\n<p>Buenos d\u00edas, amigos de la meteo. Cuando son las siete de la ma\u00f1ana en M\u00e1laga capital, mi estaci\u00f3n registra 17.1\u00baC, los cielos est\u00e1n pocos nubosos y el viento sopla flojo de direcci\u00f3n variable.<\/p>\n<p>Los que ayer no leyeron el blog, os pongo nuevamente el enlace.<\/p>\n<h3><a href=\"https:\/\/static-blogs.diariosur.es\/?ref=https%3A%2F%2Fblogs.diariosur.es%2F\"><span style=\"color: #ff00ff;\"><strong><span style=\"color: #0000ff;\">\u00bfCu\u00e1ndo<\/span> <span style=\"color: #0000ff;\">empieza el terral y cu\u00e1nto durar\u00e1 en la provincia de M\u00e1laga?<\/span><\/strong><\/span><\/a><\/h3>\n<p>&nbsp;<\/p>\n<h3><span style=\"color: #ff00ff;\"><strong>Aurora boreal desde el Puerto de Navacerrada (Madrid)<\/strong><\/span><\/h3>\n<p>Os paso es impresionante v\u00eddeo de mi amigo Alberto Lunas, que como todos sab\u00e9is es cazatormentas. El s\u00e1bado de madrugada, pudo disfrutar en el Puerto de Navacerrada de esta Aurora Boreal.<\/p>\n<p>&nbsp;<\/p>\n<p><iframe loading=\"lazy\" title=\"YouTube video player\" src=\"https:\/\/www.youtube.com\/embed\/LZeGR9XvnCo?si=T9VuZzmeE8m95nZT\" width=\"560\" height=\"315\" frameborder=\"0\" allowfullscreen=\"allowfullscreen\"><\/iframe><\/p>\n<p>&nbsp;<\/p>\n<p>Tambi\u00e9n os quiero recordar ,que las fotos del viernes de la puesta de sol de M\u00e1laga capital y otras zonas de la provincia fue un candilazo con cortinas de lluvias. Como por ejemplo esta de mi amiga Nany Lavado y otra que hice yo. <strong>No fue una Aurora Boreal.<\/strong><\/p>\n<p>En cambio la \u00faltima foto de mi amigo Adri\u00e1n Valencia que la hizo en Archidona, si es una Aurora Boreal<\/p>\n<p>&nbsp;<\/p>\n<p><a href=\"https:\/\/static-blogs.diariosur.es\/wp-content\/uploads\/sites\/12\/2024\/05\/440419368_10228815080660789_6900919283758313374_n.jpg\"><img loading=\"lazy\" class=\"aligncenter size-full wp-image-40684\" src=\"https:\/\/static-blogs.diariosur.es\/wp-content\/uploads\/sites\/12\/2024\/05\/440419368_10228815080660789_6900919283758313374_n.jpg\" alt=\"\" width=\"1200\" height=\"801\" srcset=\"https:\/\/static-blogs.diariosur.es\/wp-content\/uploads\/sites\/12\/2024\/05\/440419368_10228815080660789_6900919283758313374_n.jpg 1200w, https:\/\/static-blogs.diariosur.es\/wp-content\/uploads\/sites\/12\/2024\/05\/440419368_10228815080660789_6900919283758313374_n-599x400.jpg 599w, https:\/\/static-blogs.diariosur.es\/wp-content\/uploads\/sites\/12\/2024\/05\/440419368_10228815080660789_6900919283758313374_n-768x513.jpg 768w\" sizes=\"(max-width: 1200px) 100vw, 1200px\" \/><\/a><\/p>\n<p>Jose Luis Escudero<\/p>\n<p><a href=\"https:\/\/static-blogs.diariosur.es\/wp-content\/uploads\/sites\/12\/2024\/05\/DSC5034-e1715418695360.jpg\"><img loading=\"lazy\" class=\"aligncenter size-full wp-image-40680\" src=\"https:\/\/static-blogs.diariosur.es\/wp-content\/uploads\/sites\/12\/2024\/05\/DSC5034-e1715418695360.jpg\" alt=\"\" width=\"1200\" height=\"800\" \/><\/a><\/p>\n<p>&nbsp;<\/p>\n<p>Adri\u00e1n Valencia<\/p>\n<p>&nbsp;<\/p>\n<p><a href=\"https:\/\/static-blogs.diariosur.es\/wp-content\/uploads\/sites\/12\/2024\/05\/Captura-de-pantalla-2024-05-13-073031-e1715578320596.jpg\"><img loading=\"lazy\" class=\"aligncenter size-full wp-image-40699\" src=\"https:\/\/static-blogs.diariosur.es\/wp-content\/uploads\/sites\/12\/2024\/05\/Captura-de-pantalla-2024-05-13-073031-e1715578320596.jpg\" alt=\"\" width=\"800\" height=\"534\" \/><\/a><\/p>\n<p>&nbsp;<\/p>\n<p>&nbsp;<\/p>\n<p>&nbsp;<\/p>\n","protected":false},"excerpt":{"rendered":"<p>Buenos d\u00edas, amigos de la meteo. Cuando son las siete de la ma\u00f1ana en M\u00e1laga capital, mi estaci\u00f3n registra 17.1\u00baC, los cielos est\u00e1n pocos nubosos y el viento sopla flojo de direcci\u00f3n variable. Los que ayer no leyeron el blog, os pongo nuevamente el enlace. \u00bfCu\u00e1ndo empieza el terral y cu\u00e1nto durar\u00e1 en la provincia [&hellip;]<\/p>\n","protected":false},"author":16,"featured_media":40700,"comment_status":"open","ping_status":"open","sticky":false,"template":"","format":"standard","meta":[],"categories":[2],"tags":[1924,1929,375,1312,1923,924,992],"_links":{"self":[{"href":"https:\/\/blogs.diariosur.es\/tormentas-y-rayos\/wp-json\/wp\/v2\/posts\/40696"}],"collection":[{"href":"https:\/\/blogs.diariosur.es\/tormentas-y-rayos\/wp-json\/wp\/v2\/posts"}],"about":[{"href":"https:\/\/blogs.diariosur.es\/tormentas-y-rayos\/wp-json\/wp\/v2\/types\/post"}],"author":[{"embeddable":true,"href":"https:\/\/blogs.diariosur.es\/tormentas-y-rayos\/wp-json\/wp\/v2\/users\/16"}],"replies":[{"embeddable":true,"href":"https:\/\/blogs.diariosur.es\/tormentas-y-rayos\/wp-json\/wp\/v2\/comments?post=40696"}],"version-history":[{"count":3,"href":"https:\/\/blogs.diariosur.es\/tormentas-y-rayos\/wp-json\/wp\/v2\/posts\/40696\/revisions"}],"predecessor-version":[{"id":40701,"href":"https:\/\/blogs.diariosur.es\/tormentas-y-rayos\/wp-json\/wp\/v2\/posts\/40696\/revisions\/40701"}],"wp:featuredmedia":[{"embeddable":true,"href":"https:\/\/blogs.diariosur.es\/tormentas-y-rayos\/wp-json\/wp\/v2\/media\/40700"}],"wp:attachment":[{"href":"https:\/\/blogs.diariosur.es\/tormentas-y-rayos\/wp-json\/wp\/v2\/media?parent=40696"}],"wp:term":[{"taxonomy":"category","embeddable":true,"href":"https:\/\/blogs.diariosur.es\/tormentas-y-rayos\/wp-json\/wp\/v2\/categories?post=40696"},{"taxonomy":"post_tag","embeddable":true,"href":"https:\/\/blogs.diariosur.es\/tormentas-y-rayos\/wp-json\/wp\/v2\/tags?post=40696"}],"curies":[{"name":"wp","href":"https:\/\/api.w.org\/{rel}","templated":true}]}}