{"id":40702,"date":"2024-05-14T17:22:02","date_gmt":"2024-05-14T15:22:02","guid":{"rendered":"https:\/\/blogs.diariosur.es\/tormentas-y-rayos\/?p=40702"},"modified":"2025-04-22T11:13:01","modified_gmt":"2025-04-22T09:13:01","slug":"hasta-cuando-seguiremos-todo-el-dia-con-el-achis-niveles-elevados-extremos-de-olivos-y-gramineas","status":"publish","type":"post","link":"https:\/\/blogs.diariosur.es\/tormentas-y-rayos\/2024\/05\/14\/hasta-cuando-seguiremos-todo-el-dia-con-el-achis-niveles-elevados-extremos-de-olivos-y-gramineas\/","title":{"rendered":"\u00bfHasta cu\u00e1ndo seguiremos todo el d\u00eda con el achis? Niveles elevados-extremos de olivos y gram\u00edneas"},"content":{"rendered":"<p><a href=\"https:\/\/static-blogs.diariosur.es\/wp-content\/uploads\/sites\/12\/2024\/02\/379337914_10227628075666406_6248628726251100327_n.jpg\"><img loading=\"lazy\" class=\"aligncenter size-thumbnail wp-image-39879\" src=\"https:\/\/static-blogs.diariosur.es\/wp-content\/uploads\/sites\/12\/2024\/02\/379337914_10227628075666406_6248628726251100327_n-150x150.jpg\" alt=\"\" width=\"150\" height=\"150\" \/><\/a><\/p>\n<p>Buenas tardes, amigos de la meteo. He sido precavido y me he puesto la mascarilla y gafas de sol desde muy temprano. A los conocidos que me preguntaban por la calle le explicaba el porqu\u00e9, algunos me han hecho caso y se la han puesto, como mi amigo Ca\u00f1ete, carnicero del barrio. Me acaba de comentar que ha mejorado.<\/p>\n<p>Pero no solo es el polen del olivo, tambi\u00e9n el de las gram\u00edneas.<\/p>\n<p><span style=\"color: #ff0000;\"><strong>Las gafas de sol cuando sea de noche os la pod\u00e9is quitar, no vayamos a liarla jijiji.<\/strong><\/span><\/p>\n<p>En serio, llevar la mascarilla ayuda a que no pase esto y las gafas de sol durante el d\u00eda para mitigar el picor de los ojos.<\/p>\n<p>&nbsp;<\/p>\n<p><a href=\"https:\/\/static-blogs.diariosur.es\/wp-content\/uploads\/sites\/12\/2024\/05\/279894020_10224479518274439_6786283344886568020_n-horz-1.jpg\"><img loading=\"lazy\" class=\"aligncenter size-full wp-image-40709\" src=\"https:\/\/static-blogs.diariosur.es\/wp-content\/uploads\/sites\/12\/2024\/05\/279894020_10224479518274439_6786283344886568020_n-horz-1.jpg\" alt=\"\" width=\"1176\" height=\"441\" srcset=\"https:\/\/static-blogs.diariosur.es\/wp-content\/uploads\/sites\/12\/2024\/05\/279894020_10224479518274439_6786283344886568020_n-horz-1.jpg 1176w, https:\/\/static-blogs.diariosur.es\/wp-content\/uploads\/sites\/12\/2024\/05\/279894020_10224479518274439_6786283344886568020_n-horz-1-640x240.jpg 640w, https:\/\/static-blogs.diariosur.es\/wp-content\/uploads\/sites\/12\/2024\/05\/279894020_10224479518274439_6786283344886568020_n-horz-1-768x288.jpg 768w\" sizes=\"(max-width: 1176px) 100vw, 1176px\" \/><\/a><\/p>\n<p>&nbsp;<\/p>\n<p>A mi pregunta hasta cu\u00e1ndo estaremos con el achis, es muy probable que sigamos toda esta semana con concentraci\u00f3n alt\u00edsima de polen del olivo y gram\u00edneas. Se notar\u00e1 m\u00e1s en las zonas de la costa malague\u00f1a donde el viento entre de tierra.<\/p>\n<p>Nos vemos ma\u00f1ana. Y recordar que a primera hora y debido al viento har\u00e1 fresquito en la capital<\/p>\n<p>Pa la alergia.<\/p>\n<p>&nbsp;<\/p>\n<p>&nbsp;<\/p>\n<p>&nbsp;<\/p>\n","protected":false},"excerpt":{"rendered":"<p>Buenas tardes, amigos de la meteo. He sido precavido y me he puesto la mascarilla y gafas de sol desde muy temprano. A los conocidos que me preguntaban por la calle le explicaba el porqu\u00e9, algunos me han hecho caso y se la han puesto, como mi amigo Ca\u00f1ete, carnicero del barrio. Me acaba de [&hellip;]<\/p>\n","protected":false},"author":16,"featured_media":40710,"comment_status":"open","ping_status":"open","sticky":false,"template":"","format":"standard","meta":[],"categories":[2],"tags":[62,100,587,1840,975],"_links":{"self":[{"href":"https:\/\/blogs.diariosur.es\/tormentas-y-rayos\/wp-json\/wp\/v2\/posts\/40702"}],"collection":[{"href":"https:\/\/blogs.diariosur.es\/tormentas-y-rayos\/wp-json\/wp\/v2\/posts"}],"about":[{"href":"https:\/\/blogs.diariosur.es\/tormentas-y-rayos\/wp-json\/wp\/v2\/types\/post"}],"author":[{"embeddable":true,"href":"https:\/\/blogs.diariosur.es\/tormentas-y-rayos\/wp-json\/wp\/v2\/users\/16"}],"replies":[{"embeddable":true,"href":"https:\/\/blogs.diariosur.es\/tormentas-y-rayos\/wp-json\/wp\/v2\/comments?post=40702"}],"version-history":[{"count":15,"href":"https:\/\/blogs.diariosur.es\/tormentas-y-rayos\/wp-json\/wp\/v2\/posts\/40702\/revisions"}],"predecessor-version":[{"id":44410,"href":"https:\/\/blogs.diariosur.es\/tormentas-y-rayos\/wp-json\/wp\/v2\/posts\/40702\/revisions\/44410"}],"wp:featuredmedia":[{"embeddable":true,"href":"https:\/\/blogs.diariosur.es\/tormentas-y-rayos\/wp-json\/wp\/v2\/media\/40710"}],"wp:attachment":[{"href":"https:\/\/blogs.diariosur.es\/tormentas-y-rayos\/wp-json\/wp\/v2\/media?parent=40702"}],"wp:term":[{"taxonomy":"category","embeddable":true,"href":"https:\/\/blogs.diariosur.es\/tormentas-y-rayos\/wp-json\/wp\/v2\/categories?post=40702"},{"taxonomy":"post_tag","embeddable":true,"href":"https:\/\/blogs.diariosur.es\/tormentas-y-rayos\/wp-json\/wp\/v2\/tags?post=40702"}],"curies":[{"name":"wp","href":"https:\/\/api.w.org\/{rel}","templated":true}]}}