{"id":40721,"date":"2024-05-16T10:33:33","date_gmt":"2024-05-16T08:33:33","guid":{"rendered":"https:\/\/blogs.diariosur.es\/tormentas-y-rayos\/?p=40721"},"modified":"2024-05-16T10:33:33","modified_gmt":"2024-05-16T08:33:33","slug":"el-tiempo-en-la-provincia-de-malaga-os-doy-una-malisima-noticia","status":"publish","type":"post","link":"https:\/\/blogs.diariosur.es\/tormentas-y-rayos\/2024\/05\/16\/el-tiempo-en-la-provincia-de-malaga-os-doy-una-malisima-noticia\/","title":{"rendered":"El tiempo en la provincia de M\u00e1laga. Os doy una mal\u00edsima noticia."},"content":{"rendered":"<p><a href=\"https:\/\/static-blogs.diariosur.es\/wp-content\/uploads\/sites\/12\/2023\/10\/243418660_10223324765526342_8448445083528661051_n.jpg\"><img loading=\"lazy\" class=\"aligncenter size-thumbnail wp-image-38644\" src=\"https:\/\/static-blogs.diariosur.es\/wp-content\/uploads\/sites\/12\/2023\/10\/243418660_10223324765526342_8448445083528661051_n-150x150.jpg\" alt=\"\" width=\"150\" height=\"150\" \/><\/a><\/p>\n<p>Buenos d\u00edas, amigos de la meteo. Cuando son las diez de la ma\u00f1ana en M\u00e1laga capital, la estaci\u00f3n de la Aemet del Centro Meteorol\u00f3gico ha registrado una m\u00ednima de 15.2\u00baC, destacar en la provincia los 7.9\u00baC de Ronda y los 9.6\u00baC de Antequera, como pod\u00e9is comprobar temperaturas m\u00ednimas por debajo de la media y si unimos el viento, la sensaci\u00f3n t\u00e9rmica de fr\u00edo se ha sentido m\u00e1s. Hoy daremos m\u00e1ximas entre 25 y 28 grados, donde el poniente entre de tierra. Ma\u00f1ana viernes el d\u00eda ser\u00e1 una repetici\u00f3n de hoy jueves.<\/p>\n<p>Ayer mi\u00e9rcoles se registraron temperaturas m\u00e1ximas\u00a0entre 25 y 27\u00baC en zonas habituales que entra el terral. Tambi\u00e9n se dieron rachas fuertes de viento, destaco el Aeropuerto con 54 km\/h.<\/p>\n<h3><span style=\"color: #ff0000;\"><strong>Os doy una mal\u00edsima noticia.<\/strong><\/span><\/h3>\n<p>Siento daros esta mala noticia, si no hay sorpresas, tendremos poniente y terral hasta el martes e incluso probablemente el mi\u00e9rcoles. En algunos momentos de estos d\u00edas, se pueden dar rachas fuertes de viento, esto traer\u00e1 consigo que seguiremos con concentraci\u00f3n muy alta de p\u00f3lenes de olivo y gram\u00edneas.<\/p>\n<p>Os paso las temperaturas m\u00e1ximas y m\u00ednimas que prev\u00e9 la aemet desde el s\u00e1bado al martes. Seguiremos con temperaturas m\u00ednimas por debajo de la media.<\/p>\n<p>&nbsp;<\/p>\n<p>&nbsp;<\/p>\n<p><a href=\"https:\/\/static-blogs.diariosur.es\/wp-content\/uploads\/sites\/12\/2024\/05\/sabado.jpg\"><img loading=\"lazy\" class=\"aligncenter size-full wp-image-40722\" src=\"https:\/\/static-blogs.diariosur.es\/wp-content\/uploads\/sites\/12\/2024\/05\/sabado.jpg\" alt=\"\" width=\"862\" height=\"687\" srcset=\"https:\/\/static-blogs.diariosur.es\/wp-content\/uploads\/sites\/12\/2024\/05\/sabado.jpg 862w, https:\/\/static-blogs.diariosur.es\/wp-content\/uploads\/sites\/12\/2024\/05\/sabado-502x400.jpg 502w, https:\/\/static-blogs.diariosur.es\/wp-content\/uploads\/sites\/12\/2024\/05\/sabado-768x612.jpg 768w\" sizes=\"(max-width: 862px) 100vw, 862px\" \/><\/a><\/p>\n<p>&nbsp;<\/p>\n<p><a href=\"https:\/\/static-blogs.diariosur.es\/wp-content\/uploads\/sites\/12\/2024\/05\/domingo-1.jpg\"><img loading=\"lazy\" class=\"aligncenter size-full wp-image-40724\" src=\"https:\/\/static-blogs.diariosur.es\/wp-content\/uploads\/sites\/12\/2024\/05\/domingo-1.jpg\" alt=\"\" width=\"865\" height=\"680\" srcset=\"https:\/\/static-blogs.diariosur.es\/wp-content\/uploads\/sites\/12\/2024\/05\/domingo-1.jpg 865w, https:\/\/static-blogs.diariosur.es\/wp-content\/uploads\/sites\/12\/2024\/05\/domingo-1-509x400.jpg 509w, https:\/\/static-blogs.diariosur.es\/wp-content\/uploads\/sites\/12\/2024\/05\/domingo-1-768x604.jpg 768w\" sizes=\"(max-width: 865px) 100vw, 865px\" \/><\/a><\/p>\n<p>&nbsp;<\/p>\n<p><a href=\"https:\/\/static-blogs.diariosur.es\/wp-content\/uploads\/sites\/12\/2024\/05\/lunes.jpg\"><img loading=\"lazy\" class=\"aligncenter size-full wp-image-40725\" src=\"https:\/\/static-blogs.diariosur.es\/wp-content\/uploads\/sites\/12\/2024\/05\/lunes.jpg\" alt=\"\" width=\"872\" height=\"683\" srcset=\"https:\/\/static-blogs.diariosur.es\/wp-content\/uploads\/sites\/12\/2024\/05\/lunes.jpg 872w, https:\/\/static-blogs.diariosur.es\/wp-content\/uploads\/sites\/12\/2024\/05\/lunes-511x400.jpg 511w, https:\/\/static-blogs.diariosur.es\/wp-content\/uploads\/sites\/12\/2024\/05\/lunes-768x602.jpg 768w\" sizes=\"(max-width: 872px) 100vw, 872px\" \/><\/a><\/p>\n<p>&nbsp;<\/p>\n<p><a href=\"https:\/\/static-blogs.diariosur.es\/wp-content\/uploads\/sites\/12\/2024\/05\/martes.jpg\"><img loading=\"lazy\" class=\"aligncenter size-full wp-image-40726\" src=\"https:\/\/static-blogs.diariosur.es\/wp-content\/uploads\/sites\/12\/2024\/05\/martes.jpg\" alt=\"\" width=\"868\" height=\"685\" srcset=\"https:\/\/static-blogs.diariosur.es\/wp-content\/uploads\/sites\/12\/2024\/05\/martes.jpg 868w, https:\/\/static-blogs.diariosur.es\/wp-content\/uploads\/sites\/12\/2024\/05\/martes-507x400.jpg 507w, https:\/\/static-blogs.diariosur.es\/wp-content\/uploads\/sites\/12\/2024\/05\/martes-768x606.jpg 768w\" sizes=\"(max-width: 868px) 100vw, 868px\" \/><\/a><\/p>\n<p>&nbsp;<\/p>\n<p>Os dejo con esta bonita foto de mi amigo Crist\u00f3bal Gambero.<\/p>\n<p><a href=\"https:\/\/static-blogs.diariosur.es\/wp-content\/uploads\/sites\/12\/2024\/05\/440874171_7455817271133869_8494251320996839739_n-e1715848300448.jpg\"><img loading=\"lazy\" class=\"aligncenter size-full wp-image-40727\" src=\"https:\/\/static-blogs.diariosur.es\/wp-content\/uploads\/sites\/12\/2024\/05\/440874171_7455817271133869_8494251320996839739_n-e1715848300448.jpg\" alt=\"\" width=\"900\" height=\"506\" \/><\/a><\/p>\n","protected":false},"excerpt":{"rendered":"<p>Buenos d\u00edas, amigos de la meteo. Cuando son las diez de la ma\u00f1ana en M\u00e1laga capital, la estaci\u00f3n de la Aemet del Centro Meteorol\u00f3gico ha registrado una m\u00ednima de 15.2\u00baC, destacar en la provincia los 7.9\u00baC de Ronda y los 9.6\u00baC de Antequera, como pod\u00e9is comprobar temperaturas m\u00ednimas por debajo de la media y si [&hellip;]<\/p>\n","protected":false},"author":16,"featured_media":40727,"comment_status":"open","ping_status":"open","sticky":false,"template":"","format":"standard","meta":[],"categories":[2],"tags":[1930,358,1931,587,1840,800,975],"_links":{"self":[{"href":"https:\/\/blogs.diariosur.es\/tormentas-y-rayos\/wp-json\/wp\/v2\/posts\/40721"}],"collection":[{"href":"https:\/\/blogs.diariosur.es\/tormentas-y-rayos\/wp-json\/wp\/v2\/posts"}],"about":[{"href":"https:\/\/blogs.diariosur.es\/tormentas-y-rayos\/wp-json\/wp\/v2\/types\/post"}],"author":[{"embeddable":true,"href":"https:\/\/blogs.diariosur.es\/tormentas-y-rayos\/wp-json\/wp\/v2\/users\/16"}],"replies":[{"embeddable":true,"href":"https:\/\/blogs.diariosur.es\/tormentas-y-rayos\/wp-json\/wp\/v2\/comments?post=40721"}],"version-history":[{"count":3,"href":"https:\/\/blogs.diariosur.es\/tormentas-y-rayos\/wp-json\/wp\/v2\/posts\/40721\/revisions"}],"predecessor-version":[{"id":40733,"href":"https:\/\/blogs.diariosur.es\/tormentas-y-rayos\/wp-json\/wp\/v2\/posts\/40721\/revisions\/40733"}],"wp:featuredmedia":[{"embeddable":true,"href":"https:\/\/blogs.diariosur.es\/tormentas-y-rayos\/wp-json\/wp\/v2\/media\/40727"}],"wp:attachment":[{"href":"https:\/\/blogs.diariosur.es\/tormentas-y-rayos\/wp-json\/wp\/v2\/media?parent=40721"}],"wp:term":[{"taxonomy":"category","embeddable":true,"href":"https:\/\/blogs.diariosur.es\/tormentas-y-rayos\/wp-json\/wp\/v2\/categories?post=40721"},{"taxonomy":"post_tag","embeddable":true,"href":"https:\/\/blogs.diariosur.es\/tormentas-y-rayos\/wp-json\/wp\/v2\/tags?post=40721"}],"curies":[{"name":"wp","href":"https:\/\/api.w.org\/{rel}","templated":true}]}}