{"id":40734,"date":"2024-05-19T08:19:59","date_gmt":"2024-05-19T06:19:59","guid":{"rendered":"https:\/\/blogs.diariosur.es\/tormentas-y-rayos\/?p=40734"},"modified":"2024-05-19T08:21:47","modified_gmt":"2024-05-19T06:21:47","slug":"tiene-fecha-de-caducidad-el-poniente-aterralado-en-la-provincia-de-malaga","status":"publish","type":"post","link":"https:\/\/blogs.diariosur.es\/tormentas-y-rayos\/2024\/05\/19\/tiene-fecha-de-caducidad-el-poniente-aterralado-en-la-provincia-de-malaga\/","title":{"rendered":"\u00bfTiene fecha de caducidad el poniente aterralado en la provincia de M\u00e1laga?"},"content":{"rendered":"<p><a href=\"https:\/\/static-blogs.diariosur.es\/wp-content\/uploads\/sites\/12\/2023\/09\/375323357_10227521084351690_5428862938073510864_n.jpg\"><img loading=\"lazy\" class=\"aligncenter size-thumbnail wp-image-38274\" src=\"https:\/\/static-blogs.diariosur.es\/wp-content\/uploads\/sites\/12\/2023\/09\/375323357_10227521084351690_5428862938073510864_n-150x150.jpg\" alt=\"\" width=\"150\" height=\"150\" \/><\/a><\/p>\n<p>Muy buenos d\u00edas, amigos de la meteo. Cuando son las siete y media de la ma\u00f1ana en M\u00e1laga capital, el Aeropuerto ha registrado una m\u00ednima de 19.1 grados, en Antequera 9.2\u00baC, los cielos est\u00e1n con algunas nubes altas y el viento sopla por en\u00e9sima vez de terral y poniente, seg\u00fan la orograf\u00eda de la costa malague\u00f1a. Durante el d\u00eda de hoy se esperan rachas fuertes de poniente y terral en la costa de M\u00e1laga, la temperatura del agua es de 16.8 grados.<\/p>\n<p>Hemos tenido un bonito candilazo, despu\u00e9s del resumen de ayer os pongo un video.<\/p>\n<p>Ayer s\u00e1bado la temperatura m\u00e1xima en M\u00e1laga capital fue de 30\u00baC en el Centro Meteorol\u00f3gico, destacar tambi\u00e9n Estepona con la misma temperatura, tan solo <span style=\"color: #0000ff;\"><strong>20\u00baC<\/strong><\/span> en Marbella Puerto. Durante el d\u00eda tuvimos en M\u00e1laga capital momentos de terral puro y tambi\u00e9n poniente aterralado. Las rachas m\u00e1s fuertes de viento se dieron en Estepona con 55 km\/h y en la estaci\u00f3n de la aemet del Puerto con 52 km\/h.<\/p>\n<p>Os pongo el video del candilazo que hemos tenido a las siete de la ma\u00f1ana.<\/p>\n<p>&nbsp;<\/p>\n<p><iframe loading=\"lazy\" title=\"YouTube video player\" src=\"https:\/\/www.youtube.com\/embed\/iiTXtjI0kcc?si=FSsy8pFIHUw9eTT_\" width=\"560\" height=\"315\" frameborder=\"0\" allowfullscreen=\"allowfullscreen\"><\/iframe><\/p>\n<p>&nbsp;<\/p>\n<h3><span style=\"color: #ff0000;\"><strong>\u00bfTiene fecha de caducidad el poniente aterralado en la provincia de M\u00e1laga?<\/strong><\/span><\/h3>\n<p>Salvo sorpresas, seguiremos hasta el mi\u00e9rcoles por la noche con el poniente aterralado, de cumplirse esto, serian nueve dias seguidos. Podr\u00eda se un r\u00e9cord para un mes de mayo tanto d\u00edas seguidos.<\/p>\n<p>Ma\u00f1ana lunes se esperan rachas fuertes de viento de poniente y terral en todo el litoral malague\u00f1o, sobre todo en la costa de la Axarqu\u00eda. A primera hora de la ma\u00f1ana tendremos fresquito como ha pasado estos d\u00edas atr\u00e1s. La concentraci\u00f3n de polen de olivo y gram\u00edneas ser\u00e1 siendo muy alto.<\/p>\n<p>Os dejo con esta foto de archivo que hice en marzo en C\u00e1diz.<\/p>\n<p>&nbsp;<\/p>\n<p><a href=\"https:\/\/static-blogs.diariosur.es\/wp-content\/uploads\/sites\/12\/2024\/05\/53589875535_f7a8242fd0_b-1-1.jpg\"><img loading=\"lazy\" class=\"aligncenter size-full wp-image-40739\" src=\"https:\/\/static-blogs.diariosur.es\/wp-content\/uploads\/sites\/12\/2024\/05\/53589875535_f7a8242fd0_b-1-1.jpg\" alt=\"\" width=\"1024\" height=\"683\" srcset=\"https:\/\/static-blogs.diariosur.es\/wp-content\/uploads\/sites\/12\/2024\/05\/53589875535_f7a8242fd0_b-1-1.jpg 1024w, https:\/\/static-blogs.diariosur.es\/wp-content\/uploads\/sites\/12\/2024\/05\/53589875535_f7a8242fd0_b-1-1-600x400.jpg 600w, https:\/\/static-blogs.diariosur.es\/wp-content\/uploads\/sites\/12\/2024\/05\/53589875535_f7a8242fd0_b-1-1-768x512.jpg 768w\" sizes=\"(max-width: 1024px) 100vw, 1024px\" \/><\/a><\/p>\n<p>&nbsp;<\/p>\n<p>&nbsp;<\/p>\n<p>&nbsp;<\/p>\n<p>&nbsp;<\/p>\n","protected":false},"excerpt":{"rendered":"<p>Muy buenos d\u00edas, amigos de la meteo. Cuando son las siete y media de la ma\u00f1ana en M\u00e1laga capital, el Aeropuerto ha registrado una m\u00ednima de 19.1 grados, en Antequera 9.2\u00baC, los cielos est\u00e1n con algunas nubes altas y el viento sopla por en\u00e9sima vez de terral y poniente, seg\u00fan la orograf\u00eda de la costa [&hellip;]<\/p>\n","protected":false},"author":16,"featured_media":40739,"comment_status":"open","ping_status":"open","sticky":false,"template":"","format":"standard","meta":[],"categories":[2],"tags":[100,358,587,800,975],"_links":{"self":[{"href":"https:\/\/blogs.diariosur.es\/tormentas-y-rayos\/wp-json\/wp\/v2\/posts\/40734"}],"collection":[{"href":"https:\/\/blogs.diariosur.es\/tormentas-y-rayos\/wp-json\/wp\/v2\/posts"}],"about":[{"href":"https:\/\/blogs.diariosur.es\/tormentas-y-rayos\/wp-json\/wp\/v2\/types\/post"}],"author":[{"embeddable":true,"href":"https:\/\/blogs.diariosur.es\/tormentas-y-rayos\/wp-json\/wp\/v2\/users\/16"}],"replies":[{"embeddable":true,"href":"https:\/\/blogs.diariosur.es\/tormentas-y-rayos\/wp-json\/wp\/v2\/comments?post=40734"}],"version-history":[{"count":3,"href":"https:\/\/blogs.diariosur.es\/tormentas-y-rayos\/wp-json\/wp\/v2\/posts\/40734\/revisions"}],"predecessor-version":[{"id":40740,"href":"https:\/\/blogs.diariosur.es\/tormentas-y-rayos\/wp-json\/wp\/v2\/posts\/40734\/revisions\/40740"}],"wp:featuredmedia":[{"embeddable":true,"href":"https:\/\/blogs.diariosur.es\/tormentas-y-rayos\/wp-json\/wp\/v2\/media\/40739"}],"wp:attachment":[{"href":"https:\/\/blogs.diariosur.es\/tormentas-y-rayos\/wp-json\/wp\/v2\/media?parent=40734"}],"wp:term":[{"taxonomy":"category","embeddable":true,"href":"https:\/\/blogs.diariosur.es\/tormentas-y-rayos\/wp-json\/wp\/v2\/categories?post=40734"},{"taxonomy":"post_tag","embeddable":true,"href":"https:\/\/blogs.diariosur.es\/tormentas-y-rayos\/wp-json\/wp\/v2\/tags?post=40734"}],"curies":[{"name":"wp","href":"https:\/\/api.w.org\/{rel}","templated":true}]}}