{"id":40741,"date":"2024-05-20T08:39:38","date_gmt":"2024-05-20T06:39:38","guid":{"rendered":"https:\/\/blogs.diariosur.es\/tormentas-y-rayos\/?p=40741"},"modified":"2024-05-20T08:39:38","modified_gmt":"2024-05-20T06:39:38","slug":"terminara-mayo-en-el-aeropuerto-de-malaga-con-tan-solo-02-decimas-de-litros","status":"publish","type":"post","link":"https:\/\/blogs.diariosur.es\/tormentas-y-rayos\/2024\/05\/20\/terminara-mayo-en-el-aeropuerto-de-malaga-con-tan-solo-02-decimas-de-litros\/","title":{"rendered":"\u00bfTerminar\u00e1 mayo en el Aeropuerto de M\u00e1laga con tan solo 0,2 d\u00e9cimas de litros?"},"content":{"rendered":"<p><a href=\"https:\/\/static-blogs.diariosur.es\/wp-content\/uploads\/sites\/12\/2024\/02\/379337914_10227628075666406_6248628726251100327_n.jpg\"><img loading=\"lazy\" class=\"aligncenter size-thumbnail wp-image-39879\" src=\"https:\/\/static-blogs.diariosur.es\/wp-content\/uploads\/sites\/12\/2024\/02\/379337914_10227628075666406_6248628726251100327_n-150x150.jpg\" alt=\"\" width=\"150\" height=\"150\" \/><\/a><\/p>\n<p>Buenos d\u00edas, amigos de la meteo. Comenzamos una nueva semana y seguimos con poniente aterralado. Hoy lunes la temperatura m\u00ednima en el Aeropuerto ha sido de 17.3\u00baC, destacar Archidona Huertas del R\u00edo con 6.8\u00bac y Ronda con 9.5\u00baC. Nuevamente se esperan rachas fuertes de poniente y terral en la costa malague\u00f1a.<\/p>\n<p>Ayer domingo la temperatura m\u00e1xima en M\u00e1laga capital se registro en el Centro Meteorol\u00f3gico con 28.9\u00baC, en el Valle del Guadalhorce destaca \u00c1lora con 27.9\u00baC y en la costa m\u00e1s occidental Estepona con 27.7\u00baC.<\/p>\n<p>En algunas zonas de la costa malague\u00f1a que ten\u00edan poniente las temperaturas no fueron muy altas, en Marbella 19.9\u00baC, Algarrobo 22.7\u00baC. En el interior Ronda 20.6\u00baC y Antequera con 23.4\u00baC. Las rachas de viento rondaron entre los 40 y 55 km\/h.<\/p>\n<h3><span style=\"color: #ff0000;\"><strong>\u00bfTerminar\u00e1 mayo en el Aeropuerto de M\u00e1laga con tan solo 0,2 d\u00e9cimas de litros?<\/strong><\/span><\/h3>\n<p>El d\u00eda 1 de mayo ha sido el \u00fanico d\u00eda de este mes que cayeron algunas gotas en M\u00e1laga capital, en el Aeropuerto 0,2 d\u00e9cimas de litro, Centro Meteorol\u00f3gico 2.4 mm y en el Puerto 1.9 mm. Con las actualizaciones a d\u00eda de hoy de los modelos europeo y americano, es muy probable que el mes de mayo acabe as\u00ed, no solo en M\u00e1laga capital, tambi\u00e9n ser\u00e1 muy seco por otras zonas de la provincia de M\u00e1laga. Sin contar hoy, solo quedan once d\u00edas para que comience el verano meteorol\u00f3gico. En junio es muy dif\u00edcil que caigan lluvias buenas, porque si son tormentas poco arreglaran.<\/p>\n<p>&nbsp;<\/p>\n<p>Os dejo con esta bonita foto de mi amigo Francisco Javier Gonz\u00e1lez Gonz\u00e1lez , unos bonitos cirrus uncinus.<\/p>\n<p>&nbsp;<\/p>\n<p><a href=\"https:\/\/static-blogs.diariosur.es\/wp-content\/uploads\/sites\/12\/2024\/05\/444928531_10228860306951418_8647813231538397006_n.jpg\"><img loading=\"lazy\" class=\"aligncenter size-full wp-image-40742\" src=\"https:\/\/static-blogs.diariosur.es\/wp-content\/uploads\/sites\/12\/2024\/05\/444928531_10228860306951418_8647813231538397006_n.jpg\" alt=\"\" width=\"900\" height=\"438\" srcset=\"https:\/\/static-blogs.diariosur.es\/wp-content\/uploads\/sites\/12\/2024\/05\/444928531_10228860306951418_8647813231538397006_n.jpg 900w, https:\/\/static-blogs.diariosur.es\/wp-content\/uploads\/sites\/12\/2024\/05\/444928531_10228860306951418_8647813231538397006_n-640x311.jpg 640w, https:\/\/static-blogs.diariosur.es\/wp-content\/uploads\/sites\/12\/2024\/05\/444928531_10228860306951418_8647813231538397006_n-768x374.jpg 768w\" sizes=\"(max-width: 900px) 100vw, 900px\" \/><\/a><\/p>\n<p>&nbsp;<\/p>\n","protected":false},"excerpt":{"rendered":"<p>Buenos d\u00edas, amigos de la meteo. Comenzamos una nueva semana y seguimos con poniente aterralado. Hoy lunes la temperatura m\u00ednima en el Aeropuerto ha sido de 17.3\u00baC, destacar Archidona Huertas del R\u00edo con 6.8\u00bac y Ronda con 9.5\u00baC. Nuevamente se esperan rachas fuertes de poniente y terral en la costa malague\u00f1a. Ayer domingo la temperatura [&hellip;]<\/p>\n","protected":false},"author":16,"featured_media":40742,"comment_status":"open","ping_status":"open","sticky":false,"template":"","format":"standard","meta":[],"categories":[2],"tags":[358,587,791,800,975],"_links":{"self":[{"href":"https:\/\/blogs.diariosur.es\/tormentas-y-rayos\/wp-json\/wp\/v2\/posts\/40741"}],"collection":[{"href":"https:\/\/blogs.diariosur.es\/tormentas-y-rayos\/wp-json\/wp\/v2\/posts"}],"about":[{"href":"https:\/\/blogs.diariosur.es\/tormentas-y-rayos\/wp-json\/wp\/v2\/types\/post"}],"author":[{"embeddable":true,"href":"https:\/\/blogs.diariosur.es\/tormentas-y-rayos\/wp-json\/wp\/v2\/users\/16"}],"replies":[{"embeddable":true,"href":"https:\/\/blogs.diariosur.es\/tormentas-y-rayos\/wp-json\/wp\/v2\/comments?post=40741"}],"version-history":[{"count":1,"href":"https:\/\/blogs.diariosur.es\/tormentas-y-rayos\/wp-json\/wp\/v2\/posts\/40741\/revisions"}],"predecessor-version":[{"id":40743,"href":"https:\/\/blogs.diariosur.es\/tormentas-y-rayos\/wp-json\/wp\/v2\/posts\/40741\/revisions\/40743"}],"wp:featuredmedia":[{"embeddable":true,"href":"https:\/\/blogs.diariosur.es\/tormentas-y-rayos\/wp-json\/wp\/v2\/media\/40742"}],"wp:attachment":[{"href":"https:\/\/blogs.diariosur.es\/tormentas-y-rayos\/wp-json\/wp\/v2\/media?parent=40741"}],"wp:term":[{"taxonomy":"category","embeddable":true,"href":"https:\/\/blogs.diariosur.es\/tormentas-y-rayos\/wp-json\/wp\/v2\/categories?post=40741"},{"taxonomy":"post_tag","embeddable":true,"href":"https:\/\/blogs.diariosur.es\/tormentas-y-rayos\/wp-json\/wp\/v2\/tags?post=40741"}],"curies":[{"name":"wp","href":"https:\/\/api.w.org\/{rel}","templated":true}]}}