{"id":40747,"date":"2024-05-22T07:37:46","date_gmt":"2024-05-22T05:37:46","guid":{"rendered":"https:\/\/blogs.diariosur.es\/tormentas-y-rayos\/?p=40747"},"modified":"2024-05-22T07:37:46","modified_gmt":"2024-05-22T05:37:46","slug":"el-tiempo-en-la-provincia-de-malaga-por-finnnnn","status":"publish","type":"post","link":"https:\/\/blogs.diariosur.es\/tormentas-y-rayos\/2024\/05\/22\/el-tiempo-en-la-provincia-de-malaga-por-finnnnn\/","title":{"rendered":"El tiempo en la provincia de M\u00e1laga. \u00a1Por finnnnn!"},"content":{"rendered":"<p><a href=\"https:\/\/static-blogs.diariosur.es\/wp-content\/uploads\/sites\/12\/2024\/02\/379337914_10227628075666406_6248628726251100327_n.jpg\"><img loading=\"lazy\" class=\"aligncenter size-thumbnail wp-image-39879\" src=\"https:\/\/static-blogs.diariosur.es\/wp-content\/uploads\/sites\/12\/2024\/02\/379337914_10227628075666406_6248628726251100327_n-150x150.jpg\" alt=\"\" width=\"150\" height=\"150\" \/><\/a><\/p>\n<p>Buenos d\u00edas, amigos de la meteo. Cuando son las siete de la ma\u00f1ana en M\u00e1laga capital el Aeropuerto registra 18.7\u00baC, los cielos est\u00e1n poco nubosos y seguimos con poniente y terral. Nuevamente la temperatura m\u00e1xima rondar\u00e1 los 28\u00baC.<\/p>\n<p>Por fin hoy mi\u00e9rcoles por la tarde el poniente y el terral nos dar\u00e1 un respiro durante unos d\u00edas, sobre todo a los que somos al\u00e9rgicos al polen del olivo y gram\u00edneas que vivimos en la costa. Han sido con hoy nueve d\u00edas seguidos soplando, es probable que tantas veces no se haya dado en un mes de mayo.<\/p>\n<p>Hoy poquito que leer, ma\u00f1ana os dar\u00e9 la previsi\u00f3n del ultimo fin de semana del mes de mayo.<\/p>\n<p>Que bonita es M\u00e1laga.<\/p>\n<p>&nbsp;<\/p>\n<p><a href=\"https:\/\/static-blogs.diariosur.es\/wp-content\/uploads\/sites\/12\/2024\/05\/51608577132_c20695606d_b.jpg\"><img loading=\"lazy\" class=\"aligncenter size-full wp-image-40748\" src=\"https:\/\/static-blogs.diariosur.es\/wp-content\/uploads\/sites\/12\/2024\/05\/51608577132_c20695606d_b.jpg\" alt=\"\" width=\"1024\" height=\"683\" srcset=\"https:\/\/static-blogs.diariosur.es\/wp-content\/uploads\/sites\/12\/2024\/05\/51608577132_c20695606d_b.jpg 1024w, https:\/\/static-blogs.diariosur.es\/wp-content\/uploads\/sites\/12\/2024\/05\/51608577132_c20695606d_b-600x400.jpg 600w, https:\/\/static-blogs.diariosur.es\/wp-content\/uploads\/sites\/12\/2024\/05\/51608577132_c20695606d_b-768x512.jpg 768w\" sizes=\"(max-width: 1024px) 100vw, 1024px\" \/><\/a><\/p>\n<p>&nbsp;<\/p>\n<p>&nbsp;<\/p>\n","protected":false},"excerpt":{"rendered":"<p>Buenos d\u00edas, amigos de la meteo. Cuando son las siete de la ma\u00f1ana en M\u00e1laga capital el Aeropuerto registra 18.7\u00baC, los cielos est\u00e1n poco nubosos y seguimos con poniente y terral. Nuevamente la temperatura m\u00e1xima rondar\u00e1 los 28\u00baC. Por fin hoy mi\u00e9rcoles por la tarde el poniente y el terral nos dar\u00e1 un respiro durante [&hellip;]<\/p>\n","protected":false},"author":16,"featured_media":40748,"comment_status":"open","ping_status":"open","sticky":false,"template":"","format":"standard","meta":[],"categories":[2],"tags":[],"_links":{"self":[{"href":"https:\/\/blogs.diariosur.es\/tormentas-y-rayos\/wp-json\/wp\/v2\/posts\/40747"}],"collection":[{"href":"https:\/\/blogs.diariosur.es\/tormentas-y-rayos\/wp-json\/wp\/v2\/posts"}],"about":[{"href":"https:\/\/blogs.diariosur.es\/tormentas-y-rayos\/wp-json\/wp\/v2\/types\/post"}],"author":[{"embeddable":true,"href":"https:\/\/blogs.diariosur.es\/tormentas-y-rayos\/wp-json\/wp\/v2\/users\/16"}],"replies":[{"embeddable":true,"href":"https:\/\/blogs.diariosur.es\/tormentas-y-rayos\/wp-json\/wp\/v2\/comments?post=40747"}],"version-history":[{"count":1,"href":"https:\/\/blogs.diariosur.es\/tormentas-y-rayos\/wp-json\/wp\/v2\/posts\/40747\/revisions"}],"predecessor-version":[{"id":40749,"href":"https:\/\/blogs.diariosur.es\/tormentas-y-rayos\/wp-json\/wp\/v2\/posts\/40747\/revisions\/40749"}],"wp:featuredmedia":[{"embeddable":true,"href":"https:\/\/blogs.diariosur.es\/tormentas-y-rayos\/wp-json\/wp\/v2\/media\/40748"}],"wp:attachment":[{"href":"https:\/\/blogs.diariosur.es\/tormentas-y-rayos\/wp-json\/wp\/v2\/media?parent=40747"}],"wp:term":[{"taxonomy":"category","embeddable":true,"href":"https:\/\/blogs.diariosur.es\/tormentas-y-rayos\/wp-json\/wp\/v2\/categories?post=40747"},{"taxonomy":"post_tag","embeddable":true,"href":"https:\/\/blogs.diariosur.es\/tormentas-y-rayos\/wp-json\/wp\/v2\/tags?post=40747"}],"curies":[{"name":"wp","href":"https:\/\/api.w.org\/{rel}","templated":true}]}}