{"id":40750,"date":"2024-05-23T08:01:15","date_gmt":"2024-05-23T06:01:15","guid":{"rendered":"https:\/\/blogs.diariosur.es\/tormentas-y-rayos\/?p=40750"},"modified":"2024-05-23T08:01:15","modified_gmt":"2024-05-23T06:01:15","slug":"podremos-ir-a-la-playa-este-fin-de-semana-en-la-provincia-de-malaga-si-amigos-perooooo","status":"publish","type":"post","link":"https:\/\/blogs.diariosur.es\/tormentas-y-rayos\/2024\/05\/23\/podremos-ir-a-la-playa-este-fin-de-semana-en-la-provincia-de-malaga-si-amigos-perooooo\/","title":{"rendered":"\u00bfPodremos ir a la playa este fin de semana en la provincia de M\u00e1laga? Si amigos, perooooo"},"content":{"rendered":"<p><a href=\"https:\/\/static-blogs.diariosur.es\/wp-content\/uploads\/sites\/12\/2024\/05\/444912498_10228884468795449_97962860407814916_n.jpg\"><img loading=\"lazy\" class=\"aligncenter size-thumbnail wp-image-40751\" src=\"https:\/\/static-blogs.diariosur.es\/wp-content\/uploads\/sites\/12\/2024\/05\/444912498_10228884468795449_97962860407814916_n-150x150.jpg\" alt=\"\" width=\"150\" height=\"150\" \/><\/a><\/p>\n<p>Buenos d\u00edas, amigos de la meteo. Cuando son las siete y media de la ma\u00f1ana en M\u00e1laga capital, el Aeropuerto registra 16 grados, los cielos est\u00e1n con nubes altas y el viento sopla flojo de direcci\u00f3n variable. Ayer la temperatura m\u00e1xima se registro en \u00c1lora con 30.9\u00baC, en M\u00e1laga capital 28.1\u00baC. Os recuerdo que a partir de las 21:47 saldr\u00e1 una bonita luna llena.<\/p>\n<p>Tanto hoy jueves como ma\u00f1ana viernes hay probabilidad de tar\u00f3 en algunos puntos de la costa malague\u00f1a, lo m\u00e1s seguro es que no entre a tierra. Ma\u00f1ana viernes hay probabilidad de polvo en suspensi\u00f3n, pero no se espera una concentraci\u00f3n muy alta. Temperaturas m\u00e1ximas que rondaran entre los 23 y 30\u00baC, las m\u00e1s altas en la comarca de Antequera.<\/p>\n<h3><span style=\"color: #ff0000;\"><strong>\u00bfPodremos ir a la playa este fin de semana en la provincia de M\u00e1laga? Si amigos, perooooo<\/strong><\/span><\/h3>\n<p>Tranquilidad con el peroooo, porque lo \u00fanico fastidioso ser\u00e1 que a los que no les guste el agua fr\u00eda no se podr\u00e1n ba\u00f1ar, es muy probable que la temperatura del agua mar este a <span style=\"color: #0000ff;\"><strong>16\u00baC<\/strong><\/span>. Hoy jueves a las 7:45 registra la boya 15.2\u00baC, la verdad que bastante fr\u00eda.<\/p>\n<p>Por lo dem\u00e1s no se esperan rachas fuertes de viento, probabilidad de precipitaciones del 0%, y temperaturas m\u00e1ximas que rondaran entre los 24 y 31 grados. Las m\u00e1ximas m\u00e1s altas por el interior de la provincia malague\u00f1a. Nuevamente hay probabilidad de tar\u00f3 en la costa malague\u00f1a, lo que no tengo muy claro es si entrara a tierra.<\/p>\n<p>Los que no quieran ir a la playa, el interior de la provincia de M\u00e1laga esta precioso.<\/p>\n<p>Os dejo con esta foto de tal d\u00eda como hoy del a\u00f1o pasado. No cayo ni una gotilla<\/p>\n<p>&nbsp;<\/p>\n<p><a href=\"https:\/\/static-blogs.diariosur.es\/wp-content\/uploads\/sites\/12\/2024\/05\/283155372_10224569418081878_7368003076939516931_n.jpg\"><img loading=\"lazy\" class=\"aligncenter size-full wp-image-40752\" src=\"https:\/\/static-blogs.diariosur.es\/wp-content\/uploads\/sites\/12\/2024\/05\/283155372_10224569418081878_7368003076939516931_n.jpg\" alt=\"\" width=\"1200\" height=\"800\" srcset=\"https:\/\/static-blogs.diariosur.es\/wp-content\/uploads\/sites\/12\/2024\/05\/283155372_10224569418081878_7368003076939516931_n.jpg 1200w, https:\/\/static-blogs.diariosur.es\/wp-content\/uploads\/sites\/12\/2024\/05\/283155372_10224569418081878_7368003076939516931_n-600x400.jpg 600w, https:\/\/static-blogs.diariosur.es\/wp-content\/uploads\/sites\/12\/2024\/05\/283155372_10224569418081878_7368003076939516931_n-768x512.jpg 768w\" sizes=\"(max-width: 1200px) 100vw, 1200px\" \/><\/a><\/p>\n","protected":false},"excerpt":{"rendered":"<p>Buenos d\u00edas, amigos de la meteo. Cuando son las siete y media de la ma\u00f1ana en M\u00e1laga capital, el Aeropuerto registra 16 grados, los cielos est\u00e1n con nubes altas y el viento sopla flojo de direcci\u00f3n variable. Ayer la temperatura m\u00e1xima se registro en \u00c1lora con 30.9\u00baC, en M\u00e1laga capital 28.1\u00baC. Os recuerdo que a [&hellip;]<\/p>\n","protected":false},"author":16,"featured_media":40753,"comment_status":"open","ping_status":"open","sticky":false,"template":"","format":"standard","meta":[],"categories":[2],"tags":[358,587,800],"_links":{"self":[{"href":"https:\/\/blogs.diariosur.es\/tormentas-y-rayos\/wp-json\/wp\/v2\/posts\/40750"}],"collection":[{"href":"https:\/\/blogs.diariosur.es\/tormentas-y-rayos\/wp-json\/wp\/v2\/posts"}],"about":[{"href":"https:\/\/blogs.diariosur.es\/tormentas-y-rayos\/wp-json\/wp\/v2\/types\/post"}],"author":[{"embeddable":true,"href":"https:\/\/blogs.diariosur.es\/tormentas-y-rayos\/wp-json\/wp\/v2\/users\/16"}],"replies":[{"embeddable":true,"href":"https:\/\/blogs.diariosur.es\/tormentas-y-rayos\/wp-json\/wp\/v2\/comments?post=40750"}],"version-history":[{"count":2,"href":"https:\/\/blogs.diariosur.es\/tormentas-y-rayos\/wp-json\/wp\/v2\/posts\/40750\/revisions"}],"predecessor-version":[{"id":40756,"href":"https:\/\/blogs.diariosur.es\/tormentas-y-rayos\/wp-json\/wp\/v2\/posts\/40750\/revisions\/40756"}],"wp:featuredmedia":[{"embeddable":true,"href":"https:\/\/blogs.diariosur.es\/tormentas-y-rayos\/wp-json\/wp\/v2\/media\/40753"}],"wp:attachment":[{"href":"https:\/\/blogs.diariosur.es\/tormentas-y-rayos\/wp-json\/wp\/v2\/media?parent=40750"}],"wp:term":[{"taxonomy":"category","embeddable":true,"href":"https:\/\/blogs.diariosur.es\/tormentas-y-rayos\/wp-json\/wp\/v2\/categories?post=40750"},{"taxonomy":"post_tag","embeddable":true,"href":"https:\/\/blogs.diariosur.es\/tormentas-y-rayos\/wp-json\/wp\/v2\/tags?post=40750"}],"curies":[{"name":"wp","href":"https:\/\/api.w.org\/{rel}","templated":true}]}}