{"id":40770,"date":"2024-05-26T20:56:04","date_gmt":"2024-05-26T18:56:04","guid":{"rendered":"https:\/\/blogs.diariosur.es\/tormentas-y-rayos\/?p=40770"},"modified":"2024-05-26T20:56:04","modified_gmt":"2024-05-26T18:56:04","slug":"hay-probabilidad-manana-lunes-de-terral-en-la-provincia-malaguena","status":"publish","type":"post","link":"https:\/\/blogs.diariosur.es\/tormentas-y-rayos\/2024\/05\/26\/hay-probabilidad-manana-lunes-de-terral-en-la-provincia-malaguena\/","title":{"rendered":"\u00bfHay probabilidad ma\u00f1ana lunes de terral en la provincia malague\u00f1a?"},"content":{"rendered":"<p><a href=\"https:\/\/static-blogs.diariosur.es\/wp-content\/uploads\/sites\/12\/2024\/05\/444912498_10228884468795449_97962860407814916_n.jpg\"><img loading=\"lazy\" class=\"aligncenter size-thumbnail wp-image-40751\" src=\"https:\/\/static-blogs.diariosur.es\/wp-content\/uploads\/sites\/12\/2024\/05\/444912498_10228884468795449_97962860407814916_n-150x150.jpg\" alt=\"\" width=\"150\" height=\"150\" \/><\/a><\/p>\n<p>Buenas tardes noches, amigos de la meteo. La temperatura m\u00e1xima de Espa\u00f1a la ha dado hoy domingo Montoro (C\u00f3rdoba) con 37.4\u00b0C, en la provincia malague\u00f1a M\u00e1laga capital con 26.6\u00b0C, \u00c1lora 31.9, Fuente Piedra 32.6, Antequera 31.4 y Ronda con 30.5\u00b0C. Destacar el polvo en suspensi\u00f3n (calima) que hemos tenido.<\/p>\n<h3><span style=\"color: #ff0000;\">\u00bfHay probabilidad ma\u00f1ana lunes de terral en la provincia malague\u00f1a?<\/span><\/h3>\n<p>Si hay probabilidad amigos, sobre todo en el interior del Valle del Guadalhorce, donde en algunos puntos pueden llegar a los 35 y 36\u00b0C. En M\u00e1laga capital la probabilidad es muy baja, debido a las brisas de mar que tendremos en la costa, que traer\u00e1n nubes bajas, brumas y peque\u00f1a probabilidad de tar\u00f3. La m\u00e1xima en la capital malague\u00f1a rondar\u00e1 entre los 25\u00baC y 29\u00b0C seg\u00fan barrios.<\/p>\n<p>El martes bajar\u00e1n las temperaturas m\u00e1ximas en toda la provincia, rondaran entre los 23 y 27 27\u00b0C, en M\u00e1laga capital debido al levante no sobrepasaran los 23.<\/p>\n<p>Nos vemos ma\u00f1ana.<\/p>\n<p>&nbsp;<\/p>\n<p>&nbsp;<\/p>\n<p>&nbsp;<\/p>\n<p>&nbsp;<\/p>\n<p>&nbsp;<\/p>\n<p>&nbsp;<\/p>\n","protected":false},"excerpt":{"rendered":"<p>Buenas tardes noches, amigos de la meteo. La temperatura m\u00e1xima de Espa\u00f1a la ha dado hoy domingo Montoro (C\u00f3rdoba) con 37.4\u00b0C, en la provincia malague\u00f1a M\u00e1laga capital con 26.6\u00b0C, \u00c1lora 31.9, Fuente Piedra 32.6, Antequera 31.4 y Ronda con 30.5\u00b0C. Destacar el polvo en suspensi\u00f3n (calima) que hemos tenido. \u00bfHay probabilidad ma\u00f1ana lunes de terral [&hellip;]<\/p>\n","protected":false},"author":16,"featured_media":40774,"comment_status":"open","ping_status":"open","sticky":false,"template":"","format":"standard","meta":[],"categories":[2],"tags":[358,579,587,800,975],"_links":{"self":[{"href":"https:\/\/blogs.diariosur.es\/tormentas-y-rayos\/wp-json\/wp\/v2\/posts\/40770"}],"collection":[{"href":"https:\/\/blogs.diariosur.es\/tormentas-y-rayos\/wp-json\/wp\/v2\/posts"}],"about":[{"href":"https:\/\/blogs.diariosur.es\/tormentas-y-rayos\/wp-json\/wp\/v2\/types\/post"}],"author":[{"embeddable":true,"href":"https:\/\/blogs.diariosur.es\/tormentas-y-rayos\/wp-json\/wp\/v2\/users\/16"}],"replies":[{"embeddable":true,"href":"https:\/\/blogs.diariosur.es\/tormentas-y-rayos\/wp-json\/wp\/v2\/comments?post=40770"}],"version-history":[{"count":4,"href":"https:\/\/blogs.diariosur.es\/tormentas-y-rayos\/wp-json\/wp\/v2\/posts\/40770\/revisions"}],"predecessor-version":[{"id":40775,"href":"https:\/\/blogs.diariosur.es\/tormentas-y-rayos\/wp-json\/wp\/v2\/posts\/40770\/revisions\/40775"}],"wp:featuredmedia":[{"embeddable":true,"href":"https:\/\/blogs.diariosur.es\/tormentas-y-rayos\/wp-json\/wp\/v2\/media\/40774"}],"wp:attachment":[{"href":"https:\/\/blogs.diariosur.es\/tormentas-y-rayos\/wp-json\/wp\/v2\/media?parent=40770"}],"wp:term":[{"taxonomy":"category","embeddable":true,"href":"https:\/\/blogs.diariosur.es\/tormentas-y-rayos\/wp-json\/wp\/v2\/categories?post=40770"},{"taxonomy":"post_tag","embeddable":true,"href":"https:\/\/blogs.diariosur.es\/tormentas-y-rayos\/wp-json\/wp\/v2\/tags?post=40770"}],"curies":[{"name":"wp","href":"https:\/\/api.w.org\/{rel}","templated":true}]}}