{"id":40776,"date":"2024-05-27T19:33:40","date_gmt":"2024-05-27T17:33:40","guid":{"rendered":"https:\/\/blogs.diariosur.es\/tormentas-y-rayos\/?p=40776"},"modified":"2024-05-27T19:34:49","modified_gmt":"2024-05-27T17:34:49","slug":"llegan-esta-semana-los-37-y-40c-se-activaran-avisos-por-altas-temperaturas-en-andalucia","status":"publish","type":"post","link":"https:\/\/blogs.diariosur.es\/tormentas-y-rayos\/2024\/05\/27\/llegan-esta-semana-los-37-y-40c-se-activaran-avisos-por-altas-temperaturas-en-andalucia\/","title":{"rendered":"Llegan esta semana los 37 y 40\u00b0C a Andaluc\u00eda. Se activar\u00e1n avisos por altas temperaturas."},"content":{"rendered":"<p><a href=\"https:\/\/static-blogs.diariosur.es\/wp-content\/uploads\/sites\/12\/2024\/05\/444912498_10228884468795449_97962860407814916_n.jpg\"><img loading=\"lazy\" class=\"aligncenter size-thumbnail wp-image-40751\" src=\"https:\/\/static-blogs.diariosur.es\/wp-content\/uploads\/sites\/12\/2024\/05\/444912498_10228884468795449_97962860407814916_n-150x150.jpg\" alt=\"\" width=\"150\" height=\"150\" \/><\/a><\/p>\n<p>Buenas tardes, amigos de la meteo. Se cumplen las previsiones que daba ayer y el terral ha sido protagonista en el interior del Valle del Guadalhorce. Destacar estas temperaturas. Fuente aemet, meteoclimatic, Wunderground.<\/p>\n<p>\u00c1lora 36.7\u00baC<\/p>\n<p>Pizarra 35\u00b0C<\/p>\n<p>Alhaur\u00edn de la Torre 34.3\u00b0C<\/p>\n<p>El Colmenar las Buitreras 34.9\u00b0C<\/p>\n<p>Ojen 35.8\u00b0C<\/p>\n<p>Tolox 34.2\u00baC<\/p>\n<p>C\u00e1rtama 33.4\u00baC<\/p>\n<p>En la capital malague\u00f1a, el Centro Meteorol\u00f3gico ha registrado 27.7\u00b0C, Aeropuerto 26.6\u00baC y el Puerto 24\u00b0C, aqu\u00ed\u00a0 predominaba la brisa marina.<\/p>\n<p>Ma\u00f1ana martes bajaran las temperaturas m\u00e1ximas en toda la provincia malague\u00f1a, rondaran entre los 23\u00baC y 28\u00baC.<\/p>\n<h3><span style=\"color: #ff0000;\">Llegan esta semana los 37 y 40\u00b0C. Se activar\u00e1n avisos por altas temperaturas en Andaluc\u00eda.<\/span><\/h3>\n<p>&nbsp;<\/p>\n<p>El jueves y el vienes se esperan temperaturas m\u00e1ximas muy altas en el Valle del Guadalquivir, pueden llegar a los 40\u00b0C en algunos puntos de la campi\u00f1a sevillana y cordobesa. Tambi\u00e9n se espera mucho calor en Ja\u00e9n, e interior de las provincias de Huelva y Granada, donde se aproximaran a los 36 y 38\u00b0C. De cumplirse estos avisos, ser\u00e1n los primeros de la primavera 2024.<\/p>\n<p>En la provincia malague\u00f1a no se espera tanta calor, las temperaturas rondar\u00e1n entre los 25 y 31\u00b0C, d\u00e1ndose las m\u00e1s altas en la comarca de Antequera.<\/p>\n<p>Con el comienzo del verano meteorol\u00f3gico, tendremos en toda Andaluc\u00eda un descenso de las temperaturas m\u00e1ximas y m\u00ednimas el s\u00e1bado y el domingo.<\/p>\n<p>&nbsp;<\/p>\n<p>&nbsp;<\/p>\n<p>&nbsp;<\/p>\n","protected":false},"excerpt":{"rendered":"<p>Buenas tardes, amigos de la meteo. Se cumplen las previsiones que daba ayer y el terral ha sido protagonista en el interior del Valle del Guadalhorce. Destacar estas temperaturas. Fuente aemet, meteoclimatic, Wunderground. \u00c1lora 36.7\u00baC Pizarra 35\u00b0C Alhaur\u00edn de la Torre 34.3\u00b0C El Colmenar las Buitreras 34.9\u00b0C Ojen 35.8\u00b0C Tolox 34.2\u00baC C\u00e1rtama 33.4\u00baC En la [&hellip;]<\/p>\n","protected":false},"author":16,"featured_media":39629,"comment_status":"open","ping_status":"open","sticky":false,"template":"","format":"standard","meta":[],"categories":[2],"tags":[81,100,151,358,587,962],"_links":{"self":[{"href":"https:\/\/blogs.diariosur.es\/tormentas-y-rayos\/wp-json\/wp\/v2\/posts\/40776"}],"collection":[{"href":"https:\/\/blogs.diariosur.es\/tormentas-y-rayos\/wp-json\/wp\/v2\/posts"}],"about":[{"href":"https:\/\/blogs.diariosur.es\/tormentas-y-rayos\/wp-json\/wp\/v2\/types\/post"}],"author":[{"embeddable":true,"href":"https:\/\/blogs.diariosur.es\/tormentas-y-rayos\/wp-json\/wp\/v2\/users\/16"}],"replies":[{"embeddable":true,"href":"https:\/\/blogs.diariosur.es\/tormentas-y-rayos\/wp-json\/wp\/v2\/comments?post=40776"}],"version-history":[{"count":7,"href":"https:\/\/blogs.diariosur.es\/tormentas-y-rayos\/wp-json\/wp\/v2\/posts\/40776\/revisions"}],"predecessor-version":[{"id":40783,"href":"https:\/\/blogs.diariosur.es\/tormentas-y-rayos\/wp-json\/wp\/v2\/posts\/40776\/revisions\/40783"}],"wp:featuredmedia":[{"embeddable":true,"href":"https:\/\/blogs.diariosur.es\/tormentas-y-rayos\/wp-json\/wp\/v2\/media\/39629"}],"wp:attachment":[{"href":"https:\/\/blogs.diariosur.es\/tormentas-y-rayos\/wp-json\/wp\/v2\/media?parent=40776"}],"wp:term":[{"taxonomy":"category","embeddable":true,"href":"https:\/\/blogs.diariosur.es\/tormentas-y-rayos\/wp-json\/wp\/v2\/categories?post=40776"},{"taxonomy":"post_tag","embeddable":true,"href":"https:\/\/blogs.diariosur.es\/tormentas-y-rayos\/wp-json\/wp\/v2\/tags?post=40776"}],"curies":[{"name":"wp","href":"https:\/\/api.w.org\/{rel}","templated":true}]}}