{"id":40784,"date":"2024-05-29T13:03:08","date_gmt":"2024-05-29T11:03:08","guid":{"rendered":"https:\/\/blogs.diariosur.es\/tormentas-y-rayos\/?p=40784"},"modified":"2024-05-29T13:03:08","modified_gmt":"2024-05-29T11:03:08","slug":"pueden-llegar-los-40c-el-tiempo-en-andalucia-se-activan-avisos-por-altas-temperaturas","status":"publish","type":"post","link":"https:\/\/blogs.diariosur.es\/tormentas-y-rayos\/2024\/05\/29\/pueden-llegar-los-40c-el-tiempo-en-andalucia-se-activan-avisos-por-altas-temperaturas\/","title":{"rendered":"\u00bfPueden llegar los 40\u00b0C? El tiempo en Andaluc\u00eda. Se activan avisos por altas temperaturas."},"content":{"rendered":"<blockquote><p><a href=\"https:\/\/static-blogs.diariosur.es\/wp-content\/uploads\/sites\/12\/2024\/05\/444912498_10228884468795449_97962860407814916_n.jpg\"><img loading=\"lazy\" class=\"aligncenter size-thumbnail wp-image-40751\" src=\"https:\/\/static-blogs.diariosur.es\/wp-content\/uploads\/sites\/12\/2024\/05\/444912498_10228884468795449_97962860407814916_n-150x150.jpg\" alt=\"\" width=\"150\" height=\"150\" \/><\/a><\/p><\/blockquote>\n<p>Buenas tardes, amigos de la meteo. Se cumple lo que comentaba hace unos d\u00edas, la aemet activa el aviso amarillo por altas temperaturas el jueves y viernes en las provincias de Sevilla, C\u00f3rdoba y Ja\u00e9n. Este aviso es por temperaturas de 38\u00b0C, pero pueden llegar a 39 y 40\u00b0C en las campi\u00f1a sevillana y cordobesa. De cumplirse el viernes los cuarenta grados, el aviso ser\u00e1 naranja. Son los primeros avisos por altas temperaturas de la primavera 2024. El s\u00e1bado comienza el verano meteorol\u00f3gico.<\/p>\n<p><strong>Las provincias donde har\u00e1 menos calor ser\u00e1n las de M\u00e1laga y Almeria, rondar\u00e1n los 25 y 31 grados. De momento el para\u00edso.<\/strong><\/p>\n<p><strong>En las dem\u00e1s provincias que est\u00e1n en aviso entre los 26 y 37 grados.<\/strong><\/p>\n<p>Ma\u00f1ana os dar\u00e9 la previsi\u00f3n del primer fin de semana del verano meteorol\u00f3gico. Hay cambios.<\/p>\n<p>&nbsp;<\/p>\n<p><a href=\"https:\/\/static-blogs.diariosur.es\/wp-content\/uploads\/sites\/12\/2024\/05\/FB_IMG_1716979761749.jpg\"><img loading=\"lazy\" class=\"aligncenter size-full wp-image-40790\" src=\"https:\/\/static-blogs.diariosur.es\/wp-content\/uploads\/sites\/12\/2024\/05\/FB_IMG_1716979761749-e1716979811502.jpg\" alt=\"\" width=\"1200\" height=\"900\" \/><\/a><\/p>\n","protected":false},"excerpt":{"rendered":"<p>Buenas tardes, amigos de la meteo. Se cumple lo que comentaba hace unos d\u00edas, la aemet activa el aviso amarillo por altas temperaturas el jueves y viernes en las provincias de Sevilla, C\u00f3rdoba y Ja\u00e9n. Este aviso es por temperaturas de 38\u00b0C, pero pueden llegar a 39 y 40\u00b0C en las campi\u00f1a sevillana y cordobesa. [&hellip;]<\/p>\n","protected":false},"author":16,"featured_media":40790,"comment_status":"open","ping_status":"open","sticky":false,"template":"","format":"standard","meta":[],"categories":[2],"tags":[],"_links":{"self":[{"href":"https:\/\/blogs.diariosur.es\/tormentas-y-rayos\/wp-json\/wp\/v2\/posts\/40784"}],"collection":[{"href":"https:\/\/blogs.diariosur.es\/tormentas-y-rayos\/wp-json\/wp\/v2\/posts"}],"about":[{"href":"https:\/\/blogs.diariosur.es\/tormentas-y-rayos\/wp-json\/wp\/v2\/types\/post"}],"author":[{"embeddable":true,"href":"https:\/\/blogs.diariosur.es\/tormentas-y-rayos\/wp-json\/wp\/v2\/users\/16"}],"replies":[{"embeddable":true,"href":"https:\/\/blogs.diariosur.es\/tormentas-y-rayos\/wp-json\/wp\/v2\/comments?post=40784"}],"version-history":[{"count":7,"href":"https:\/\/blogs.diariosur.es\/tormentas-y-rayos\/wp-json\/wp\/v2\/posts\/40784\/revisions"}],"predecessor-version":[{"id":40792,"href":"https:\/\/blogs.diariosur.es\/tormentas-y-rayos\/wp-json\/wp\/v2\/posts\/40784\/revisions\/40792"}],"wp:featuredmedia":[{"embeddable":true,"href":"https:\/\/blogs.diariosur.es\/tormentas-y-rayos\/wp-json\/wp\/v2\/media\/40790"}],"wp:attachment":[{"href":"https:\/\/blogs.diariosur.es\/tormentas-y-rayos\/wp-json\/wp\/v2\/media?parent=40784"}],"wp:term":[{"taxonomy":"category","embeddable":true,"href":"https:\/\/blogs.diariosur.es\/tormentas-y-rayos\/wp-json\/wp\/v2\/categories?post=40784"},{"taxonomy":"post_tag","embeddable":true,"href":"https:\/\/blogs.diariosur.es\/tormentas-y-rayos\/wp-json\/wp\/v2\/tags?post=40784"}],"curies":[{"name":"wp","href":"https:\/\/api.w.org\/{rel}","templated":true}]}}