{"id":40796,"date":"2024-05-30T07:47:17","date_gmt":"2024-05-30T05:47:17","guid":{"rendered":"https:\/\/blogs.diariosur.es\/tormentas-y-rayos\/?p=40796"},"modified":"2024-05-30T07:47:38","modified_gmt":"2024-05-30T05:47:38","slug":"llega-el-verano-meteorologico-el-fin-de-semana-playa-si-o-no-tendremos-terral-poniente-o-levante-en-la-costa-de-malaga","status":"publish","type":"post","link":"https:\/\/blogs.diariosur.es\/tormentas-y-rayos\/2024\/05\/30\/llega-el-verano-meteorologico-el-fin-de-semana-playa-si-o-no-tendremos-terral-poniente-o-levante-en-la-costa-de-malaga\/","title":{"rendered":"Llega el verano meteorol\u00f3gico el fin de semana,  playa si o no. \u00bfTendremos terral, poniente o levante en la costa de M\u00e1laga?"},"content":{"rendered":"<p><a href=\"https:\/\/static-blogs.diariosur.es\/wp-content\/uploads\/sites\/12\/2024\/05\/444912498_10228884468795449_97962860407814916_n.jpg\"><img loading=\"lazy\" class=\"aligncenter size-thumbnail wp-image-40751\" src=\"https:\/\/static-blogs.diariosur.es\/wp-content\/uploads\/sites\/12\/2024\/05\/444912498_10228884468795449_97962860407814916_n-150x150.jpg\" alt=\"\" width=\"150\" height=\"150\" \/><\/a><\/p>\n<p>Buenos d\u00edas, amigos de la meteo. Cuando son las siete de la ma\u00f1ana en M\u00e1laga capital, mi estaci\u00f3n registra 18.9\u00b0C, los cielos est\u00e1n despejados y el viento sopla flojo de direcci\u00f3n variable. La temperatura m\u00e1xima prevista hoy jueves en la costa malague\u00f1a rondar\u00e1 entre los 23 y 25\u00b0C, por el interior de la provincia entre los 25 y 32\u00b0C.<\/p>\n<p>Las provincias de Sevilla, C\u00f3rdoba y Ja\u00e9n est\u00e1n en aviso amarillo por altas temperaturas tanto hoy como ma\u00f1ana viernes.<\/p>\n<h3><span style=\"color: #0000ff;\"><strong>Llega el verano meteorol\u00f3gico el fin de semana, playa si o no. \u00bfTendremos terral, poniente o levante en la costa de M\u00e1laga?<\/strong><\/span><\/h3>\n<p>Tanto el s\u00e1bado como el domingo no se esperan rachas fuertes de viento en la costa malague\u00f1a. solo en las comarcas de Ronda y Antequera se pueden dar rachas de moderadas a fuertes de levante. La probabilidad de precipitaciones es muy baja. La temperatura del agua del mar ha subido cinco grados, la boya de M\u00e1laga capital registro ayer 21\u00baC. Hay probabilidad de mag\u00f3n el fin de semana.<\/p>\n<p>En cuanto a las temperaturas m\u00e1ximas no creo que lleguen a los 29\u00baC.<\/p>\n<p>Os paso las temperaturas m\u00e1ximas y m\u00ednimas que prev\u00e9 la aemet.<\/p>\n<p><strong>S\u00c1BADO<\/strong><\/p>\n<p>&nbsp;<\/p>\n<p><a href=\"https:\/\/static-blogs.diariosur.es\/wp-content\/uploads\/sites\/12\/2024\/05\/sabado-1.jpg\"><img loading=\"lazy\" class=\"aligncenter size-full wp-image-40808\" src=\"https:\/\/static-blogs.diariosur.es\/wp-content\/uploads\/sites\/12\/2024\/05\/sabado-1.jpg\" alt=\"\" width=\"865\" height=\"671\" srcset=\"https:\/\/static-blogs.diariosur.es\/wp-content\/uploads\/sites\/12\/2024\/05\/sabado-1.jpg 865w, https:\/\/static-blogs.diariosur.es\/wp-content\/uploads\/sites\/12\/2024\/05\/sabado-1-516x400.jpg 516w, https:\/\/static-blogs.diariosur.es\/wp-content\/uploads\/sites\/12\/2024\/05\/sabado-1-768x596.jpg 768w\" sizes=\"(max-width: 865px) 100vw, 865px\" \/><\/a><\/p>\n<p>&nbsp;<\/p>\n<p><strong>DOMINGO<\/strong><\/p>\n<p><a href=\"https:\/\/static-blogs.diariosur.es\/wp-content\/uploads\/sites\/12\/2024\/05\/domingo-2.jpg\"><img loading=\"lazy\" class=\"aligncenter size-full wp-image-40809\" src=\"https:\/\/static-blogs.diariosur.es\/wp-content\/uploads\/sites\/12\/2024\/05\/domingo-2.jpg\" alt=\"\" width=\"871\" height=\"683\" srcset=\"https:\/\/static-blogs.diariosur.es\/wp-content\/uploads\/sites\/12\/2024\/05\/domingo-2.jpg 871w, https:\/\/static-blogs.diariosur.es\/wp-content\/uploads\/sites\/12\/2024\/05\/domingo-2-510x400.jpg 510w, https:\/\/static-blogs.diariosur.es\/wp-content\/uploads\/sites\/12\/2024\/05\/domingo-2-768x602.jpg 768w\" sizes=\"(max-width: 871px) 100vw, 871px\" \/><\/a><\/p>\n<p>&nbsp;<\/p>\n<p>Resumiendo, esta claro que playa siiiii.<\/p>\n<p>Si vais para la costa de C\u00e1diz, recordar que est\u00e1n en aviso amarillo por fen\u00f3menos costeros y viento.<\/p>\n","protected":false},"excerpt":{"rendered":"<p>Buenos d\u00edas, amigos de la meteo. Cuando son las siete de la ma\u00f1ana en M\u00e1laga capital, mi estaci\u00f3n registra 18.9\u00b0C, los cielos est\u00e1n despejados y el viento sopla flojo de direcci\u00f3n variable. La temperatura m\u00e1xima prevista hoy jueves en la costa malague\u00f1a rondar\u00e1 entre los 23 y 25\u00b0C, por el interior de la provincia entre [&hellip;]<\/p>\n","protected":false},"author":16,"featured_media":37399,"comment_status":"open","ping_status":"open","sticky":false,"template":"","format":"standard","meta":[],"categories":[2],"tags":[94,151,358,587,782,1052],"_links":{"self":[{"href":"https:\/\/blogs.diariosur.es\/tormentas-y-rayos\/wp-json\/wp\/v2\/posts\/40796"}],"collection":[{"href":"https:\/\/blogs.diariosur.es\/tormentas-y-rayos\/wp-json\/wp\/v2\/posts"}],"about":[{"href":"https:\/\/blogs.diariosur.es\/tormentas-y-rayos\/wp-json\/wp\/v2\/types\/post"}],"author":[{"embeddable":true,"href":"https:\/\/blogs.diariosur.es\/tormentas-y-rayos\/wp-json\/wp\/v2\/users\/16"}],"replies":[{"embeddable":true,"href":"https:\/\/blogs.diariosur.es\/tormentas-y-rayos\/wp-json\/wp\/v2\/comments?post=40796"}],"version-history":[{"count":13,"href":"https:\/\/blogs.diariosur.es\/tormentas-y-rayos\/wp-json\/wp\/v2\/posts\/40796\/revisions"}],"predecessor-version":[{"id":40811,"href":"https:\/\/blogs.diariosur.es\/tormentas-y-rayos\/wp-json\/wp\/v2\/posts\/40796\/revisions\/40811"}],"wp:featuredmedia":[{"embeddable":true,"href":"https:\/\/blogs.diariosur.es\/tormentas-y-rayos\/wp-json\/wp\/v2\/media\/37399"}],"wp:attachment":[{"href":"https:\/\/blogs.diariosur.es\/tormentas-y-rayos\/wp-json\/wp\/v2\/media?parent=40796"}],"wp:term":[{"taxonomy":"category","embeddable":true,"href":"https:\/\/blogs.diariosur.es\/tormentas-y-rayos\/wp-json\/wp\/v2\/categories?post=40796"},{"taxonomy":"post_tag","embeddable":true,"href":"https:\/\/blogs.diariosur.es\/tormentas-y-rayos\/wp-json\/wp\/v2\/tags?post=40796"}],"curies":[{"name":"wp","href":"https:\/\/api.w.org\/{rel}","templated":true}]}}