{"id":40813,"date":"2024-06-01T08:19:31","date_gmt":"2024-06-01T06:19:31","guid":{"rendered":"https:\/\/blogs.diariosur.es\/tormentas-y-rayos\/?p=40813"},"modified":"2024-06-01T08:19:31","modified_gmt":"2024-06-01T06:19:31","slug":"como-ha-sido-mayo-desde-el-ano-2014-al-2024-en-temperatura-media-y-precipitacion-en-malaga-capital","status":"publish","type":"post","link":"https:\/\/blogs.diariosur.es\/tormentas-y-rayos\/2024\/06\/01\/como-ha-sido-mayo-desde-el-ano-2014-al-2024-en-temperatura-media-y-precipitacion-en-malaga-capital\/","title":{"rendered":"\u00bfC\u00f3mo ha sido mayo desde el a\u00f1o 2014 al 2024 en temperatura media y precipitaci\u00f3n en M\u00e1laga capital?"},"content":{"rendered":"<p><a href=\"https:\/\/static-blogs.diariosur.es\/wp-content\/uploads\/sites\/12\/2024\/02\/379337914_10227628075666406_6248628726251100327_n.jpg\"><img loading=\"lazy\" class=\"aligncenter size-thumbnail wp-image-39879\" src=\"https:\/\/static-blogs.diariosur.es\/wp-content\/uploads\/sites\/12\/2024\/02\/379337914_10227628075666406_6248628726251100327_n-150x150.jpg\" alt=\"\" width=\"150\" height=\"150\" \/><\/a><\/p>\n<p>Buenos d\u00edas, amigos de la meteo. Comienza el verano meteorol\u00f3gico, la estaci\u00f3n que menos me gusta, si viviera en Santander o San Sebasti\u00e1n me gustar\u00eda m\u00e1s jijiii. Hoy hemos dado un temperatura m\u00ednima de 19.9\u00b0C, los cielos est\u00e1n nubosos debido al levante pero dentro de unas horas se ir\u00e1 quitando esta nubosidad, para volver nuevamente por la tarde noche.\u00a0 Ayer \u00faltimo d\u00eda de la primavera meteorol\u00f3gica, se registraron temperaturas de 39 y 40\u00b0C en el Valle del Guadalquivir e interior de Huelva, hoy bajar\u00e1n.<\/p>\n<h3><span style=\"color: #ff0000;\"><strong>\u00bfC\u00f3mo ha sido mayo desde el a\u00f1o 2014 al 2024 en temperatura media y precipitaci\u00f3n en M\u00e1laga capital?<\/strong><\/span><\/h3>\n<p>Como estoy aburrido, he ido mirando las temperatura media y precipitaci\u00f3n que hemos tenido en M\u00e1laga capital desde el a\u00f1o 2014 al 2024 en mayo, los datos son del Aeropuerto. Durante estos once a\u00f1os solo hemos tenido una temperatura media normal en el a\u00f1o 2018, todos los dem\u00e1s han sido c\u00e1lidos, muy c\u00e1lidos e incluso extremadamente c\u00e1lidos, as\u00ed lo cataloga la Aemet en sus res\u00famenes climatol\u00f3gicos.<\/p>\n<p>Destacar el a\u00f1o 2022 que fue el m\u00e1s c\u00e1lido desde que se tienen registros en el Aeropuerto, es decir a\u00f1o 1942. Este a\u00f1o se batieron todos los valores extremos de temperaturas medias. La temperatura m\u00e1xima m\u00e1s alta en un d\u00eda se dio el 16 de mayo de 2021 con\u00a035.6\u00baC.<\/p>\n<p>En cuanto a precipitaci\u00f3n destacar mayo de 2016 con un acumulado de 102 mm.<\/p>\n<p>Os pongo a continuaci\u00f3n temperatura media y preciptaci\u00f3n desde el a\u00f1o 2014 al 2024 en un mes de mayo. Recordar que la temperatura media es de <strong>19.4\u00baC<\/strong> y la de la precipitaci\u00f3n de <strong>20 mm.\u00a0<\/strong><\/p>\n<p><strong>Mayo 2014 temperatura media 20.7\u00baC, precipitaci\u00f3n acumulada 12,7 mm<\/strong><\/p>\n<p><strong>Mayo 2015 temperatura media 21.4\u00baC, precipitaci\u00f3n acumulada 21.4 mm<\/strong><\/p>\n<p><strong>Mayo 2016 temperatura media 19.8\u00baC, precipitaci\u00f3n acumulada 102 mm<\/strong><\/p>\n<p><strong>Mayo 2017 temperatura media 20.5\u00baC, precipitaci\u00f3n acumulada 31 mm<\/strong><\/p>\n<p><strong>Mayo 2018 temperatura media 19.4\u00baC, precipitaci\u00f3n acumulada 15 mm<\/strong><\/p>\n<p><strong>Mayo 2019 temperatura media 21.1\u00baC, precipitaci\u00f3n acumulada 0 mm<\/strong><\/p>\n<p><strong>Mayo 2020 temperatura media 20.7\u00baC, precipitaci\u00f3n acumulada 31.8 mm<\/strong><\/p>\n<p><strong>Mayo 2021 temperatura media 20.3\u00baC, precipitaci\u00f3n acumulada 42.3 mm<\/strong><\/p>\n<p><strong>Mayo 2022 temperatura media 21.7\u00baC, precipitaci\u00f3n acumulada 12 mm<\/strong><\/p>\n<p><strong>Mayo 2023 temperatura media 20.5\u00baC, precipitaci\u00f3n acumulada 6.4 mm<\/strong><\/p>\n<p><strong>Mayo 2024 temperatura media 20.8\u00baC, precipitaci\u00f3n acumulada 0.2 mm<\/strong><\/p>\n<p>Os dejo con esta bonita foto de mi amigo Crist\u00f3bal Gambero. Ermita Virgen de la Pe\u00f1a en Mijas Pueblo.<\/p>\n<p>&nbsp;<\/p>\n<p><a href=\"https:\/\/static-blogs.diariosur.es\/wp-content\/uploads\/sites\/12\/2024\/06\/441200781_7542374602478135_8519828321439056569_n.jpg\"><img loading=\"lazy\" class=\"aligncenter size-full wp-image-40817\" src=\"https:\/\/static-blogs.diariosur.es\/wp-content\/uploads\/sites\/12\/2024\/06\/441200781_7542374602478135_8519828321439056569_n.jpg\" alt=\"\" width=\"1200\" height=\"675\" srcset=\"https:\/\/static-blogs.diariosur.es\/wp-content\/uploads\/sites\/12\/2024\/06\/441200781_7542374602478135_8519828321439056569_n.jpg 1200w, https:\/\/static-blogs.diariosur.es\/wp-content\/uploads\/sites\/12\/2024\/06\/441200781_7542374602478135_8519828321439056569_n-640x360.jpg 640w, https:\/\/static-blogs.diariosur.es\/wp-content\/uploads\/sites\/12\/2024\/06\/441200781_7542374602478135_8519828321439056569_n-768x432.jpg 768w\" sizes=\"(max-width: 1200px) 100vw, 1200px\" \/><\/a><\/p>\n<p>&nbsp;<\/p>\n","protected":false},"excerpt":{"rendered":"<p>Buenos d\u00edas, amigos de la meteo. Comienza el verano meteorol\u00f3gico, la estaci\u00f3n que menos me gusta, si viviera en Santander o San Sebasti\u00e1n me gustar\u00eda m\u00e1s jijiii. Hoy hemos dado un temperatura m\u00ednima de 19.9\u00b0C, los cielos est\u00e1n nubosos debido al levante pero dentro de unas horas se ir\u00e1 quitando esta nubosidad, para volver nuevamente [&hellip;]<\/p>\n","protected":false},"author":16,"featured_media":40817,"comment_status":"open","ping_status":"open","sticky":false,"template":"","format":"standard","meta":[],"categories":[2],"tags":[100,212,358,587,628,961],"_links":{"self":[{"href":"https:\/\/blogs.diariosur.es\/tormentas-y-rayos\/wp-json\/wp\/v2\/posts\/40813"}],"collection":[{"href":"https:\/\/blogs.diariosur.es\/tormentas-y-rayos\/wp-json\/wp\/v2\/posts"}],"about":[{"href":"https:\/\/blogs.diariosur.es\/tormentas-y-rayos\/wp-json\/wp\/v2\/types\/post"}],"author":[{"embeddable":true,"href":"https:\/\/blogs.diariosur.es\/tormentas-y-rayos\/wp-json\/wp\/v2\/users\/16"}],"replies":[{"embeddable":true,"href":"https:\/\/blogs.diariosur.es\/tormentas-y-rayos\/wp-json\/wp\/v2\/comments?post=40813"}],"version-history":[{"count":3,"href":"https:\/\/blogs.diariosur.es\/tormentas-y-rayos\/wp-json\/wp\/v2\/posts\/40813\/revisions"}],"predecessor-version":[{"id":40818,"href":"https:\/\/blogs.diariosur.es\/tormentas-y-rayos\/wp-json\/wp\/v2\/posts\/40813\/revisions\/40818"}],"wp:featuredmedia":[{"embeddable":true,"href":"https:\/\/blogs.diariosur.es\/tormentas-y-rayos\/wp-json\/wp\/v2\/media\/40817"}],"wp:attachment":[{"href":"https:\/\/blogs.diariosur.es\/tormentas-y-rayos\/wp-json\/wp\/v2\/media?parent=40813"}],"wp:term":[{"taxonomy":"category","embeddable":true,"href":"https:\/\/blogs.diariosur.es\/tormentas-y-rayos\/wp-json\/wp\/v2\/categories?post=40813"},{"taxonomy":"post_tag","embeddable":true,"href":"https:\/\/blogs.diariosur.es\/tormentas-y-rayos\/wp-json\/wp\/v2\/tags?post=40813"}],"curies":[{"name":"wp","href":"https:\/\/api.w.org\/{rel}","templated":true}]}}