{"id":40820,"date":"2024-06-02T08:35:48","date_gmt":"2024-06-02T06:35:48","guid":{"rendered":"https:\/\/blogs.diariosur.es\/tormentas-y-rayos\/?p=40820"},"modified":"2024-06-02T08:40:30","modified_gmt":"2024-06-02T06:40:30","slug":"efemerides-mes-de-junio-en-espana-y-valores-extremos-en-malaga-capital","status":"publish","type":"post","link":"https:\/\/blogs.diariosur.es\/tormentas-y-rayos\/2024\/06\/02\/efemerides-mes-de-junio-en-espana-y-valores-extremos-en-malaga-capital\/","title":{"rendered":"Efem\u00e9rides mes de junio en Espa\u00f1a y valores extremos en M\u00e1laga capital."},"content":{"rendered":"<p><a href=\"https:\/\/static-blogs.diariosur.es\/wp-content\/uploads\/sites\/12\/2024\/05\/444912498_10228884468795449_97962860407814916_n.jpg\"><img loading=\"lazy\" class=\"aligncenter size-thumbnail wp-image-40751\" src=\"https:\/\/static-blogs.diariosur.es\/wp-content\/uploads\/sites\/12\/2024\/05\/444912498_10228884468795449_97962860407814916_n-150x150.jpg\" alt=\"\" width=\"150\" height=\"150\" \/><\/a><\/p>\n<p>Muy buenos d\u00edas, amigos de la meteo. A petici\u00f3n de muchos de vosotros, os pongo valores extremos en M\u00e1laga Aeropuerto y las efem\u00e9rides del mes de junio en Espa\u00f1a. Son muy interesantes, toca leer mucho.<\/p>\n<p>Fuente aemet<\/p>\n<table class=\"tabla_datos_sinpadd tabla_scroll_responsive\" summary=\"Efem\u00e9rides de Valores Extremos, M\u00e1laga Aeropuerto\" cellspacing=\"0\">\n<tbody>\n<tr>\n<td class=\"headcol_responsive extremo\" title=\"M\u00e1x. n\u00fam. de d\u00edas de lluvia en el mes\"><strong>\u00a0 M\u00e1x. n\u00fam. de d\u00edas de lluvia en el mes<\/strong><\/td>\n<td class=\"extremos_datos\"><strong>\u00a0 8 (jun. 2023)<\/strong><\/td>\n<\/tr>\n<tr>\n<td class=\"headcol_responsive extremo\" title=\"M\u00e1x. n\u00fam. de d\u00edas de tormenta en el mes\"><strong>\u00a0 M\u00e1x. n\u00fam. de d\u00edas de tormenta en el mes<\/strong><\/td>\n<td class=\"extremos_datos\"><strong>\u00a0 5 (jun. 2023)<\/strong><\/td>\n<\/tr>\n<tr>\n<td class=\"headcol_responsive extremo\" title=\"Prec. m\u00e1x. en un d\u00eda (l\/m2)\"><strong>\u00a0 Preci. m\u00e1xima. en un d\u00eda (l\/m2)<\/strong><\/td>\n<td class=\"extremos_datos\"><strong>\u00a0 72.5 (14 jun. 1974)<\/strong><\/td>\n<\/tr>\n<tr>\n<td class=\"headcol_responsive extremo\" title=\"Prec. mensual m\u00e1s alta (l\/m2)\"><strong>\u00a0 Preci. mensual m\u00e1s alta (l\/m2)<\/strong><\/td>\n<td class=\"extremos_datos\"><strong>\u00a0 82.8 (jun. 1974)<\/strong><\/td>\n<\/tr>\n<tr>\n<td class=\"headcol_responsive extremo\" title=\"Prec. mensual m\u00e1s baja (l\/m2)\"><strong>\u00a0 Preci. mensual m\u00e1s baja (l\/m2)<\/strong><\/td>\n<td class=\"extremos_datos\"><strong>\u00a0 0.0 (jun. 2022)<\/strong><\/td>\n<\/tr>\n<tr>\n<td class=\"headcol_responsive extremo\" title=\"Racha m\u00e1x. viento: velocidad y direcci\u00f3n (km\/h)\"><strong>\u00a0 Racha m\u00e1xima. viento: velocidad y direcci\u00f3n (km\/h)\u00a0\u00a0<\/strong><\/td>\n<td class=\"extremos_datos\"><strong>\u00a0 Vel 79, Dir 340 (06 jun. 1984 14:08)<\/strong><\/td>\n<\/tr>\n<tr>\n<td class=\"headcol_responsive extremo\" title=\"Tem. m\u00e1x. absoluta (\u00b0C)\"><strong>\u00a0 Temp. m\u00e1xima. absoluta (\u00b0C)<\/strong><\/td>\n<td class=\"extremos_datos\"><strong>\u00a0 41.0 (12 jun. 1983)<\/strong><\/td>\n<\/tr>\n<tr>\n<td class=\"headcol_responsive extremo\" title=\"Tem. media de las m\u00e1x. m\u00e1s alta (\u00b0C)\"><strong>\u00a0 Temp. media de las m\u00e1x. m\u00e1s alta (\u00b0C)<\/strong><\/td>\n<td class=\"extremos_datos\"><strong>\u00a0 31.7 (jun. 2022)<\/strong><\/td>\n<\/tr>\n<tr>\n<td class=\"headcol_responsive extremo\" title=\"Tem. media de las m\u00edn. m\u00e1s baja (\u00b0C)\"><strong>\u00a0 Temp. media de las m\u00edn. m\u00e1s baja (\u00b0C)<\/strong><\/td>\n<td class=\"extremos_datos\"><strong>\u00a0 14.9 (jun. 1984)<\/strong><\/td>\n<\/tr>\n<tr>\n<td class=\"headcol_responsive extremo\" title=\"Tem. media m\u00e1s alta (\u00b0C)\"><strong>\u00a0 Temp. media m\u00e1s alta (\u00b0C)<\/strong><\/td>\n<td class=\"extremos_datos\"><strong>\u00a0 26.1 (jun. 2022)<\/strong><\/td>\n<\/tr>\n<tr>\n<td class=\"headcol_responsive extremo\" title=\"Tem. media m\u00e1s baja (\u00b0C)\"><strong>\u00a0 Temp. media m\u00e1s baja (\u00b0C)<\/strong><\/td>\n<td class=\"extremos_datos\"><strong>\u00a0 20.5 (jun. 1984)<\/strong><\/td>\n<\/tr>\n<tr>\n<td class=\"headcol_responsive extremo\" title=\"Tem. m\u00edn. absoluta (\u00b0C)\"><strong>\u00a0 Temp. m\u00edn. absoluta (\u00b0C)<\/strong><\/td>\n<td class=\"extremos_datos\"><strong>\u00a0 9.8 (06 jun. 1953)<\/strong><\/td>\n<\/tr>\n<\/tbody>\n<\/table>\n<p>&nbsp;<\/p>\n<h3><span style=\"color: #0000ff;\"><strong>Efem\u00e9rides mes de junio<\/strong><\/span><\/h3>\n<ul>\n<li><strong>1\u00a0junio\u00a01634\u00a0\u00a0<\/strong><strong>Avenida del Cidacos en Calahorra (La Rioja) que provoca inundaciones y grandes deterioros en el ojo del puente romano.<\/strong><\/li>\n<\/ul>\n<ul>\n<li><strong>1\u00a0junio\u00a01997\u00a0\u00a0<\/strong><strong>Intensidad m\u00e1xima de precipitaci\u00f3n en 10 minutos en el observatorio de Igueldo-San Sebasti\u00e1n que registra 168 l\/m2 en una hora y 251 l\/m2 en el d\u00eda civil. Es el dato m\u00e1s alto de intensidad de lluvia que se ha registrado en el Pa\u00eds Vasco.<\/strong><\/li>\n<\/ul>\n<ul>\n<li><strong>1\u00a0junio\u00a01999\u00a0\u00a0<\/strong><strong>Tornado entre San Leonardo de Yag\u00fce y Navaleno (Soria) que troncha pinos de m\u00e1s de 15 m de altura. Racha m\u00e1xima de 130 km\/h en Autilla del Pino (Palencia).<\/strong><\/li>\n<\/ul>\n<ul>\n<li><strong>1\u00a0junio\u00a02006\u00a0\u00a0<\/strong><strong>M\u00ednima de 1,8 \u00baC en Teruel.<\/strong><\/li>\n<\/ul>\n<ul>\n<li><strong>1\u00a0junio\u00a02008\u00a0\u00a0<\/strong><strong>Inundaciones en Getxo (Bizkaia), con 118 l\/m2 y desbordamiento del r\u00edo Gobelas.<\/strong><\/li>\n<\/ul>\n<ul>\n<li><strong>1\u00a0junio\u00a02016\u00a0\u00a0<\/strong><strong>Se registra una temperatura m\u00ednima de 1,5\u00baC en Calamocha (Teruel).<\/strong><\/li>\n<\/ul>\n<ul>\n<li><strong>2\u00a0junio\u00a01734\u00a0\u00a0<\/strong><strong>En Zaragoza, un rayo cae sobre el chapitel de la iglesia de Santa Mar\u00eda Magdalena y se desliza hasta el coro sin da\u00f1ar a ninguno de cuantos estaban en dentro.<\/strong><\/li>\n<\/ul>\n<ul>\n<li><strong>2\u00a0junio\u00a01781\u00a0\u00a0<\/strong><strong>A la 1 de la tarde comienza una fuerte tormenta en Almagro (Ciudad Real) que inunda las calles y casas y arruina el alfol\u00ed o almac\u00e9n de sal por mojar el agua y el barro m\u00e1s de mil fanegas de sal.<\/strong><\/li>\n<\/ul>\n<ul>\n<li><strong>2\u00a0junio\u00a01913\u00a0\u00a0<\/strong><strong>Inundaciones en Vizcaya.<\/strong><\/li>\n<\/ul>\n<ul>\n<li><strong>3\u00a0junio\u00a01690\u00a0\u00a0<\/strong><strong>Desbordamiento del Segura.<\/strong><\/li>\n<\/ul>\n<ul>\n<li><strong>3\u00a0junio\u00a01910\u00a0\u00a0<\/strong><strong>Riadas e inundaciones del Ebro.<\/strong><\/li>\n<\/ul>\n<ul>\n<li><strong>3\u00a0junio\u00a01984\u00a0\u00a0<\/strong><strong>Nevadas en Soria, Le\u00f3n y Zamora.<\/strong><\/li>\n<\/ul>\n<ul>\n<li><strong>4\u00a0junio\u00a01450\u00a0\u00a0<\/strong><strong>Riada del Segre en Lleida.<\/strong><\/li>\n<\/ul>\n<ul>\n<li><strong>4\u00a0junio\u00a01558\u00a0\u00a0<\/strong><strong>Gran crecida del Duero, datada en Tudela de Duero (Valladolid).<\/strong><\/li>\n<\/ul>\n<ul>\n<li><strong>5\u00a0junio\u00a01523\u00a0\u00a0<\/strong><strong>Plaga de langosta en los campos de Calahorra (La Rioja).<\/strong><\/li>\n<\/ul>\n<ul>\n<li><strong>5\u00a0junio\u00a01972\u00a0\u00a0<\/strong><strong>Las granizadas en distintas provincias mediterr\u00e1neas ocasionan p\u00e9rdidas por 750 millones de pesetas.<\/strong><\/li>\n<\/ul>\n<ul>\n<li><strong>5\u00a0junio\u00a01981\u00a0\u00a0<\/strong><strong>Del 5 al 22, fuerte calor en la Pen\u00ednsula.<\/strong><\/li>\n<\/ul>\n<ul>\n<li><strong>5\u00a0junio\u00a02011\u00a0\u00a0<\/strong><strong>Intensidad m\u00e1xima de 101,4 l\/m2\/h en Carballi\u00f1o (Ourense).<\/strong><\/li>\n<\/ul>\n<ul>\n<li><strong>6\u00a0junio\u00a01904\u00a0\u00a0<\/strong><strong>Fuerte granizada en Madrid que anega calles, da\u00f1a edificios y causa v\u00edctimas.<\/strong><\/li>\n<\/ul>\n<ul>\n<li><strong>6\u00a0junio\u00a02011\u00a0\u00a0<\/strong><strong>Una tormenta deja 73,3 l\/m2 en 24h en Pamplona-Noa\u00edn.<\/strong><\/li>\n<\/ul>\n<ul>\n<li><strong>7\u00a0junio\u00a01906\u00a0\u00a0<\/strong><strong>Fuerte tormenta en Sanl\u00facar de Barrameda (C\u00e1diz) que produce varias v\u00edctimas.<\/strong><\/li>\n<\/ul>\n<ul>\n<li><strong>7\u00a0junio\u00a01739\u00a0\u00a0<\/strong><strong>Crecida del Segura en Murcia que arrastra el puente provisional de madera, pereciendo cinco personas.<\/strong><\/li>\n<\/ul>\n<ul>\n<li><strong>7\u00a0junio\u00a01987\u00a0\u00a0<\/strong><strong>Fuerte galerna en la cornisa cant\u00e1brica, desde Galicia hasta las costas francesas. Se registran 140 km\/h en Gij\u00f3n, 100 km\/h en el aeropuerto de Asturias, 119 km\/h en Oviedo y 90 km\/h en Santander.<\/strong><\/li>\n<\/ul>\n<ul>\n<li><strong>7\u00a0junio\u00a02015\u00a0\u00a0<\/strong><strong>M\u00e1ximas de 38,1 \u00baC en el aeropuerto de C\u00f3rdoba, 37 \u00baC en el aeropuerto de Sevilla, 36,5 en Ourense, 35,7 en Badajoz-Talavera la Real y 34,1 en Madrid-Barajas.<\/strong><\/li>\n<\/ul>\n<ul>\n<li><strong>8\u00a0junio\u00a01794\u00a0\u00a0<\/strong><strong>Inundaciones en el delta del Llobregat.<\/strong><\/li>\n<\/ul>\n<ul>\n<li><strong>8\u00a0junio\u00a01959\u00a0\u00a0<\/strong><strong>Fuertes precipitaciones en Mallorca: 228 l\/m2 en Escorca Mortitx, 210,5 l\/m2 en Balitx d&#8217;Amunt, 196,5 l\/m2 en Escorca Can Pau y 189,7 l\/m2 en Escorca Cosconar.<\/strong><\/li>\n<\/ul>\n<ul>\n<li><strong>8\u00a0junio\u00a02013\u00a0\u00a0<\/strong><strong>La acumulaci\u00f3n de precipitaciones y la saturaci\u00f3n de los suelos, provocan el desbordamiento del Arga que, con el Ulzama, alcanza un caudal de 620 m3\/s, y causa inundaciones en Pamplona que afectan a 3.500 viviendas. M\u00ednima de 1,1 \u00baC en Salamanca.<\/strong><\/li>\n<\/ul>\n<ul>\n<li><strong>9\u00a0junio\u00a01899\u00a0\u00a0<\/strong><strong>Horrible granizada en Madrid con 50 cm de espesor, granizos de 200 gr, rotura general de cristales, tejas y desperfectos en el arbolado.<\/strong><\/li>\n<li><strong>9\u00a0junio\u00a01995\u00a0 \u00a0<\/strong><strong>Lluvias torrenciales en Andaluc\u00eda que causan tres muertos en Granada y uno en Pe\u00f1arroya.<\/strong><\/li>\n<li><strong>9\u00a0junio\u00a02000\u00a0\u00a0<\/strong><strong>Lluvias torrenciales y vientos fuertes en el tercio oriental de la Pen\u00ednsula. En Catalu\u00f1a causa 5 muertos. Se recogen 220 l\/m2 en El Bruc y 208 l\/m2 en Call\u00fas (Barcelona).<\/strong><\/li>\n<li><strong>9\u00a0junio\u00a02010<\/strong><strong>Intensas lluvias destruyen un puente y causan inundaciones en A Mari\u00f1a de Lugo. Se recogen 157 l\/m2 en Burela y 158 l\/m2 en Viveiro.<\/strong><\/li>\n<li><strong>9\u00a0junio\u00a02013<\/strong><strong>Inundaciones en Pamplona por el desbordamiento del r\u00edo Arga, cuyo caudal alcanza los 620 m3\/s y afecta a m\u00e1s de 3.500 viviendas.<\/strong><\/li>\n<li><strong>10\u00a0junio\u00a01578<\/strong><strong>Grand\u00edsimas lluvias en Barcelona. Las calles parecen r\u00edos y las inundaciones causan da\u00f1os.<\/strong><\/li>\n<li><strong>10\u00a0junio\u00a01929<\/strong><strong>Desbordamiento del Segura en Murcia y de las ramblas de la Vega Media.<\/strong><\/li>\n<li><strong>10\u00a0junio\u00a01975<\/strong><strong>Precipitaciones con tormenta en Mallorca. Caen 170 l\/m2 en Banyalbufar, 160 l\/m2 en Puigpunyent La Campaneta, 135,8 l\/m2 en Estellecns Arrabal y 124 l\/m2 en Esporles.<\/strong><\/li>\n<li><strong>10\u00a0junio\u00a01998\u00a0\u00a0<\/strong><strong>Ola de calor en Valencia, con 38 \u00b0C en la capital y 40 \u00baC en otras el interior de la provincia.<\/strong><\/li>\n<li><strong>10\u00a0junio\u00a02008\u00a0\u00a0<\/strong><strong>Inundaci\u00f3n en Vitoria al desbordarse el r\u00edo Santo Tom\u00e1s.<\/strong><\/li>\n<li><strong>10\u00a0junio\u00a02010\u00a0\u00a0<\/strong><strong>Fuertes lluvias en el occidente de Asturias. Fallecen dos personas y se registran numerosos desprendimientos de tierra y barro.<\/strong><\/li>\n<li><strong>11\u00a0junio\u00a01605\u00a0\u00a0<\/strong><strong>Gran lluvia en Cuenca con tempestad el\u00e9ctrica.<\/strong><\/li>\n<li><strong>11\u00a0junio\u00a01800\u00a0\u00a0<\/strong><strong>Extra\u00f1a tempestad en Quintana del Pino (Burgos). Apareci\u00f3 una nube de color azul claro, en forma de culebra fort\u00edsima o tromba que tocaba el suelo del que saltaron numerosos chispazos de fuego que tostaron el terreno en una franja de 70 pasos de anchura, arrancando huertos, vides y una encina del grueso de dos cuerpos humanos hasta sus m\u00e1s penetrantes ra\u00edces.<\/strong><\/li>\n<li><strong>11\u00a0junio\u00a01830\u00a0\u00a0<\/strong><strong>Riada que inunda el campo de Cartagena, anega el Almarjal y desborda la rambla de Benipila, haciendo saltar sus aguas por encima del puente de La Concepci\u00f3n.<\/strong><\/li>\n<li><strong>11\u00a0junio\u00a02015\u00a0\u00a0<\/strong><strong>Intensidad m\u00e1xima de precipitaci\u00f3n de 93 l\/m\u00b2\/h en el observatorio de Barajas.<\/strong><\/li>\n<li><strong>12\u00a0junio\u00a01977\u00a0 \u00a0<\/strong><strong>Precipitaciones intensas en el Pa\u00eds Vasco y alto Ebro.<\/strong><\/li>\n<li><strong>13\u00a0junio\u00a01759\u00a0\u00a0<\/strong><strong>Inundaci\u00f3n en Valdepe\u00f1as.<\/strong><\/li>\n<li><strong>13\u00a0junio\u00a01989\u00a0\u00a0<\/strong><strong>En Autilla del Pino (Palencia) se registran 62,7 l\/m2 con una intensidad de 148,2 l\/m2\/h.<\/strong><\/li>\n<li><strong>14\u00a0junio\u00a01981\u00a0 \u00a0<\/strong><strong>En varios puntos de Extremadura se alcanzan los 44 \u00baC.<\/strong><\/li>\n<li><strong>15\u00a0junio\u00a02003\u00a0\u00a0<\/strong><strong>M\u00e1ximas de 39,6 \u00baC en Tortosa y 37,4 \u00baC en Castell\u00f3n-Almanzora.<\/strong><\/li>\n<li><strong>16\u00a0junio\u00a01656\u00a0 \u00a0<\/strong><strong>Se suspende por la lluvia la procesi\u00f3n del Corpus Christi en Toledo.<\/strong><\/li>\n<li><strong>16\u00a0junio\u00a01710\u00a0\u00a0<\/strong><strong>En Gran\u00e1tula (Ciudad Real), ante la &#8220;terrible tempestad&#8221; de aquella tarde, hacen conjuros a la tormenta con la custodia bajo palio desde la puerta de occidente, pero cae un rayo en la torre que arranca el chapitel y cae sobre la custodia, dejando 16 personas &#8220;como muertas&#8221; y fallecen dos chicos de 8 y 14 a\u00f1os que estaban junto al preste.<\/strong><\/li>\n<li><strong>16\u00a0junio\u00a02010\u00a0\u00a0<\/strong><strong>M\u00e1xima diaria de 108,1 l\/m2 en el Aeropuerto de Bilbao-Loiu. Desbordamiento de los r\u00edos Sella y Nal\u00f3n (Asturias) a causa de las lluvias ca\u00eddas en d\u00edas anteriores<\/strong><\/li>\n<li><strong>16\u00a0junio\u00a02015\u00a0\u00a0<\/strong><strong>Intensidad m\u00e1xima de precipitaci\u00f3n de 168 l\/m2\/h en Lluc (Baleares). Una tormenta, en algunos puntos acompa\u00f1ada de granizo en el norte de Mallorca, deja 80 l\/m2 en la Col\u00f2nia Sant Pere, 77 l\/m2 en Art\u00e0 (Mol\u00ed d&#8217;en Leu), 76,4 l\/m2 en Art\u00e0 y 63 l\/m2 en Cala Ratjada.<\/strong><\/li>\n<li><strong>17\u00a0junio\u00a01580\u00a0\u00a0<\/strong><strong>En Olot (Girona), gran tempestad con fort\u00edsimo pedrisco, como nueces y hasta naranjas, que ocasiona la rotura de muchas tejas.<\/strong><\/li>\n<li><strong>18\u00a0junio\u00a01775\u00a0\u00a0<\/strong><strong>Riada del Ebro de notoria importancia en Tudela.<\/strong><\/li>\n<li><strong>18\u00a0junio\u00a01978\u00a0\u00a0<\/strong><strong>Intensidad m\u00e1xima de 163.2 l\/m2\/h en el Aeropuerto de Asturias.<\/strong><\/li>\n<li><strong>18\u00a0junio\u00a02004\u00a0<\/strong><strong>Caen 7.228 rayos en la provincia de Burgos.<\/strong><\/li>\n<li><strong>18\u00a0junio\u00a02013\u00a0<\/strong><strong>Benasque y Castej\u00f3n de Sos (Huesca) quedan aisladas por la suma de precipitaciones y deshielo que arruinan las v\u00edas de comunicaci\u00f3n.<\/strong><\/li>\n<li><strong>19\u00a0junio\u00a01500\u00a0<\/strong><strong>Diluvio en Barcelona con tormenta que dura seis horas, produciendo gran inundaci\u00f3n que alcanza seis palmos en el portal de San Severo.<\/strong><\/li>\n<li><strong>19\u00a0junio\u00a01686\u00a0<\/strong><strong>Tempestad en Salamanca.<\/strong><\/li>\n<li><strong>19\u00a0junio\u00a02003\u00a0<\/strong><strong>M\u00e1xima de 38 \u00baC en Pontevedra-Mourente.<\/strong><\/li>\n<li><strong>20\u00a0junio\u00a01604\u00a0<\/strong><strong>Grand\u00edsima tempestad el\u00e9ctrica en Barcelona, con truenos nunca o\u00eddos y rayos que causan da\u00f1os en Santa Mar\u00eda del Mar, donde se quema la veleta de los vientos.<\/strong><\/li>\n<li><strong>20\u00a0junio\u00a01626\u00a0\u00a0<\/strong><strong>Plaga de langosta en Salamanca.<\/strong><\/li>\n<li><strong>20\u00a0junio\u00a01775\u00a0\u00a0<\/strong><strong>Gran avenida del barranco Chiva en Valencia, con grandes da\u00f1os y v\u00edctimas. Desbordamiento del Arlanz\u00f3n en Burgos.<\/strong><\/li>\n<li><strong>21\u00a0junio\u00a01843\u00a0\u00a0<\/strong><strong>Fuerte tormenta en Cartagena. Una tromba cruza la ciudad, provocando da\u00f1os en barcos y casas. Arranca 18 \u00e1rboles de la calle Real y vuelan ocho mil quinientas tejas del presidio. Todo esto en pocos segundos.<\/strong><\/li>\n<li><strong>21\u00a0junio\u00a01992\u00a0\u00a0<\/strong><strong>Inundaciones en la provincia de Ja\u00e9n, que ocasionan la muerte de una anciana y el descarrilamiento de un tren.<\/strong><\/li>\n<li><strong>21\u00a0junio\u00a02003\u00a0\u00a0<\/strong><strong>M\u00e1ximas de 38 \u00baC en San Sebasti\u00e1n-Igueldo y 36,1 \u00baC en Lugo-aer\u00f3dromo<\/strong><\/li>\n<li><strong>21\u00a0junio\u00a02011\u00a0\u00a0<\/strong><strong>Ola de calor en Canarias, con m\u00e1ximas de 41,2 \u00baC en San Bartolom\u00e9 de Tirajana (Gran Canaria), 41,9 \u00baC en T\u00edas (Lanzarote) y otros observatorios que llegan a los 40 \u00baC.<\/strong><\/li>\n<li><strong>21\u00a0junio\u00a02013\u00a0\u00a0<\/strong><strong>Fuerte granizada en Calamocha (Teruel), con 51 l\/m2 en una hora y granizos de tama\u00f1o de una nuez. Y tambi\u00e9n severa granizada en las comarcas castellonenses del Alto Palancia y Plana Baixa, con espesores de granizo de hasta 10 cm y tama\u00f1o de pelotas de ping-pong.<\/strong><\/li>\n<li><strong>22\u00a0junio\u00a02003\u00a0\u00a0<\/strong><strong>M\u00e1xima de 36,9 \u00baC en Burgos-Villafr\u00eda.<\/strong><\/li>\n<li><strong>23\u00a0junio\u00a02001\u00a0\u00a0<\/strong><strong>M\u00e1xima de 40 \u00baC en la Base A\u00e9rea de Armilla (Granada).<\/strong><\/li>\n<li><strong>23\u00a0junio\u00a02006\u00a0\u00a0<\/strong><strong>M\u00e1xima de 37,8 \u00baC en Ciudad Universitaria (Madrid).<\/strong><\/li>\n<li><strong>24\u00a0junio\u00a01661\u00a0\u00a0<\/strong><strong>Tormenta el\u00e9ctrica en Salamanca. Cae un rayo en el convento de las M\u00ednimas.<\/strong><\/li>\n<li><strong>24\u00a0junio\u00a01682\u00a0\u00a0<\/strong><strong>Riada del Llobregat en El Prat, que se lleva la barca de pasaje.<\/strong><\/li>\n<li><strong>24\u00a0junio\u00a02001\u00a0\u00a0<\/strong><strong>Almer\u00eda, con 40,6 \u00baC, registra su m\u00e1xima absoluta.<\/strong><\/li>\n<li><strong>24\u00a0junio\u00a02006\u00a0\u00a0<\/strong><strong>Precipitaci\u00f3n de 68,8 l\/m2 en Daroca (Zaragoza).<\/strong><\/li>\n<li><strong>24\u00a0junio\u00a02014\u00a0\u00a0<\/strong><strong>M\u00e1xima de 105,5 l\/m2 con una intensidad de 118,8 l\/m2\/h en Montserrat (Barcelona).<\/strong><\/li>\n<li><strong>25\u00a0junio\u00a01995\u00a0\u00a0<\/strong><strong>Tromba de agua sobre Madrid que descarga 55 l\/m2 en 15 minutos. Una mujer que duerme bajo un puente en Aravaca muere arrastrada por las aguas.<\/strong><\/li>\n<li><strong>25\u00a0junio\u00a01996\u00a0\u00a0<\/strong><strong>En Morro Jable (Fuerteventura) se registra una racha de 114 km\/h.<\/strong><\/li>\n<li><strong>25\u00a0junio\u00a02001\u00a0\u00a0<\/strong><strong>M\u00e1ximas hist\u00f3ricas en Illes Balears: 41,4 \u00baC en el aeropuerto de Palma, 40 \u00baC en Orient Son Vidal, 39,6 \u00baC en Santa Maria Son Borre\u00f3, 39,5 \u00baC en Marratx\u00ed Sa Cabaneta, 39,2 \u00baC en Campanet Son Estrany y 39 \u00baC en S&#8217;Arrac\u00f3.<\/strong><\/li>\n<li><strong>25\u00a0junio\u00a02007\u00a0\u00a0<\/strong><strong>M\u00e1xima de 38,1 \u00baC en Manises (Valencia).<\/strong><\/li>\n<li><strong>25\u00a0junio\u00a02010\u00a0\u00a0<\/strong><strong>Una fort\u00edsima tormenta sobre Lugo provoca inundaciones y deja sin luz a gran parte de la ciudad durante dos horas. Se recogen 63 l\/m2 en una hora, de los cuales 35 l caen en 10 minutos. Racha de 105 km\/h en Jaraicejo (C\u00e1ceres).<\/strong><\/li>\n<li><strong>25\u00a0junio\u00a02011\u00a0\u00a0<\/strong><strong>M\u00e1xima de 37,5 \u00baC en el Observatorio Astron\u00f3mico de Santiago.<\/strong><\/li>\n<li><strong>26\u00a0junio\u00a01958\u00a0\u00a0<\/strong><strong>Galerna en el golfo de Vizcaya.<\/strong><\/li>\n<li><strong>26\u00a0junio\u00a01964\u00a0\u00a0<\/strong><strong>Desbordamiento de la rambla de La Santa que inunda Totana (Murcia).<\/strong><\/li>\n<li><strong>26\u00a0junio\u00a01965\u00a0\u00a0<\/strong><strong>Se alcanzan los 45 \u00b0C en C\u00f3rdoba.<\/strong><\/li>\n<li><strong>26\u00a0junio\u00a02011\u00a0\u00a0<\/strong><strong>Ola de calor en Castilla y Le\u00f3n, especialmente intensa en el oeste, con m\u00e1ximas de 38,9 \u00baC en Salamanca y de 38,8 \u00baC en Zamora. Tambi\u00e9n en Ourense que alcanza los 40,4 \u00baC.<\/strong><\/li>\n<li><strong>27\u00a0junio\u00a01900\u00a0\u00a0<\/strong><strong>Desbordamiento del Guadalent\u00edn. Inundaciones en Murcia, Almer\u00eda y Granada.<\/strong><\/li>\n<li><strong>27\u00a0junio\u00a01965\u00a0<\/strong><strong>Sevilla registra 45,2 \u00b0C. Racha de 115 km\/h en Salamanca-Matac\u00e1n.<\/strong><\/li>\n<li><strong>27\u00a0junio\u00a02012\u00a0\u00a0<\/strong><strong>M\u00ednimas de 20,9 \u00baC en Palencia y de 20,4 en Le\u00f3n.<\/strong><\/li>\n<li><strong>28\u00a0junio\u00a01625\u00a0\u00a0<\/strong><strong>Un gran torbellino de aire en Soria da\u00f1a el reloj puesto encima de la Puerta del Postigo y causa m\u00faltiples estragos.<\/strong><\/li>\n<li><strong>28\u00a0junio\u00a01877\u00a0\u00a0<\/strong><strong>El desbordamiento del Guadalent\u00edn provoca grandes inundaciones en Murcia y en la vega baja del Segura.<\/strong><\/li>\n<li><strong>28\u00a0junio\u00a01915\u00a0<\/strong><strong>Un tornado en Castellvell (Girona), pr\u00f3ximo a Reus, arranca de cuajo \u00e1rboles en una extensi\u00f3n aproximadamente de un kil\u00f3metro cuadrado.<\/strong><\/li>\n<li><strong>28\u00a0junio\u00a01965\u00a0\u00a0<\/strong><strong>M\u00e1ximas de 38,8 \u00b0C en Son Bonet, 38 \u00b0C en Bunyola Subestaci\u00f3 y Llucmajor (Mallorca).<\/strong><\/li>\n<li><strong>28\u00a0junio\u00a02004\u00a0\u00a0<\/strong><strong>M\u00e1xima absoluta de 40,4 \u00baC en Madrid-Torrej\u00f3n.<\/strong><\/li>\n<li><strong>28\u00a0junio\u00a02012\u00a0\u00a0<\/strong><strong>Una oleada de viento de poniente hace subir la temperatura por encima de los 40 \u00baC en observatorios de Alicante, Valencia y sur de Castell\u00f3n, y favorece la propagaci\u00f3n de grandes incendios que arrasan los montes de la comunidad.<\/strong><\/li>\n<li><strong>29\u00a0junio\u00a01622\u00a0\u00a0<\/strong><strong>Riada del Turia en Valencia.<\/strong><\/li>\n<li><strong>29\u00a0junio\u00a01965\u00a0\u00a0<\/strong><strong>M\u00e1xima de 39,8 \u00baC en Inca (Mallorca).<\/strong><\/li>\n<li><strong>29\u00a0junio\u00a01968\u00a0\u00a0<\/strong><strong>M\u00ednimas de 24 \u00baC en Segovia y 21,8 \u00baC en \u00c1vila.<\/strong><\/li>\n<li><strong>29\u00a0junio\u00a02010\u00a0\u00a0<\/strong><strong>Una tormenta deja 80,2 l\/m2 en Coscurita (Soria).<\/strong><\/li>\n<li><strong>29\u00a0junio\u00a02012\u00a0\u00a0<\/strong><strong>M\u00e1ximos hist\u00f3ricos de temperatura en Baleares, con 41.1 \u00baC en Muro y 40 \u00baC en Sa Pobla sa Canova.<\/strong><\/li>\n<li><strong>29\u00a0junio\u00a02015\u00a0<\/strong><strong>Episodio de fuerte calor en Andaluc\u00eda que registra 44 \u00baC en Linares (Ja\u00e9n) y 43,6 \u00baC en And\u00fajar (Ja\u00e9n). Tambi\u00e9n m\u00e1ximas la zona centro, con 40 \u00baC en Barajas, 36 \u00baC en Colmenar Viejo, 39,3 \u00baC en Madrid-Retiro, 41,4 \u00baC en Almagro (Ciudad Real) y 40,8 \u00baC en Ciudad Real.<\/strong><\/li>\n<li><strong>29\u00a0junio\u00a02018\u00a0\u00a0<\/strong><strong>Inundaciones en Molina de Arag\u00f3n. La precipitaci\u00f3n acumulada fue de 14.8\u00a0l\/m2.\u00a0La intensidad fue de 56.4l\/m2 por hora. Se dijo que el r\u00edo Gallo llevaba &#8220;cola-cao&#8221;<\/strong><\/li>\n<li><strong>30\u00a0junio\u00a01965\u00a0\u00a0<\/strong><strong>Racha de 122 km\/h en Zaragoza. M\u00e1ximas de 38 \u00baC en Ciutadella (Menorca) y Sa Pobla (Mallorca)<\/strong><\/li>\n<li><strong>30\u00a0junio\u00a02016\u00a0\u00a0<\/strong><strong>Tormenta de granizo en Vilafranca (Castell\u00f3n), que en algunas zonas lleg\u00f3 a tener un espesor de hasta dos palmos.<\/strong><\/li>\n<li><strong>30\u00a0junio\u00a02017\u00a0 f<\/strong><strong>uerte granizada y precipitaciones muy intensas en la ciudad de Girona. En la estaci\u00f3n de Girona- Parc Migdia se registraron 99,6 l\/m2 de los que 38,2 l\/m2 cayeron en 10 minutos.<\/strong><\/li>\n<\/ul>\n<p>Hasta ma\u00f1ana<\/p>\n<p>&nbsp;<\/p>\n<p><a href=\"https:\/\/static-blogs.diariosur.es\/wp-content\/uploads\/sites\/12\/2024\/06\/53075593410_5c1d2d9bf4_b-e1717310283116.jpg\"><img loading=\"lazy\" class=\"aligncenter size-full wp-image-40828\" src=\"https:\/\/static-blogs.diariosur.es\/wp-content\/uploads\/sites\/12\/2024\/06\/53075593410_5c1d2d9bf4_b-e1717310283116.jpg\" alt=\"\" width=\"1000\" height=\"667\" \/><\/a><\/p>\n","protected":false},"excerpt":{"rendered":"<p>Muy buenos d\u00edas, amigos de la meteo. A petici\u00f3n de muchos de vosotros, os pongo valores extremos en M\u00e1laga Aeropuerto y las efem\u00e9rides del mes de junio en Espa\u00f1a. Son muy interesantes, toca leer mucho. Fuente aemet \u00a0 M\u00e1x. n\u00fam. de d\u00edas de lluvia en el mes \u00a0 8 (jun. 2023) \u00a0 M\u00e1x. n\u00fam. de [&hellip;]<\/p>\n","protected":false},"author":16,"featured_media":40828,"comment_status":"open","ping_status":"open","sticky":false,"template":"","format":"standard","meta":[],"categories":[2],"tags":[],"_links":{"self":[{"href":"https:\/\/blogs.diariosur.es\/tormentas-y-rayos\/wp-json\/wp\/v2\/posts\/40820"}],"collection":[{"href":"https:\/\/blogs.diariosur.es\/tormentas-y-rayos\/wp-json\/wp\/v2\/posts"}],"about":[{"href":"https:\/\/blogs.diariosur.es\/tormentas-y-rayos\/wp-json\/wp\/v2\/types\/post"}],"author":[{"embeddable":true,"href":"https:\/\/blogs.diariosur.es\/tormentas-y-rayos\/wp-json\/wp\/v2\/users\/16"}],"replies":[{"embeddable":true,"href":"https:\/\/blogs.diariosur.es\/tormentas-y-rayos\/wp-json\/wp\/v2\/comments?post=40820"}],"version-history":[{"count":8,"href":"https:\/\/blogs.diariosur.es\/tormentas-y-rayos\/wp-json\/wp\/v2\/posts\/40820\/revisions"}],"predecessor-version":[{"id":40831,"href":"https:\/\/blogs.diariosur.es\/tormentas-y-rayos\/wp-json\/wp\/v2\/posts\/40820\/revisions\/40831"}],"wp:featuredmedia":[{"embeddable":true,"href":"https:\/\/blogs.diariosur.es\/tormentas-y-rayos\/wp-json\/wp\/v2\/media\/40828"}],"wp:attachment":[{"href":"https:\/\/blogs.diariosur.es\/tormentas-y-rayos\/wp-json\/wp\/v2\/media?parent=40820"}],"wp:term":[{"taxonomy":"category","embeddable":true,"href":"https:\/\/blogs.diariosur.es\/tormentas-y-rayos\/wp-json\/wp\/v2\/categories?post=40820"},{"taxonomy":"post_tag","embeddable":true,"href":"https:\/\/blogs.diariosur.es\/tormentas-y-rayos\/wp-json\/wp\/v2\/tags?post=40820"}],"curies":[{"name":"wp","href":"https:\/\/api.w.org\/{rel}","templated":true}]}}