{"id":40833,"date":"2024-06-03T09:00:08","date_gmt":"2024-06-03T07:00:08","guid":{"rendered":"https:\/\/blogs.diariosur.es\/tormentas-y-rayos\/?p=40833"},"modified":"2024-06-03T09:00:08","modified_gmt":"2024-06-03T07:00:08","slug":"vuelven-los-40c-la-calima-y-las-tormentas-a-andalucia","status":"publish","type":"post","link":"https:\/\/blogs.diariosur.es\/tormentas-y-rayos\/2024\/06\/03\/vuelven-los-40c-la-calima-y-las-tormentas-a-andalucia\/","title":{"rendered":"\u00bfVuelven los 40\u00b0C, la calima y las tormentas a Andaluc\u00eda?"},"content":{"rendered":"<p><a href=\"https:\/\/static-blogs.diariosur.es\/wp-content\/uploads\/sites\/12\/2024\/05\/444912498_10228884468795449_97962860407814916_n.jpg\"><img loading=\"lazy\" class=\"aligncenter size-thumbnail wp-image-40751\" src=\"https:\/\/static-blogs.diariosur.es\/wp-content\/uploads\/sites\/12\/2024\/05\/444912498_10228884468795449_97962860407814916_n-150x150.jpg\" alt=\"\" width=\"150\" height=\"150\" \/><\/a><\/p>\n<p>Buenos d\u00edas, amigos de la meteo. Cuando son las siete y media de la ma\u00f1ana en M\u00e1laga capital, la estaci\u00f3n de la Aemet del Aeropuerto ha registrado una temperatura m\u00ednima de 17.4\u00baC, los cielos est\u00e1n despejados y el viento sopla flojo de direcci\u00f3n variable. Hoy lunes se esperan estas m\u00e1ximas en la provincia de M\u00e1laga, yo las firmaba todo el verano.<\/p>\n<p>Fuente aemet<\/p>\n<p>&nbsp;<\/p>\n<p><a href=\"https:\/\/static-blogs.diariosur.es\/wp-content\/uploads\/sites\/12\/2024\/06\/lunes.jpg\"><img loading=\"lazy\" class=\"aligncenter size-full wp-image-40836\" src=\"https:\/\/static-blogs.diariosur.es\/wp-content\/uploads\/sites\/12\/2024\/06\/lunes.jpg\" alt=\"\" width=\"875\" height=\"687\" srcset=\"https:\/\/static-blogs.diariosur.es\/wp-content\/uploads\/sites\/12\/2024\/06\/lunes.jpg 875w, https:\/\/static-blogs.diariosur.es\/wp-content\/uploads\/sites\/12\/2024\/06\/lunes-509x400.jpg 509w, https:\/\/static-blogs.diariosur.es\/wp-content\/uploads\/sites\/12\/2024\/06\/lunes-768x603.jpg 768w\" sizes=\"(max-width: 875px) 100vw, 875px\" \/><\/a><\/p>\n<p>&nbsp;<\/p>\n<p>Ayer domingo tambi\u00e9n tuvimos unas temperaturas m\u00e1ximas y m\u00ednimas muy llevaderas, no se ustedes, pero yo firmo esto todo el verano. En la capital la m\u00e1xima fue de 24.6\u00baC en el Aeropuerto y Centro Meteorol\u00f3gico y de 22.6\u00baC en el Puerto. En otras zonas de la provincia malague\u00f1a rondaron entre los 22 y 26\u00baC.<\/p>\n<h3><strong><span style=\"color: #ff0000;\">\u00bfVuelven los 40\u00b0C<\/span> <span style=\"color: #ff6600;\">y la calima a Andaluc\u00eda?<\/span><\/strong><\/h3>\n<p>A partir del jueves d\u00eda 6 se situar\u00e1 una dana en Madeira, esto contribuir\u00e1 a que suba desde \u00c1frica una masa de aire c\u00e1lida, acompa\u00f1ada de polvo en suspensi\u00f3n. El jueves hay probabilidad de que se registren en el Valle del Guadalquivir los 38 y 40\u00baC, este d\u00eda subir\u00e1n en toda Andaluc\u00eda las temperaturas m\u00e1ximas.<\/p>\n<p>Os paso el mapa a 500 hpa y el de concentraci\u00f3n de polvo en suspensi\u00f3n. Fuente meteologix, modelo europeo.<\/p>\n<p>&nbsp;<\/p>\n<p><a href=\"https:\/\/static-blogs.diariosur.es\/wp-content\/uploads\/sites\/12\/2024\/06\/Captura-de-pantalla-2024-06-03-082339.jpg\"><img loading=\"lazy\" class=\"aligncenter size-full wp-image-40839\" src=\"https:\/\/static-blogs.diariosur.es\/wp-content\/uploads\/sites\/12\/2024\/06\/Captura-de-pantalla-2024-06-03-082339.jpg\" alt=\"\" width=\"952\" height=\"951\" srcset=\"https:\/\/static-blogs.diariosur.es\/wp-content\/uploads\/sites\/12\/2024\/06\/Captura-de-pantalla-2024-06-03-082339.jpg 952w, https:\/\/static-blogs.diariosur.es\/wp-content\/uploads\/sites\/12\/2024\/06\/Captura-de-pantalla-2024-06-03-082339-150x150.jpg 150w, https:\/\/static-blogs.diariosur.es\/wp-content\/uploads\/sites\/12\/2024\/06\/Captura-de-pantalla-2024-06-03-082339-400x400.jpg 400w, https:\/\/static-blogs.diariosur.es\/wp-content\/uploads\/sites\/12\/2024\/06\/Captura-de-pantalla-2024-06-03-082339-768x767.jpg 768w\" sizes=\"(max-width: 952px) 100vw, 952px\" \/><\/a><\/p>\n<p>&nbsp;<\/p>\n<p><a href=\"https:\/\/static-blogs.diariosur.es\/wp-content\/uploads\/sites\/12\/2024\/06\/Captura-de-pantalla-2024-06-03-082648.jpg\"><img loading=\"lazy\" class=\"aligncenter size-full wp-image-40840\" src=\"https:\/\/static-blogs.diariosur.es\/wp-content\/uploads\/sites\/12\/2024\/06\/Captura-de-pantalla-2024-06-03-082648.jpg\" alt=\"\" width=\"952\" height=\"950\" srcset=\"https:\/\/static-blogs.diariosur.es\/wp-content\/uploads\/sites\/12\/2024\/06\/Captura-de-pantalla-2024-06-03-082648.jpg 952w, https:\/\/static-blogs.diariosur.es\/wp-content\/uploads\/sites\/12\/2024\/06\/Captura-de-pantalla-2024-06-03-082648-150x150.jpg 150w, https:\/\/static-blogs.diariosur.es\/wp-content\/uploads\/sites\/12\/2024\/06\/Captura-de-pantalla-2024-06-03-082648-401x400.jpg 401w, https:\/\/static-blogs.diariosur.es\/wp-content\/uploads\/sites\/12\/2024\/06\/Captura-de-pantalla-2024-06-03-082648-768x766.jpg 768w\" sizes=\"(max-width: 952px) 100vw, 952px\" \/><\/a><\/p>\n<p>&nbsp;<\/p>\n<p>El viernes la dana estar\u00e1 muy cerca del Cabo de San Vicente.<\/p>\n<p>&nbsp;<\/p>\n<p><a href=\"https:\/\/static-blogs.diariosur.es\/wp-content\/uploads\/sites\/12\/2024\/06\/Captura-de-pantalla-2024-06-03-083331.jpg\"><img loading=\"lazy\" class=\"aligncenter size-full wp-image-40841\" src=\"https:\/\/static-blogs.diariosur.es\/wp-content\/uploads\/sites\/12\/2024\/06\/Captura-de-pantalla-2024-06-03-083331.jpg\" alt=\"\" width=\"952\" height=\"948\" srcset=\"https:\/\/static-blogs.diariosur.es\/wp-content\/uploads\/sites\/12\/2024\/06\/Captura-de-pantalla-2024-06-03-083331.jpg 952w, https:\/\/static-blogs.diariosur.es\/wp-content\/uploads\/sites\/12\/2024\/06\/Captura-de-pantalla-2024-06-03-083331-150x150.jpg 150w, https:\/\/static-blogs.diariosur.es\/wp-content\/uploads\/sites\/12\/2024\/06\/Captura-de-pantalla-2024-06-03-083331-402x400.jpg 402w, https:\/\/static-blogs.diariosur.es\/wp-content\/uploads\/sites\/12\/2024\/06\/Captura-de-pantalla-2024-06-03-083331-768x765.jpg 768w\" sizes=\"(max-width: 952px) 100vw, 952px\" \/><\/a><\/p>\n<p>La masa de aire c\u00e1lida ira abandonando nuestra comunidad, bajar\u00e1n las temperaturas m\u00e1ximas en el Valle del Guadalquivir. Por la tarde la concentraci\u00f3n de calima ira a menos. Hay probabilidad de alg\u00fan chubasco d\u00e9bil en alg\u00fan punto de nuestra comunidad, que ira acompa\u00f1ado de dep\u00f3sitos de barro.<\/p>\n<p><span style=\"color: #ff0000;\"><strong>El s\u00e1bado la dana se situar\u00e1 en el mismo Cabo de San Vicente, como a\u00fan quedan muchos d\u00edas, iremos viendo si hay probabilidad de precipitaciones acompa\u00f1adas de tormentas. El mi\u00e9rcoles estar\u00e1 m\u00e1s claro.<\/strong><\/span><\/p>\n<p>&nbsp;<\/p>\n","protected":false},"excerpt":{"rendered":"<p>Buenos d\u00edas, amigos de la meteo. Cuando son las siete y media de la ma\u00f1ana en M\u00e1laga capital, la estaci\u00f3n de la Aemet del Aeropuerto ha registrado una temperatura m\u00ednima de 17.4\u00baC, los cielos est\u00e1n despejados y el viento sopla flojo de direcci\u00f3n variable. Hoy lunes se esperan estas m\u00e1ximas en la provincia de M\u00e1laga, [&hellip;]<\/p>\n","protected":false},"author":16,"featured_media":40842,"comment_status":"open","ping_status":"open","sticky":false,"template":"","format":"standard","meta":[],"categories":[2],"tags":[100,209,212,358,587,789,809,947],"_links":{"self":[{"href":"https:\/\/blogs.diariosur.es\/tormentas-y-rayos\/wp-json\/wp\/v2\/posts\/40833"}],"collection":[{"href":"https:\/\/blogs.diariosur.es\/tormentas-y-rayos\/wp-json\/wp\/v2\/posts"}],"about":[{"href":"https:\/\/blogs.diariosur.es\/tormentas-y-rayos\/wp-json\/wp\/v2\/types\/post"}],"author":[{"embeddable":true,"href":"https:\/\/blogs.diariosur.es\/tormentas-y-rayos\/wp-json\/wp\/v2\/users\/16"}],"replies":[{"embeddable":true,"href":"https:\/\/blogs.diariosur.es\/tormentas-y-rayos\/wp-json\/wp\/v2\/comments?post=40833"}],"version-history":[{"count":6,"href":"https:\/\/blogs.diariosur.es\/tormentas-y-rayos\/wp-json\/wp\/v2\/posts\/40833\/revisions"}],"predecessor-version":[{"id":40844,"href":"https:\/\/blogs.diariosur.es\/tormentas-y-rayos\/wp-json\/wp\/v2\/posts\/40833\/revisions\/40844"}],"wp:featuredmedia":[{"embeddable":true,"href":"https:\/\/blogs.diariosur.es\/tormentas-y-rayos\/wp-json\/wp\/v2\/media\/40842"}],"wp:attachment":[{"href":"https:\/\/blogs.diariosur.es\/tormentas-y-rayos\/wp-json\/wp\/v2\/media?parent=40833"}],"wp:term":[{"taxonomy":"category","embeddable":true,"href":"https:\/\/blogs.diariosur.es\/tormentas-y-rayos\/wp-json\/wp\/v2\/categories?post=40833"},{"taxonomy":"post_tag","embeddable":true,"href":"https:\/\/blogs.diariosur.es\/tormentas-y-rayos\/wp-json\/wp\/v2\/tags?post=40833"}],"curies":[{"name":"wp","href":"https:\/\/api.w.org\/{rel}","templated":true}]}}