{"id":40845,"date":"2024-06-04T08:57:41","date_gmt":"2024-06-04T06:57:41","guid":{"rendered":"https:\/\/blogs.diariosur.es\/tormentas-y-rayos\/?p=40845"},"modified":"2024-06-04T08:57:51","modified_gmt":"2024-06-04T06:57:51","slug":"deshielo-en-sierra-nevada-cascada-piedra-resbaladiza-video-y-fotos-de-cristobal-gambero","status":"publish","type":"post","link":"https:\/\/blogs.diariosur.es\/tormentas-y-rayos\/2024\/06\/04\/deshielo-en-sierra-nevada-cascada-piedra-resbaladiza-video-y-fotos-de-cristobal-gambero\/","title":{"rendered":"Deshielo en Sierra Nevada. Cascada Piedra Resbaladiza, video y fotos de Crist\u00f3bal Gambero."},"content":{"rendered":"<p><a href=\"https:\/\/static-blogs.diariosur.es\/wp-content\/uploads\/sites\/12\/2024\/02\/379337914_10227628075666406_6248628726251100327_n.jpg\"><img loading=\"lazy\" class=\"aligncenter size-thumbnail wp-image-39879\" src=\"https:\/\/static-blogs.diariosur.es\/wp-content\/uploads\/sites\/12\/2024\/02\/379337914_10227628075666406_6248628726251100327_n-150x150.jpg\" alt=\"\" width=\"150\" height=\"150\" \/><\/a><\/p>\n<p>Buenos d\u00edas, amigos de la meteo. Antes de poneros los fotones y el impresionante video que ha hecho mi amigo Crist\u00f3bal Gambero en Sierra Nevada. el tiempo que se espera esta semana. Ma\u00f1ana hablaremos de la \u00faltima hora de la dana<\/p>\n<h3 class=\"voc-blogs-section\"><a href=\"https:\/\/blogs.diariosur.es\/tormentas-y-rayos\/2024\/06\/03\/vuelven-los-40c-la-calima-y-las-tormentas-a-andalucia\/\"><strong>\u00bfVuelven los 40\u00b0C, la calima y las tormentas a Andaluc\u00eda?<\/strong><\/a><\/h3>\n<p>&nbsp;<\/p>\n<p>Pues os dejo con este impresionante video y fotos que hizo hace un par de d\u00edas, mi amigo Crist\u00f3bal Gambero. Una pasada ver esto. Muchas gracias<\/p>\n<p>&nbsp;<\/p>\n<p><iframe loading=\"lazy\" title=\"YouTube video player\" src=\"https:\/\/www.youtube.com\/embed\/nwBPz8KXYPo?si=BYBDzs_mb7pRerF4\" width=\"560\" height=\"315\" frameborder=\"0\" allowfullscreen=\"allowfullscreen\"><\/iframe><\/p>\n<p>&nbsp;<\/p>\n<p><a href=\"https:\/\/static-blogs.diariosur.es\/wp-content\/uploads\/sites\/12\/2024\/06\/Cristobal-Gambero.-Sierra-Nevada-cascada-piedra-resbaladiza-1.jpg\"><img loading=\"lazy\" class=\"aligncenter size-full wp-image-40846\" src=\"https:\/\/static-blogs.diariosur.es\/wp-content\/uploads\/sites\/12\/2024\/06\/Cristobal-Gambero.-Sierra-Nevada-cascada-piedra-resbaladiza-1.jpg\" alt=\"\" width=\"1200\" height=\"675\" srcset=\"https:\/\/static-blogs.diariosur.es\/wp-content\/uploads\/sites\/12\/2024\/06\/Cristobal-Gambero.-Sierra-Nevada-cascada-piedra-resbaladiza-1.jpg 1200w, https:\/\/static-blogs.diariosur.es\/wp-content\/uploads\/sites\/12\/2024\/06\/Cristobal-Gambero.-Sierra-Nevada-cascada-piedra-resbaladiza-1-640x360.jpg 640w, https:\/\/static-blogs.diariosur.es\/wp-content\/uploads\/sites\/12\/2024\/06\/Cristobal-Gambero.-Sierra-Nevada-cascada-piedra-resbaladiza-1-768x432.jpg 768w\" sizes=\"(max-width: 1200px) 100vw, 1200px\" \/><\/a><\/p>\n<p>&nbsp;<\/p>\n<p><a href=\"https:\/\/static-blogs.diariosur.es\/wp-content\/uploads\/sites\/12\/2024\/06\/Cristobal-Gambero.-Sierra-Nevada-cascada-piedra-resbaladiza-2.jpg\"><img loading=\"lazy\" class=\"aligncenter size-full wp-image-40847\" src=\"https:\/\/static-blogs.diariosur.es\/wp-content\/uploads\/sites\/12\/2024\/06\/Cristobal-Gambero.-Sierra-Nevada-cascada-piedra-resbaladiza-2.jpg\" alt=\"\" width=\"1200\" height=\"675\" srcset=\"https:\/\/static-blogs.diariosur.es\/wp-content\/uploads\/sites\/12\/2024\/06\/Cristobal-Gambero.-Sierra-Nevada-cascada-piedra-resbaladiza-2.jpg 1200w, https:\/\/static-blogs.diariosur.es\/wp-content\/uploads\/sites\/12\/2024\/06\/Cristobal-Gambero.-Sierra-Nevada-cascada-piedra-resbaladiza-2-640x360.jpg 640w, https:\/\/static-blogs.diariosur.es\/wp-content\/uploads\/sites\/12\/2024\/06\/Cristobal-Gambero.-Sierra-Nevada-cascada-piedra-resbaladiza-2-768x432.jpg 768w\" sizes=\"(max-width: 1200px) 100vw, 1200px\" \/><\/a><\/p>\n<p>&nbsp;<\/p>\n","protected":false},"excerpt":{"rendered":"<p>Buenos d\u00edas, amigos de la meteo. Antes de poneros los fotones y el impresionante video que ha hecho mi amigo Crist\u00f3bal Gambero en Sierra Nevada. el tiempo que se espera esta semana. Ma\u00f1ana hablaremos de la \u00faltima hora de la dana \u00bfVuelven los 40\u00b0C, la calima y las tormentas a Andaluc\u00eda? &nbsp; Pues os dejo [&hellip;]<\/p>\n","protected":false},"author":16,"featured_media":40847,"comment_status":"open","ping_status":"open","sticky":false,"template":"","format":"standard","meta":[],"categories":[2],"tags":[100,1898,1810,1933,689,1935,1936,1934],"_links":{"self":[{"href":"https:\/\/blogs.diariosur.es\/tormentas-y-rayos\/wp-json\/wp\/v2\/posts\/40845"}],"collection":[{"href":"https:\/\/blogs.diariosur.es\/tormentas-y-rayos\/wp-json\/wp\/v2\/posts"}],"about":[{"href":"https:\/\/blogs.diariosur.es\/tormentas-y-rayos\/wp-json\/wp\/v2\/types\/post"}],"author":[{"embeddable":true,"href":"https:\/\/blogs.diariosur.es\/tormentas-y-rayos\/wp-json\/wp\/v2\/users\/16"}],"replies":[{"embeddable":true,"href":"https:\/\/blogs.diariosur.es\/tormentas-y-rayos\/wp-json\/wp\/v2\/comments?post=40845"}],"version-history":[{"count":1,"href":"https:\/\/blogs.diariosur.es\/tormentas-y-rayos\/wp-json\/wp\/v2\/posts\/40845\/revisions"}],"predecessor-version":[{"id":40848,"href":"https:\/\/blogs.diariosur.es\/tormentas-y-rayos\/wp-json\/wp\/v2\/posts\/40845\/revisions\/40848"}],"wp:featuredmedia":[{"embeddable":true,"href":"https:\/\/blogs.diariosur.es\/tormentas-y-rayos\/wp-json\/wp\/v2\/media\/40847"}],"wp:attachment":[{"href":"https:\/\/blogs.diariosur.es\/tormentas-y-rayos\/wp-json\/wp\/v2\/media?parent=40845"}],"wp:term":[{"taxonomy":"category","embeddable":true,"href":"https:\/\/blogs.diariosur.es\/tormentas-y-rayos\/wp-json\/wp\/v2\/categories?post=40845"},{"taxonomy":"post_tag","embeddable":true,"href":"https:\/\/blogs.diariosur.es\/tormentas-y-rayos\/wp-json\/wp\/v2\/tags?post=40845"}],"curies":[{"name":"wp","href":"https:\/\/api.w.org\/{rel}","templated":true}]}}