{"id":40849,"date":"2024-06-05T07:20:20","date_gmt":"2024-06-05T05:20:20","guid":{"rendered":"https:\/\/blogs.diariosur.es\/tormentas-y-rayos\/?p=40849"},"modified":"2024-06-05T07:20:20","modified_gmt":"2024-06-05T05:20:20","slug":"el-tiempo-en-andalucia-y-malaga-aviso-naranja-por-altas-temperaturas-de-42oc-vuelve-el-polvo-en-suspension","status":"publish","type":"post","link":"https:\/\/blogs.diariosur.es\/tormentas-y-rayos\/2024\/06\/05\/el-tiempo-en-andalucia-y-malaga-aviso-naranja-por-altas-temperaturas-de-42oc-vuelve-el-polvo-en-suspension\/","title":{"rendered":"El tiempo en Andaluc\u00eda y M\u00e1laga. Aviso naranja por altas temperaturas de 42\u00baC. Vuelve el polvo en suspensi\u00f3n."},"content":{"rendered":"<p><a href=\"https:\/\/static-blogs.diariosur.es\/wp-content\/uploads\/sites\/12\/2024\/02\/379337914_10227628075666406_6248628726251100327_n.jpg\"><img loading=\"lazy\" class=\"aligncenter size-thumbnail wp-image-39879\" src=\"https:\/\/static-blogs.diariosur.es\/wp-content\/uploads\/sites\/12\/2024\/02\/379337914_10227628075666406_6248628726251100327_n-150x150.jpg\" alt=\"\" width=\"150\" height=\"150\" \/><\/a><\/p>\n<p>Muy buenos d\u00edas, amigos de la meteo. Antes de hablaros de los avisos, os recuerdo que hoy a partir de las 11:15 estar\u00e9 en Canal M\u00e1laga Radio, y a las 12:15 en Canal M\u00e1laga Televisi\u00f3n en directo.<\/p>\n<p>La Aemet activa el aviso naranja y amarillo por altas temperaturas para ma\u00f1ana jueves, en las provincias de Granada, Sevilla, C\u00f3rdoba y Ja\u00e9n.<\/p>\n<p>&nbsp;<\/p>\n<p><a href=\"https:\/\/static-blogs.diariosur.es\/wp-content\/uploads\/sites\/12\/2024\/06\/Captura-de-pantalla-2024-06-05-062358.jpg\"><img loading=\"lazy\" class=\"aligncenter size-full wp-image-40850\" src=\"https:\/\/static-blogs.diariosur.es\/wp-content\/uploads\/sites\/12\/2024\/06\/Captura-de-pantalla-2024-06-05-062358.jpg\" alt=\"\" width=\"872\" height=\"821\" srcset=\"https:\/\/static-blogs.diariosur.es\/wp-content\/uploads\/sites\/12\/2024\/06\/Captura-de-pantalla-2024-06-05-062358.jpg 872w, https:\/\/static-blogs.diariosur.es\/wp-content\/uploads\/sites\/12\/2024\/06\/Captura-de-pantalla-2024-06-05-062358-425x400.jpg 425w, https:\/\/static-blogs.diariosur.es\/wp-content\/uploads\/sites\/12\/2024\/06\/Captura-de-pantalla-2024-06-05-062358-768x723.jpg 768w\" sizes=\"(max-width: 872px) 100vw, 872px\" \/><\/a><\/p>\n<p>&nbsp;<\/p>\n<p>Las temperaturas m\u00e1s altas se esperan en las provincias de Ja\u00e9n y C\u00f3rdoba- Temperatura m\u00e1xima: 40 \u00baC. Estos valores se esperan en el valle del Guadalquivir. Localmente pueden alcanzarse los <span style=\"color: #ff0000;\"><strong>42 grados<\/strong><\/span> en el tercio oriental de la comarca. En las provincias de Sevilla y Granada las m\u00e1ximas rondar\u00e1n entre los 38 y 39\u00baC. Durante la madrugada del viernes tambi\u00e9n se esperan temperaturas m\u00ednimas muy altas en toda Andaluc\u00eda.<\/p>\n<p>En la provincia malague\u00f1a tambi\u00e9n pasaremos calor, sobre todo en la comarca de Antequera. Os paso las temperaturas m\u00e1ximas y m\u00ednimas que prev\u00e9 la aemet.<\/p>\n<p>&nbsp;<\/p>\n<p><a href=\"https:\/\/static-blogs.diariosur.es\/wp-content\/uploads\/sites\/12\/2024\/06\/Captura-de-pantalla-2024-06-05-063413.jpg\"><img loading=\"lazy\" class=\"aligncenter size-full wp-image-40851\" src=\"https:\/\/static-blogs.diariosur.es\/wp-content\/uploads\/sites\/12\/2024\/06\/Captura-de-pantalla-2024-06-05-063413.jpg\" alt=\"\" width=\"872\" height=\"688\" srcset=\"https:\/\/static-blogs.diariosur.es\/wp-content\/uploads\/sites\/12\/2024\/06\/Captura-de-pantalla-2024-06-05-063413.jpg 872w, https:\/\/static-blogs.diariosur.es\/wp-content\/uploads\/sites\/12\/2024\/06\/Captura-de-pantalla-2024-06-05-063413-507x400.jpg 507w, https:\/\/static-blogs.diariosur.es\/wp-content\/uploads\/sites\/12\/2024\/06\/Captura-de-pantalla-2024-06-05-063413-768x606.jpg 768w\" sizes=\"(max-width: 872px) 100vw, 872px\" \/><\/a><\/p>\n<p>&nbsp;<\/p>\n<p>Destacar tambi\u00e9n el polvo en suspensi\u00f3n que tendremos en toda Andaluc\u00eda, la probabilidad de precipitaciones es muy baja.<\/p>\n<p>Ma\u00f1ana nos vemos para hablar de la dana que se situar\u00e1 en el Cabo de San Vicente, a\u00fan no esta claro como afectar\u00e1 a nuestra comunidad.<\/p>\n","protected":false},"excerpt":{"rendered":"<p>Muy buenos d\u00edas, amigos de la meteo. Antes de hablaros de los avisos, os recuerdo que hoy a partir de las 11:15 estar\u00e9 en Canal M\u00e1laga Radio, y a las 12:15 en Canal M\u00e1laga Televisi\u00f3n en directo. La Aemet activa el aviso naranja y amarillo por altas temperaturas para ma\u00f1ana jueves, en las provincias de [&hellip;]<\/p>\n","protected":false},"author":16,"featured_media":40852,"comment_status":"open","ping_status":"open","sticky":false,"template":"","format":"standard","meta":[],"categories":[2],"tags":[81,100,151,209,212,1905,587,676,789,962],"_links":{"self":[{"href":"https:\/\/blogs.diariosur.es\/tormentas-y-rayos\/wp-json\/wp\/v2\/posts\/40849"}],"collection":[{"href":"https:\/\/blogs.diariosur.es\/tormentas-y-rayos\/wp-json\/wp\/v2\/posts"}],"about":[{"href":"https:\/\/blogs.diariosur.es\/tormentas-y-rayos\/wp-json\/wp\/v2\/types\/post"}],"author":[{"embeddable":true,"href":"https:\/\/blogs.diariosur.es\/tormentas-y-rayos\/wp-json\/wp\/v2\/users\/16"}],"replies":[{"embeddable":true,"href":"https:\/\/blogs.diariosur.es\/tormentas-y-rayos\/wp-json\/wp\/v2\/comments?post=40849"}],"version-history":[{"count":1,"href":"https:\/\/blogs.diariosur.es\/tormentas-y-rayos\/wp-json\/wp\/v2\/posts\/40849\/revisions"}],"predecessor-version":[{"id":40853,"href":"https:\/\/blogs.diariosur.es\/tormentas-y-rayos\/wp-json\/wp\/v2\/posts\/40849\/revisions\/40853"}],"wp:featuredmedia":[{"embeddable":true,"href":"https:\/\/blogs.diariosur.es\/tormentas-y-rayos\/wp-json\/wp\/v2\/media\/40852"}],"wp:attachment":[{"href":"https:\/\/blogs.diariosur.es\/tormentas-y-rayos\/wp-json\/wp\/v2\/media?parent=40849"}],"wp:term":[{"taxonomy":"category","embeddable":true,"href":"https:\/\/blogs.diariosur.es\/tormentas-y-rayos\/wp-json\/wp\/v2\/categories?post=40849"},{"taxonomy":"post_tag","embeddable":true,"href":"https:\/\/blogs.diariosur.es\/tormentas-y-rayos\/wp-json\/wp\/v2\/tags?post=40849"}],"curies":[{"name":"wp","href":"https:\/\/api.w.org\/{rel}","templated":true}]}}