{"id":40865,"date":"2024-06-07T14:30:38","date_gmt":"2024-06-07T12:30:38","guid":{"rendered":"https:\/\/blogs.diariosur.es\/tormentas-y-rayos\/?p=40865"},"modified":"2024-06-07T14:30:38","modified_gmt":"2024-06-07T12:30:38","slug":"llovera-el-fin-de-semana-en-la-provincia-de-malaga-seguira-la-calima-una-dana-rara-rara","status":"publish","type":"post","link":"https:\/\/blogs.diariosur.es\/tormentas-y-rayos\/2024\/06\/07\/llovera-el-fin-de-semana-en-la-provincia-de-malaga-seguira-la-calima-una-dana-rara-rara\/","title":{"rendered":"\u00bfLlover\u00e1 el fin de semana en la provincia de M\u00e1laga, seguir\u00e1 la calima? Una dana, rara, rara."},"content":{"rendered":"<p><a href=\"https:\/\/static-blogs.diariosur.es\/wp-content\/uploads\/sites\/12\/2024\/02\/379337914_10227628075666406_6248628726251100327_n.jpg\"><img loading=\"lazy\" class=\"aligncenter size-thumbnail wp-image-39879\" src=\"https:\/\/static-blogs.diariosur.es\/wp-content\/uploads\/sites\/12\/2024\/02\/379337914_10227628075666406_6248628726251100327_n-150x150.jpg\" alt=\"\" width=\"150\" height=\"150\" \/><\/a><\/p>\n<p>Buenas tardes, amigos de la meteo. Hoy viernes, hay que destacar la temperatura que ha tenido Almer\u00eda Aeropuerto durante toda la madrugada, no ha bajado de 30\u00b0C. A las seis de la ma\u00f1ana registraba 31.6\u00b0C, impresionante registro. En la provincia malague\u00f1a hemos tenido menos temperatura, pero ha sido tambi\u00e9n tropical.<\/p>\n<p>A tan pocas horas, hay mucha incertidumbre con lo que pueda hacer la dana en la provincia malague\u00f1a ma\u00f1ana. Algunos modelos dan precipitaciones durante la madrugada del s\u00e1bado y primera hora de la ma\u00f1ana y otros que no dan nada. <strong>Incluso la aemet comentaba esto en twitter<\/strong>: <em>Discrepancia importante en el campo de precipitaci\u00f3n previsto para hoy viernes, el s\u00e1bado y el domingo entre los modelos HRES-IFS y Harmonie-Arome.<\/em> Si esto lo dice la aemet, para hoy viernes, figuraos para ma\u00f1ana s\u00e1bado y el domingo.<\/p>\n<p>Como comento en el t\u00edtulo del post, es una dana, rara, rara. <a href=\"https:\/\/blogs.diariosur.es\/tormentas-y-rayos\/2024\/06\/06\/danas-subtropicales-danas-polares-y-cuarenta-de-mayo-por-angel-rivera\/\">Ayer puse este enlace al blog de mi amigo \u00c1ngel Rivera. Leerlo, es muy interesante.<\/a><\/p>\n<p>Pero vamos, a lo que vamos. Yo, sinceramente, no espero apenas nada de la dana esta pr\u00f3xima madrugada, <strong>para hacer da\u00f1o<\/strong>, mejor que pase de largo. Os aseguro que ma\u00f1ana s\u00e1bado en algunas zonas de la pen\u00ednsula har\u00e1 da\u00f1o, hay activados avisos naranjas y amarillos por tormentas, en Andaluc\u00eda de momento no.<\/p>\n<p><strong>Estas probables tormentas ir\u00e1n acompa\u00f1adas de rachas muy fuertes de viento y granizo muy <span style=\"color: #ff0000;\">grande<\/span>.<\/strong><\/p>\n<p>Os paso el mapa de avisos de la aemet por tormentas para ma\u00f1ana.<\/p>\n<p>&nbsp;<\/p>\n<p><a href=\"https:\/\/static-blogs.diariosur.es\/wp-content\/uploads\/sites\/12\/2024\/06\/Captura-de-pantalla-2024-06-07-141418.jpg\"><img loading=\"lazy\" class=\"aligncenter size-full wp-image-40876\" src=\"https:\/\/static-blogs.diariosur.es\/wp-content\/uploads\/sites\/12\/2024\/06\/Captura-de-pantalla-2024-06-07-141418.jpg\" alt=\"\" width=\"867\" height=\"687\" srcset=\"https:\/\/static-blogs.diariosur.es\/wp-content\/uploads\/sites\/12\/2024\/06\/Captura-de-pantalla-2024-06-07-141418.jpg 867w, https:\/\/static-blogs.diariosur.es\/wp-content\/uploads\/sites\/12\/2024\/06\/Captura-de-pantalla-2024-06-07-141418-505x400.jpg 505w, https:\/\/static-blogs.diariosur.es\/wp-content\/uploads\/sites\/12\/2024\/06\/Captura-de-pantalla-2024-06-07-141418-768x609.jpg 768w\" sizes=\"(max-width: 867px) 100vw, 867px\" \/><\/a><\/p>\n<p>&nbsp;<\/p>\n<p>&nbsp;<\/p>\n<p>Lo que si hay una probabilidad alta, es que tengamos poniente y terral el s\u00e1bado y el domingo en la costa malague\u00f1a, se esperan rachas de moderadas a fuertes. Lo positivo ser\u00e1 que el terral ser\u00e1 suave en temperatura, no creo que en las zonas habituales se sobrepasen los 28 o 30\u00b0C. En las comarcas de Antequera y Ronda, rondar\u00e1n entre los 24 y 26\u00b0C el s\u00e1bado y el domingo.<\/p>\n<h3><span style=\"color: #ff0000;\"><strong>Lo m\u00e1s positivo es que ma\u00f1ana la calima dejar\u00e1 de ser protagonista.<\/strong><\/span><\/h3>\n<p>&nbsp;<\/p>\n<p>Pues poco m\u00e1s que contar, en 48 horas sabremos que ha pasado con esta dana.<\/p>\n<p>&nbsp;<\/p>\n<p>&nbsp;<\/p>\n<p>&nbsp;<\/p>\n<p>&nbsp;<\/p>\n<p>&nbsp;<\/p>\n<p>&nbsp;<\/p>\n<p>&nbsp;<\/p>\n<p>&nbsp;<\/p>\n","protected":false},"excerpt":{"rendered":"<p>Buenas tardes, amigos de la meteo. Hoy viernes, hay que destacar la temperatura que ha tenido Almer\u00eda Aeropuerto durante toda la madrugada, no ha bajado de 30\u00b0C. A las seis de la ma\u00f1ana registraba 31.6\u00b0C, impresionante registro. En la provincia malague\u00f1a hemos tenido menos temperatura, pero ha sido tambi\u00e9n tropical. A tan pocas horas, hay [&hellip;]<\/p>\n","protected":false},"author":16,"featured_media":40878,"comment_status":"open","ping_status":"open","sticky":false,"template":"","format":"standard","meta":[],"categories":[2],"tags":[153,307,358,375,467,800,1937,1059],"_links":{"self":[{"href":"https:\/\/blogs.diariosur.es\/tormentas-y-rayos\/wp-json\/wp\/v2\/posts\/40865"}],"collection":[{"href":"https:\/\/blogs.diariosur.es\/tormentas-y-rayos\/wp-json\/wp\/v2\/posts"}],"about":[{"href":"https:\/\/blogs.diariosur.es\/tormentas-y-rayos\/wp-json\/wp\/v2\/types\/post"}],"author":[{"embeddable":true,"href":"https:\/\/blogs.diariosur.es\/tormentas-y-rayos\/wp-json\/wp\/v2\/users\/16"}],"replies":[{"embeddable":true,"href":"https:\/\/blogs.diariosur.es\/tormentas-y-rayos\/wp-json\/wp\/v2\/comments?post=40865"}],"version-history":[{"count":13,"href":"https:\/\/blogs.diariosur.es\/tormentas-y-rayos\/wp-json\/wp\/v2\/posts\/40865\/revisions"}],"predecessor-version":[{"id":40880,"href":"https:\/\/blogs.diariosur.es\/tormentas-y-rayos\/wp-json\/wp\/v2\/posts\/40865\/revisions\/40880"}],"wp:featuredmedia":[{"embeddable":true,"href":"https:\/\/blogs.diariosur.es\/tormentas-y-rayos\/wp-json\/wp\/v2\/media\/40878"}],"wp:attachment":[{"href":"https:\/\/blogs.diariosur.es\/tormentas-y-rayos\/wp-json\/wp\/v2\/media?parent=40865"}],"wp:term":[{"taxonomy":"category","embeddable":true,"href":"https:\/\/blogs.diariosur.es\/tormentas-y-rayos\/wp-json\/wp\/v2\/categories?post=40865"},{"taxonomy":"post_tag","embeddable":true,"href":"https:\/\/blogs.diariosur.es\/tormentas-y-rayos\/wp-json\/wp\/v2\/tags?post=40865"}],"curies":[{"name":"wp","href":"https:\/\/api.w.org\/{rel}","templated":true}]}}