{"id":40881,"date":"2024-06-09T21:09:50","date_gmt":"2024-06-09T19:09:50","guid":{"rendered":"https:\/\/blogs.diariosur.es\/tormentas-y-rayos\/?p=40881"},"modified":"2024-06-09T21:11:14","modified_gmt":"2024-06-09T19:11:14","slug":"sierra-nevada-la-magia-de-los-neveros-en-junio-fotonea-de-mi-amigo-jose-cuesta","status":"publish","type":"post","link":"https:\/\/blogs.diariosur.es\/tormentas-y-rayos\/2024\/06\/09\/sierra-nevada-la-magia-de-los-neveros-en-junio-fotonea-de-mi-amigo-jose-cuesta\/","title":{"rendered":"Sierra Nevada, la magia de los neveros en junio. Fotones de mi amigo Jose Cuesta."},"content":{"rendered":"<p><a href=\"https:\/\/static-blogs.diariosur.es\/wp-content\/uploads\/sites\/12\/2023\/10\/243418660_10223324765526342_8448445083528661051_n.jpg\"><img loading=\"lazy\" class=\"aligncenter size-thumbnail wp-image-38644\" src=\"https:\/\/static-blogs.diariosur.es\/wp-content\/uploads\/sites\/12\/2023\/10\/243418660_10223324765526342_8448445083528661051_n-150x150.jpg\" alt=\"\" width=\"150\" height=\"150\" \/><\/a><\/p>\n<p>Buenas noches, amigos de la meteo. Aunque ma\u00f1ana lo confirmar\u00e9, es probable que los primeros d\u00edas de esta semana tengamos inestabilidad en la provincia malague\u00f1a, debido al aire fr\u00edo en altura.<\/p>\n<p>Mientras que los modelos se aclaran, os pongo unos fotones de mi amigo Jos\u00e9 Cuesta, que estuvo esta semana en Sierra Nevada. Impresionantes los neveros para ser junio, gracias a que el mes de marzo las nevadas fueron protagonistas. A\u00fan tiene la nieve barro.<\/p>\n<p>Sin m\u00e1s, os paso el reportaje de Jos\u00e9, nos vemos ma\u00f1ana.<\/p>\n<p>&nbsp;<\/p>\n<p><a href=\"https:\/\/static-blogs.diariosur.es\/wp-content\/uploads\/sites\/12\/2024\/06\/448112257_10228979394088522_312422176007577926_n.jpg\"><img loading=\"lazy\" class=\"aligncenter size-full wp-image-40884\" src=\"https:\/\/static-blogs.diariosur.es\/wp-content\/uploads\/sites\/12\/2024\/06\/448112257_10228979394088522_312422176007577926_n.jpg\" alt=\"\" width=\"1200\" height=\"800\" srcset=\"https:\/\/static-blogs.diariosur.es\/wp-content\/uploads\/sites\/12\/2024\/06\/448112257_10228979394088522_312422176007577926_n.jpg 1200w, https:\/\/static-blogs.diariosur.es\/wp-content\/uploads\/sites\/12\/2024\/06\/448112257_10228979394088522_312422176007577926_n-600x400.jpg 600w, https:\/\/static-blogs.diariosur.es\/wp-content\/uploads\/sites\/12\/2024\/06\/448112257_10228979394088522_312422176007577926_n-768x512.jpg 768w\" sizes=\"(max-width: 1200px) 100vw, 1200px\" \/><\/a><\/p>\n<p>&nbsp;<\/p>\n<p><a href=\"https:\/\/static-blogs.diariosur.es\/wp-content\/uploads\/sites\/12\/2024\/06\/448113633_10228979005118798_7556775989148640908_n.jpg\"><img loading=\"lazy\" class=\"aligncenter size-full wp-image-40885\" src=\"https:\/\/static-blogs.diariosur.es\/wp-content\/uploads\/sites\/12\/2024\/06\/448113633_10228979005118798_7556775989148640908_n.jpg\" alt=\"\" width=\"800\" height=\"1200\" srcset=\"https:\/\/static-blogs.diariosur.es\/wp-content\/uploads\/sites\/12\/2024\/06\/448113633_10228979005118798_7556775989148640908_n.jpg 800w, https:\/\/static-blogs.diariosur.es\/wp-content\/uploads\/sites\/12\/2024\/06\/448113633_10228979005118798_7556775989148640908_n-267x400.jpg 267w, https:\/\/static-blogs.diariosur.es\/wp-content\/uploads\/sites\/12\/2024\/06\/448113633_10228979005118798_7556775989148640908_n-768x1152.jpg 768w\" sizes=\"(max-width: 800px) 100vw, 800px\" \/><\/a><\/p>\n<p>&nbsp;<\/p>\n<p><a href=\"https:\/\/static-blogs.diariosur.es\/wp-content\/uploads\/sites\/12\/2024\/06\/448116122_10228979395288552_1477014157371063849_n.jpg\"><img loading=\"lazy\" class=\"aligncenter size-full wp-image-40886\" src=\"https:\/\/static-blogs.diariosur.es\/wp-content\/uploads\/sites\/12\/2024\/06\/448116122_10228979395288552_1477014157371063849_n.jpg\" alt=\"\" width=\"1200\" height=\"800\" srcset=\"https:\/\/static-blogs.diariosur.es\/wp-content\/uploads\/sites\/12\/2024\/06\/448116122_10228979395288552_1477014157371063849_n.jpg 1200w, https:\/\/static-blogs.diariosur.es\/wp-content\/uploads\/sites\/12\/2024\/06\/448116122_10228979395288552_1477014157371063849_n-600x400.jpg 600w, https:\/\/static-blogs.diariosur.es\/wp-content\/uploads\/sites\/12\/2024\/06\/448116122_10228979395288552_1477014157371063849_n-768x512.jpg 768w\" sizes=\"(max-width: 1200px) 100vw, 1200px\" \/><\/a><\/p>\n<p>&nbsp;<\/p>\n<p>&nbsp;<\/p>\n<p><a href=\"https:\/\/static-blogs.diariosur.es\/wp-content\/uploads\/sites\/12\/2024\/06\/448131082_10228979394488532_6227290458701495763_n.jpg\"><img loading=\"lazy\" class=\"aligncenter size-full wp-image-40887\" src=\"https:\/\/static-blogs.diariosur.es\/wp-content\/uploads\/sites\/12\/2024\/06\/448131082_10228979394488532_6227290458701495763_n.jpg\" alt=\"\" width=\"1200\" height=\"800\" srcset=\"https:\/\/static-blogs.diariosur.es\/wp-content\/uploads\/sites\/12\/2024\/06\/448131082_10228979394488532_6227290458701495763_n.jpg 1200w, https:\/\/static-blogs.diariosur.es\/wp-content\/uploads\/sites\/12\/2024\/06\/448131082_10228979394488532_6227290458701495763_n-600x400.jpg 600w, https:\/\/static-blogs.diariosur.es\/wp-content\/uploads\/sites\/12\/2024\/06\/448131082_10228979394488532_6227290458701495763_n-768x512.jpg 768w\" sizes=\"(max-width: 1200px) 100vw, 1200px\" \/><\/a><\/p>\n<p>&nbsp;<\/p>\n<p><a href=\"https:\/\/static-blogs.diariosur.es\/wp-content\/uploads\/sites\/12\/2024\/06\/448170461_10228979005918818_3031902461703829951_n.jpg\"><img loading=\"lazy\" class=\"aligncenter size-full wp-image-40888\" src=\"https:\/\/static-blogs.diariosur.es\/wp-content\/uploads\/sites\/12\/2024\/06\/448170461_10228979005918818_3031902461703829951_n.jpg\" alt=\"\" width=\"1200\" height=\"800\" srcset=\"https:\/\/static-blogs.diariosur.es\/wp-content\/uploads\/sites\/12\/2024\/06\/448170461_10228979005918818_3031902461703829951_n.jpg 1200w, https:\/\/static-blogs.diariosur.es\/wp-content\/uploads\/sites\/12\/2024\/06\/448170461_10228979005918818_3031902461703829951_n-600x400.jpg 600w, https:\/\/static-blogs.diariosur.es\/wp-content\/uploads\/sites\/12\/2024\/06\/448170461_10228979005918818_3031902461703829951_n-768x512.jpg 768w\" sizes=\"(max-width: 1200px) 100vw, 1200px\" \/><\/a><\/p>\n<p>&nbsp;<\/p>\n<p><a href=\"https:\/\/static-blogs.diariosur.es\/wp-content\/uploads\/sites\/12\/2024\/06\/448188425_10228979005598810_3314316308571007085_n.jpg\"><img loading=\"lazy\" class=\"aligncenter size-full wp-image-40889\" src=\"https:\/\/static-blogs.diariosur.es\/wp-content\/uploads\/sites\/12\/2024\/06\/448188425_10228979005598810_3314316308571007085_n.jpg\" alt=\"\" width=\"1200\" height=\"800\" srcset=\"https:\/\/static-blogs.diariosur.es\/wp-content\/uploads\/sites\/12\/2024\/06\/448188425_10228979005598810_3314316308571007085_n.jpg 1200w, https:\/\/static-blogs.diariosur.es\/wp-content\/uploads\/sites\/12\/2024\/06\/448188425_10228979005598810_3314316308571007085_n-600x400.jpg 600w, https:\/\/static-blogs.diariosur.es\/wp-content\/uploads\/sites\/12\/2024\/06\/448188425_10228979005598810_3314316308571007085_n-768x512.jpg 768w\" sizes=\"(max-width: 1200px) 100vw, 1200px\" \/><\/a><\/p>\n<p>&nbsp;<\/p>\n<p><a href=\"https:\/\/static-blogs.diariosur.es\/wp-content\/uploads\/sites\/12\/2024\/06\/448130752_10228979512451481_226708453952469119_n.jpg\"><img loading=\"lazy\" class=\"aligncenter size-full wp-image-40891\" src=\"https:\/\/static-blogs.diariosur.es\/wp-content\/uploads\/sites\/12\/2024\/06\/448130752_10228979512451481_226708453952469119_n.jpg\" alt=\"\" width=\"800\" height=\"1200\" srcset=\"https:\/\/static-blogs.diariosur.es\/wp-content\/uploads\/sites\/12\/2024\/06\/448130752_10228979512451481_226708453952469119_n.jpg 800w, https:\/\/static-blogs.diariosur.es\/wp-content\/uploads\/sites\/12\/2024\/06\/448130752_10228979512451481_226708453952469119_n-267x400.jpg 267w, https:\/\/static-blogs.diariosur.es\/wp-content\/uploads\/sites\/12\/2024\/06\/448130752_10228979512451481_226708453952469119_n-768x1152.jpg 768w\" sizes=\"(max-width: 800px) 100vw, 800px\" \/><\/a><\/p>\n<p>&nbsp;<\/p>\n","protected":false},"excerpt":{"rendered":"<p>Buenas noches, amigos de la meteo. Aunque ma\u00f1ana lo confirmar\u00e9, es probable que los primeros d\u00edas de esta semana tengamos inestabilidad en la provincia malague\u00f1a, debido al aire fr\u00edo en altura. Mientras que los modelos se aclaran, os pongo unos fotones de mi amigo Jos\u00e9 Cuesta, que estuvo esta semana en Sierra Nevada. Impresionantes los [&hellip;]<\/p>\n","protected":false},"author":16,"featured_media":40889,"comment_status":"open","ping_status":"open","sticky":false,"template":"","format":"standard","meta":[],"categories":[2],"tags":[151,358,539,689,1938,913,996],"_links":{"self":[{"href":"https:\/\/blogs.diariosur.es\/tormentas-y-rayos\/wp-json\/wp\/v2\/posts\/40881"}],"collection":[{"href":"https:\/\/blogs.diariosur.es\/tormentas-y-rayos\/wp-json\/wp\/v2\/posts"}],"about":[{"href":"https:\/\/blogs.diariosur.es\/tormentas-y-rayos\/wp-json\/wp\/v2\/types\/post"}],"author":[{"embeddable":true,"href":"https:\/\/blogs.diariosur.es\/tormentas-y-rayos\/wp-json\/wp\/v2\/users\/16"}],"replies":[{"embeddable":true,"href":"https:\/\/blogs.diariosur.es\/tormentas-y-rayos\/wp-json\/wp\/v2\/comments?post=40881"}],"version-history":[{"count":4,"href":"https:\/\/blogs.diariosur.es\/tormentas-y-rayos\/wp-json\/wp\/v2\/posts\/40881\/revisions"}],"predecessor-version":[{"id":40894,"href":"https:\/\/blogs.diariosur.es\/tormentas-y-rayos\/wp-json\/wp\/v2\/posts\/40881\/revisions\/40894"}],"wp:featuredmedia":[{"embeddable":true,"href":"https:\/\/blogs.diariosur.es\/tormentas-y-rayos\/wp-json\/wp\/v2\/media\/40889"}],"wp:attachment":[{"href":"https:\/\/blogs.diariosur.es\/tormentas-y-rayos\/wp-json\/wp\/v2\/media?parent=40881"}],"wp:term":[{"taxonomy":"category","embeddable":true,"href":"https:\/\/blogs.diariosur.es\/tormentas-y-rayos\/wp-json\/wp\/v2\/categories?post=40881"},{"taxonomy":"post_tag","embeddable":true,"href":"https:\/\/blogs.diariosur.es\/tormentas-y-rayos\/wp-json\/wp\/v2\/tags?post=40881"}],"curies":[{"name":"wp","href":"https:\/\/api.w.org\/{rel}","templated":true}]}}