{"id":40895,"date":"2024-06-10T08:30:38","date_gmt":"2024-06-10T06:30:38","guid":{"rendered":"https:\/\/blogs.diariosur.es\/tormentas-y-rayos\/?p=40895"},"modified":"2024-06-10T08:30:38","modified_gmt":"2024-06-10T06:30:38","slug":"el-tiempo-en-la-provincia-de-malaga-la-semana-comenzara-con-probabilidad-de-tormentas","status":"publish","type":"post","link":"https:\/\/blogs.diariosur.es\/tormentas-y-rayos\/2024\/06\/10\/el-tiempo-en-la-provincia-de-malaga-la-semana-comenzara-con-probabilidad-de-tormentas\/","title":{"rendered":"El tiempo en la provincia de M\u00e1laga. La semana comenzar\u00e1 con probabilidad de tormentas."},"content":{"rendered":"<p><a href=\"https:\/\/static-blogs.diariosur.es\/wp-content\/uploads\/sites\/12\/2024\/02\/379337914_10227628075666406_6248628726251100327_n.jpg\"><img loading=\"lazy\" class=\"aligncenter size-thumbnail wp-image-39879\" src=\"https:\/\/static-blogs.diariosur.es\/wp-content\/uploads\/sites\/12\/2024\/02\/379337914_10227628075666406_6248628726251100327_n-150x150.jpg\" alt=\"\" width=\"150\" height=\"150\" \/><\/a><\/p>\n<p>Buenos dias. amigos de la meteo. Antes de daros la previsi\u00f3n\u00a0para estos primeros d\u00edas de la semana, os pongo este reportaje por si alguno ayer no lo vio.<\/p>\n<p><a href=\"https:\/\/blogs.diariosur.es\/tormentas-y-rayos\/2024\/06\/09\/sierra-nevada-la-magia-de-los-neveros-en-junio-fotonea-de-mi-amigo-jose-cuesta\/\"><strong>LA MAGIA DE LOS NEVEROS EN SIERRA NEVADA EN JUNIO<\/strong><\/a><\/p>\n<p>De las ocho capitales andaluzas ha sido M\u00e1laga Puerto la que ha dado la temperatura m\u00ednima m\u00e1s alta con 21.2\u00baC, la m\u00e1s baja Granada Aeropuerto con 15.6.\u00baC. Las dem\u00e1s capitales andaluzas han rondado los 16 y 18\u00baC.\u00a0 Hoy lunes la costa de la Axarqu\u00eda entra en aviso amarillo a partir de las 13:00 por viento del oeste y suroeste de 50 a 60 km\/h (fuerza 7) con olas de 2 a 3 m, este aviso tambi\u00e9n lo tiene la costa de Granada.\u00a0Hoy por la tarde hay probabilidad baja de algunas precipitaciones dispersas en las sierras del interior de la provincia, las temperaturas m\u00e1ximas rondar\u00e1n entre los 24 y 31\u00baC, d\u00e1ndose las m\u00e1s altas en el Valle del Guadalhorce.<\/p>\n<p>En lo que respecta a nuestra comunidad, se esperan chubascos localmente fuertes acompa\u00f1ados de tormentas en el norte de C\u00f3rdoba Sierra de los Pedroches.<\/p>\n<h3><strong style=\"color: #ff0000;\">La semana comenzar\u00e1 con probabilidad de tormentas en la provincia de M\u00e1laga<\/strong><\/h3>\n<p>A partir de ma\u00f1ana martes y sobre todo el mi\u00e9rcoles, se esperan chubascos acompa\u00f1ados de tormentas por el interior de la provincia malague\u00f1a. Esto se deber\u00e1 al paso de una vaguada que viene acompa\u00f1ada de aire fr\u00edo en altura. Ma\u00f1ana sabremos que zonas son m\u00e1s probables y si se esperan tambi\u00e9n en la costa malague\u00f1a.<\/p>\n<p>Nos vemos ma\u00f1ana.<\/p>\n<p>&nbsp;<\/p>\n<p>&nbsp;<\/p>\n<p>&nbsp;<\/p>\n<p>&nbsp;<\/p>\n<p>&nbsp;<\/p>\n","protected":false},"excerpt":{"rendered":"<p>Buenos dias. amigos de la meteo. Antes de daros la previsi\u00f3n\u00a0para estos primeros d\u00edas de la semana, os pongo este reportaje por si alguno ayer no lo vio. LA MAGIA DE LOS NEVEROS EN SIERRA NEVADA EN JUNIO De las ocho capitales andaluzas ha sido M\u00e1laga Puerto la que ha dado la temperatura m\u00ednima m\u00e1s [&hellip;]<\/p>\n","protected":false},"author":16,"featured_media":40898,"comment_status":"open","ping_status":"open","sticky":false,"template":"","format":"standard","meta":[],"categories":[2],"tags":[94,100,151,358,587,996],"_links":{"self":[{"href":"https:\/\/blogs.diariosur.es\/tormentas-y-rayos\/wp-json\/wp\/v2\/posts\/40895"}],"collection":[{"href":"https:\/\/blogs.diariosur.es\/tormentas-y-rayos\/wp-json\/wp\/v2\/posts"}],"about":[{"href":"https:\/\/blogs.diariosur.es\/tormentas-y-rayos\/wp-json\/wp\/v2\/types\/post"}],"author":[{"embeddable":true,"href":"https:\/\/blogs.diariosur.es\/tormentas-y-rayos\/wp-json\/wp\/v2\/users\/16"}],"replies":[{"embeddable":true,"href":"https:\/\/blogs.diariosur.es\/tormentas-y-rayos\/wp-json\/wp\/v2\/comments?post=40895"}],"version-history":[{"count":3,"href":"https:\/\/blogs.diariosur.es\/tormentas-y-rayos\/wp-json\/wp\/v2\/posts\/40895\/revisions"}],"predecessor-version":[{"id":40899,"href":"https:\/\/blogs.diariosur.es\/tormentas-y-rayos\/wp-json\/wp\/v2\/posts\/40895\/revisions\/40899"}],"wp:featuredmedia":[{"embeddable":true,"href":"https:\/\/blogs.diariosur.es\/tormentas-y-rayos\/wp-json\/wp\/v2\/media\/40898"}],"wp:attachment":[{"href":"https:\/\/blogs.diariosur.es\/tormentas-y-rayos\/wp-json\/wp\/v2\/media?parent=40895"}],"wp:term":[{"taxonomy":"category","embeddable":true,"href":"https:\/\/blogs.diariosur.es\/tormentas-y-rayos\/wp-json\/wp\/v2\/categories?post=40895"},{"taxonomy":"post_tag","embeddable":true,"href":"https:\/\/blogs.diariosur.es\/tormentas-y-rayos\/wp-json\/wp\/v2\/tags?post=40895"}],"curies":[{"name":"wp","href":"https:\/\/api.w.org\/{rel}","templated":true}]}}