{"id":40900,"date":"2024-06-11T07:36:44","date_gmt":"2024-06-11T05:36:44","guid":{"rendered":"https:\/\/blogs.diariosur.es\/tormentas-y-rayos\/?p=40900"},"modified":"2024-06-11T07:36:44","modified_gmt":"2024-06-11T05:36:44","slug":"donde-seran-mas-probables-los-chubascos-acompanados-de-tormenta-en-la-provincia-de-malaga","status":"publish","type":"post","link":"https:\/\/blogs.diariosur.es\/tormentas-y-rayos\/2024\/06\/11\/donde-seran-mas-probables-los-chubascos-acompanados-de-tormenta-en-la-provincia-de-malaga\/","title":{"rendered":"\u00bfD\u00f3nde ser\u00e1n m\u00e1s probables los chubascos acompa\u00f1ados de tormenta en la provincia de M\u00e1laga?"},"content":{"rendered":"<p><a href=\"https:\/\/static-blogs.diariosur.es\/wp-content\/uploads\/sites\/12\/2024\/02\/379337914_10227628075666406_6248628726251100327_n.jpg\"><img loading=\"lazy\" class=\"aligncenter size-thumbnail wp-image-39879\" src=\"https:\/\/static-blogs.diariosur.es\/wp-content\/uploads\/sites\/12\/2024\/02\/379337914_10227628075666406_6248628726251100327_n-150x150.jpg\" alt=\"\" width=\"150\" height=\"150\" \/><\/a><\/p>\n<p>Muy buenos d\u00edas, amigos de la meteo. Ayer M\u00e1laga Aeropuerto registro la temperatura m\u00e1s alta de Andaluc\u00eda con 32.2\u00baC, en Espa\u00f1a se dio en Totana (Murcia) con 32.9\u00baC. Hoy martes ser\u00e1 dif\u00edcil que se lleguen a los 29\u00baC en M\u00e1laga o en otras zonas de la provincia.<\/p>\n<h3><span style=\"color: #ff0000;\"><strong>\u00bfD\u00f3nde ser\u00e1n m\u00e1s probables los chubascos acompa\u00f1ados de tormenta en la provincia de M\u00e1laga?<\/strong><\/span><\/h3>\n<p>Hoy martes hay probabilidad de chubascos acompa\u00f1ados de tormenta en las sierras del tercio oriental por la tarde. Se ver\u00e1n crecer bonitos desarrollos.<\/p>\n<p>En otras zonas de Andaluc\u00eda se esperan tormentas m\u00e1s fuertes, os paso el mapa de avisos de la aemet previsto para hoy martes.<\/p>\n<p>&nbsp;<\/p>\n<p><a href=\"https:\/\/static-blogs.diariosur.es\/wp-content\/uploads\/sites\/12\/2024\/06\/martes.jpg\"><img loading=\"lazy\" class=\"aligncenter size-full wp-image-40901\" src=\"https:\/\/static-blogs.diariosur.es\/wp-content\/uploads\/sites\/12\/2024\/06\/martes.jpg\" alt=\"\" width=\"861\" height=\"681\" srcset=\"https:\/\/static-blogs.diariosur.es\/wp-content\/uploads\/sites\/12\/2024\/06\/martes.jpg 861w, https:\/\/static-blogs.diariosur.es\/wp-content\/uploads\/sites\/12\/2024\/06\/martes-506x400.jpg 506w, https:\/\/static-blogs.diariosur.es\/wp-content\/uploads\/sites\/12\/2024\/06\/martes-768x607.jpg 768w\" sizes=\"(max-width: 861px) 100vw, 861px\" \/><\/a><\/p>\n<p>&nbsp;<\/p>\n<p><strong>Ma\u00f1ana mi\u00e9rcoles se esperan por la tarde tormentas m\u00e1s fuertes por las comarcas de Ronda y Antequera, ir\u00e1n acompa\u00f1adas de chubascos fuertes y granizo. La probabilidad de que afecten a la costa ser\u00e1 m\u00e1s baja. Cuando actualicen los avisos reeditare el blog al mediod\u00eda, ya veremos si la provincia de M\u00e1laga entra en aviso por tormentas.<\/strong><\/p>\n<p>&nbsp;<\/p>\n<p>&nbsp;<\/p>\n","protected":false},"excerpt":{"rendered":"<p>Muy buenos d\u00edas, amigos de la meteo. Ayer M\u00e1laga Aeropuerto registro la temperatura m\u00e1s alta de Andaluc\u00eda con 32.2\u00baC, en Espa\u00f1a se dio en Totana (Murcia) con 32.9\u00baC. Hoy martes ser\u00e1 dif\u00edcil que se lleguen a los 29\u00baC en M\u00e1laga o en otras zonas de la provincia. \u00bfD\u00f3nde ser\u00e1n m\u00e1s probables los chubascos acompa\u00f1ados de [&hellip;]<\/p>\n","protected":false},"author":16,"featured_media":40544,"comment_status":"open","ping_status":"open","sticky":false,"template":"","format":"standard","meta":[],"categories":[2],"tags":[94,100,151,358,587,800,996],"_links":{"self":[{"href":"https:\/\/blogs.diariosur.es\/tormentas-y-rayos\/wp-json\/wp\/v2\/posts\/40900"}],"collection":[{"href":"https:\/\/blogs.diariosur.es\/tormentas-y-rayos\/wp-json\/wp\/v2\/posts"}],"about":[{"href":"https:\/\/blogs.diariosur.es\/tormentas-y-rayos\/wp-json\/wp\/v2\/types\/post"}],"author":[{"embeddable":true,"href":"https:\/\/blogs.diariosur.es\/tormentas-y-rayos\/wp-json\/wp\/v2\/users\/16"}],"replies":[{"embeddable":true,"href":"https:\/\/blogs.diariosur.es\/tormentas-y-rayos\/wp-json\/wp\/v2\/comments?post=40900"}],"version-history":[{"count":2,"href":"https:\/\/blogs.diariosur.es\/tormentas-y-rayos\/wp-json\/wp\/v2\/posts\/40900\/revisions"}],"predecessor-version":[{"id":40904,"href":"https:\/\/blogs.diariosur.es\/tormentas-y-rayos\/wp-json\/wp\/v2\/posts\/40900\/revisions\/40904"}],"wp:featuredmedia":[{"embeddable":true,"href":"https:\/\/blogs.diariosur.es\/tormentas-y-rayos\/wp-json\/wp\/v2\/media\/40544"}],"wp:attachment":[{"href":"https:\/\/blogs.diariosur.es\/tormentas-y-rayos\/wp-json\/wp\/v2\/media?parent=40900"}],"wp:term":[{"taxonomy":"category","embeddable":true,"href":"https:\/\/blogs.diariosur.es\/tormentas-y-rayos\/wp-json\/wp\/v2\/categories?post=40900"},{"taxonomy":"post_tag","embeddable":true,"href":"https:\/\/blogs.diariosur.es\/tormentas-y-rayos\/wp-json\/wp\/v2\/tags?post=40900"}],"curies":[{"name":"wp","href":"https:\/\/api.w.org\/{rel}","templated":true}]}}