{"id":40910,"date":"2024-06-13T08:46:13","date_gmt":"2024-06-13T06:46:13","guid":{"rendered":"https:\/\/blogs.diariosur.es\/tormentas-y-rayos\/?p=40910"},"modified":"2025-11-11T18:43:22","modified_gmt":"2025-11-11T17:43:22","slug":"el-tiempo-fin-de-semana-en-la-provincia-de-malaga-tendremos-rachas-fuertes-de-poniente-y-terral","status":"publish","type":"post","link":"https:\/\/blogs.diariosur.es\/tormentas-y-rayos\/2024\/06\/13\/el-tiempo-fin-de-semana-en-la-provincia-de-malaga-tendremos-rachas-fuertes-de-poniente-y-terral\/","title":{"rendered":"El tiempo fin de semana en la provincia de M\u00e1laga. \u00bfTendremos rachas fuertes de poniente y terral?"},"content":{"rendered":"<p><a href=\"https:\/\/static-blogs.diariosur.es\/wp-content\/uploads\/sites\/12\/2023\/09\/375323357_10227521084351690_5428862938073510864_n.jpg\"><img loading=\"lazy\" class=\"aligncenter size-thumbnail wp-image-38274\" src=\"https:\/\/static-blogs.diariosur.es\/wp-content\/uploads\/sites\/12\/2023\/09\/375323357_10227521084351690_5428862938073510864_n-150x150.jpg\" alt=\"\" width=\"150\" height=\"150\" \/><\/a><\/p>\n<p data-pm-slice=\"1 1 []\">Buenos d\u00edas, amigos de la meteo. Hoy jueves 13 de junio, M\u00e1laga Aeropuerto ha dado una temperatura m\u00ednima de 19.6 \u00baC, Antequera 17.2 \u00baC, Ronda 15 \u00baC y Archidona Huertas del R\u00edo 12.1 \u00baC. En las dem\u00e1s capitales andaluzas tambi\u00e9n han tenido una madrugada llevadera: en Granada Aeropuerto 12.7 \u00baC, C\u00f3rdoba Aeropuerto 14.5 \u00baC, Ja\u00e9n 16 \u00baC, Sevilla Aeropuerto 15.2 \u00baC, C\u00e1diz 18.8 \u00baC, Huelva 15.1 \u00baC y Almer\u00eda Aeropuerto 20 \u00baC. La probabilidad de tormentas ser\u00e1 muy baja en toda la comunidad.<\/p>\n<p>Ayer cargu\u00e9 las pilas viendo unos bonitos cumulonimbus que se formaron cerca de los Montes de M\u00e1laga e interior del Valle del Guadalhorce. En esta ocasi\u00f3n no llovi\u00f3 en M\u00e1laga capital, pero lo hizo en algunos puntos del Valle; en Casarabonela la tormenta dej\u00f3 10 mm,\u00a0C\u00e1rtama 4 mm y Tolox 16 mm. En otras zonas, muy poca cosa o nada. Las tormentas tienen esto: en apenas unos kil\u00f3metros cae la mundial y al lado nada.\u00a0 Para que hagan da\u00f1o, mejor que pasen de largo.<\/p>\n<p>Os paso un timelapse y fotos, y a continuaci\u00f3n os doy la previsi\u00f3n del fin de semana.<\/p>\n<p>&nbsp;<\/p>\n<p><iframe loading=\"lazy\" title=\"YouTube video player\" src=\"https:\/\/www.youtube.com\/embed\/COTijNkDb1I?si=P0T9xFKdkWqaR8SV\" width=\"560\" height=\"315\" frameborder=\"0\" allowfullscreen=\"allowfullscreen\"><\/iframe><\/p>\n<p>&nbsp;<\/p>\n<p><a href=\"https:\/\/static-blogs.diariosur.es\/wp-content\/uploads\/sites\/12\/2024\/06\/CUMULONIMBUS-EN-MALAGA-CAPITAL-1-e1718254559408.jpg\"><img loading=\"lazy\" class=\"aligncenter size-full wp-image-40915\" src=\"https:\/\/static-blogs.diariosur.es\/wp-content\/uploads\/sites\/12\/2024\/06\/CUMULONIMBUS-EN-MALAGA-CAPITAL-1-e1718254559408.jpg\" alt=\"\" width=\"1200\" height=\"800\" \/><\/a><\/p>\n<p>&nbsp;<\/p>\n<p><a href=\"https:\/\/static-blogs.diariosur.es\/wp-content\/uploads\/sites\/12\/2024\/06\/CUMULONIMBUS-EN-MALAGA-CAPITAL-2-e1718254590375.jpg\"><img loading=\"lazy\" class=\"aligncenter size-full wp-image-40916\" src=\"https:\/\/static-blogs.diariosur.es\/wp-content\/uploads\/sites\/12\/2024\/06\/CUMULONIMBUS-EN-MALAGA-CAPITAL-2-e1718254590375.jpg\" alt=\"\" width=\"1200\" height=\"800\" \/><\/a><\/p>\n<p>&nbsp;<\/p>\n<p><a href=\"https:\/\/static-blogs.diariosur.es\/wp-content\/uploads\/sites\/12\/2024\/06\/CUMULONIMBUS-EN-MALAGA-CAPITAL-3-e1718254617367.jpg\"><img loading=\"lazy\" class=\"aligncenter size-full wp-image-40917\" src=\"https:\/\/static-blogs.diariosur.es\/wp-content\/uploads\/sites\/12\/2024\/06\/CUMULONIMBUS-EN-MALAGA-CAPITAL-3-e1718254617367.jpg\" alt=\"\" width=\"1200\" height=\"800\" \/><\/a><\/p>\n<p>&nbsp;<\/p>\n<p><a href=\"https:\/\/static-blogs.diariosur.es\/wp-content\/uploads\/sites\/12\/2024\/06\/CUMULONIMBUS-EN-MALAGA-CAPITAL-4-1-e1718254762239.jpg\"><img loading=\"lazy\" class=\"aligncenter size-full wp-image-40920\" src=\"https:\/\/static-blogs.diariosur.es\/wp-content\/uploads\/sites\/12\/2024\/06\/CUMULONIMBUS-EN-MALAGA-CAPITAL-4-1-e1718254762239.jpg\" alt=\"\" width=\"1200\" height=\"800\" \/><\/a><\/p>\n<p>&nbsp;<\/p>\n<h3><span style=\"color: #0000ff;\"><strong>El tiempo fin de semana en la provincia de M\u00e1laga. \u00bfTendremos rachas fuertes de poniente y terral?<\/strong><\/span><\/h3>\n<p>&nbsp;<\/p>\n<p data-pm-slice=\"1 1 []\">Salvo sorpresas de \u00faltima hora, es muy probable que el s\u00e1bado tengamos poniente y terral de moderado a fuerte en las zonas habituales de la costa malague\u00f1a. Las rachas m\u00e1s fuertes se dar\u00e1n a partir de las primeras horas de la tarde.<\/p>\n<p>Las temperaturas m\u00e1ximas m\u00e1s altas se dar\u00e1n en el interior del Valle del Guadalhorce; pueden llegar a los 34 y 35 \u00baC. En M\u00e1laga capital rondar\u00e1n los 30 \u00b0C o 32 \u00b0C. La probabilidad de precipitaciones es muy baja.<\/p>\n<p>Os paso las temperaturas m\u00e1ximas y m\u00ednimas que prev\u00e9 la AEMET.<\/p>\n<p>&nbsp;<\/p>\n<p>&nbsp;<\/p>\n<p><a href=\"https:\/\/static-blogs.diariosur.es\/wp-content\/uploads\/sites\/12\/2024\/06\/sabado.jpg\"><img loading=\"lazy\" class=\"aligncenter size-full wp-image-40921\" src=\"https:\/\/static-blogs.diariosur.es\/wp-content\/uploads\/sites\/12\/2024\/06\/sabado.jpg\" alt=\"\" width=\"862\" height=\"681\" srcset=\"https:\/\/static-blogs.diariosur.es\/wp-content\/uploads\/sites\/12\/2024\/06\/sabado.jpg 862w, https:\/\/static-blogs.diariosur.es\/wp-content\/uploads\/sites\/12\/2024\/06\/sabado-506x400.jpg 506w, https:\/\/static-blogs.diariosur.es\/wp-content\/uploads\/sites\/12\/2024\/06\/sabado-768x607.jpg 768w\" sizes=\"(max-width: 862px) 100vw, 862px\" \/><\/a><\/p>\n<p>&nbsp;<\/p>\n<p>&nbsp;<\/p>\n<p data-pm-slice=\"1 1 []\">El domingo seguiremos con rachas de moderadas a fuertes en la costa malague\u00f1a. Las temperaturas m\u00e1ximas m\u00e1s altas se dar\u00e1n de nuevo en el interior del Valle del Guadalhorce; rondar\u00e1n los 32 y 34 \u00b0C. En M\u00e1laga capital, entre los 29 y 31 \u00baC. La temperatura del agua del mar rondar\u00e1 los 17 y 18 \u00b0C el fin de semana.<\/p>\n<p>Os pongo las temperaturas m\u00e1ximas y m\u00ednimas que prev\u00e9 la AEMET. Fijaros c\u00f3mo en el interior de la provincia, comarcas de Antequera y Ronda, tendr\u00e1n m\u00ednimas fresquitas para las fechas que estamos.<\/p>\n<p>&nbsp;<\/p>\n<p><a href=\"https:\/\/static-blogs.diariosur.es\/wp-content\/uploads\/sites\/12\/2024\/06\/domingo-1.jpg\"><img loading=\"lazy\" class=\"aligncenter size-full wp-image-40923\" src=\"https:\/\/static-blogs.diariosur.es\/wp-content\/uploads\/sites\/12\/2024\/06\/domingo-1.jpg\" alt=\"\" width=\"867\" height=\"677\" srcset=\"https:\/\/static-blogs.diariosur.es\/wp-content\/uploads\/sites\/12\/2024\/06\/domingo-1.jpg 867w, https:\/\/static-blogs.diariosur.es\/wp-content\/uploads\/sites\/12\/2024\/06\/domingo-1-512x400.jpg 512w, https:\/\/static-blogs.diariosur.es\/wp-content\/uploads\/sites\/12\/2024\/06\/domingo-1-768x600.jpg 768w\" sizes=\"(max-width: 867px) 100vw, 867px\" \/><\/a><\/p>\n<p>&nbsp;<\/p>\n<p>&nbsp;<\/p>\n","protected":false},"excerpt":{"rendered":"<p>Buenos d\u00edas, amigos de la meteo. Hoy jueves 13 de junio, M\u00e1laga Aeropuerto ha dado una temperatura m\u00ednima de 19.6 \u00baC, Antequera 17.2 \u00baC, Ronda 15 \u00baC y Archidona Huertas del R\u00edo 12.1 \u00baC. En las dem\u00e1s capitales andaluzas tambi\u00e9n han tenido una madrugada llevadera: en Granada Aeropuerto 12.7 \u00baC, C\u00f3rdoba Aeropuerto 14.5 \u00baC, Ja\u00e9n [&hellip;]<\/p>\n","protected":false},"author":16,"featured_media":40924,"comment_status":"open","ping_status":"open","sticky":false,"template":"","format":"standard","meta":[],"categories":[2],"tags":[100,358,587,800],"_links":{"self":[{"href":"https:\/\/blogs.diariosur.es\/tormentas-y-rayos\/wp-json\/wp\/v2\/posts\/40910"}],"collection":[{"href":"https:\/\/blogs.diariosur.es\/tormentas-y-rayos\/wp-json\/wp\/v2\/posts"}],"about":[{"href":"https:\/\/blogs.diariosur.es\/tormentas-y-rayos\/wp-json\/wp\/v2\/types\/post"}],"author":[{"embeddable":true,"href":"https:\/\/blogs.diariosur.es\/tormentas-y-rayos\/wp-json\/wp\/v2\/users\/16"}],"replies":[{"embeddable":true,"href":"https:\/\/blogs.diariosur.es\/tormentas-y-rayos\/wp-json\/wp\/v2\/comments?post=40910"}],"version-history":[{"count":12,"href":"https:\/\/blogs.diariosur.es\/tormentas-y-rayos\/wp-json\/wp\/v2\/posts\/40910\/revisions"}],"predecessor-version":[{"id":47540,"href":"https:\/\/blogs.diariosur.es\/tormentas-y-rayos\/wp-json\/wp\/v2\/posts\/40910\/revisions\/47540"}],"wp:featuredmedia":[{"embeddable":true,"href":"https:\/\/blogs.diariosur.es\/tormentas-y-rayos\/wp-json\/wp\/v2\/media\/40924"}],"wp:attachment":[{"href":"https:\/\/blogs.diariosur.es\/tormentas-y-rayos\/wp-json\/wp\/v2\/media?parent=40910"}],"wp:term":[{"taxonomy":"category","embeddable":true,"href":"https:\/\/blogs.diariosur.es\/tormentas-y-rayos\/wp-json\/wp\/v2\/categories?post=40910"},{"taxonomy":"post_tag","embeddable":true,"href":"https:\/\/blogs.diariosur.es\/tormentas-y-rayos\/wp-json\/wp\/v2\/tags?post=40910"}],"curies":[{"name":"wp","href":"https:\/\/api.w.org\/{rel}","templated":true}]}}