{"id":40931,"date":"2024-06-14T07:33:53","date_gmt":"2024-06-14T05:33:53","guid":{"rendered":"https:\/\/blogs.diariosur.es\/tormentas-y-rayos\/?p=40931"},"modified":"2024-06-14T07:33:53","modified_gmt":"2024-06-14T05:33:53","slug":"apoyas-la-peticion-del-tren-para-la-costa-del-sol-firma-aqui","status":"publish","type":"post","link":"https:\/\/blogs.diariosur.es\/tormentas-y-rayos\/2024\/06\/14\/apoyas-la-peticion-del-tren-para-la-costa-del-sol-firma-aqui\/","title":{"rendered":"\u00bfApoyas la petici\u00f3n del tren para la Costa del Sol? Firma aqu\u00ed"},"content":{"rendered":"<p><a href=\"https:\/\/static-blogs.diariosur.es\/wp-content\/uploads\/sites\/12\/2024\/02\/379337914_10227628075666406_6248628726251100327_n.jpg\"><img loading=\"lazy\" class=\"aligncenter size-thumbnail wp-image-39879\" src=\"https:\/\/static-blogs.diariosur.es\/wp-content\/uploads\/sites\/12\/2024\/02\/379337914_10227628075666406_6248628726251100327_n-150x150.jpg\" alt=\"\" width=\"150\" height=\"150\" \/><\/a><\/p>\n<p>Buenos d\u00edas, amigos de la meteo. Hoy toca firmar para que tengamos un tren litoral, esta tarde dar\u00e9 la \u00faltima hora del probable terral del s\u00e1bado y domingo.<\/p>\n<p>Pinchar en el enlace y firmar amigos.<\/p>\n<h3><a href=\"https:\/\/tren-litoral.diariosur.es\/#firma_peticion\" rel=\"external nofollow\"><strong>Por un tren para la Costa del Sol<\/strong><\/a><\/h3>\n<p>&nbsp;<\/p>\n","protected":false},"excerpt":{"rendered":"<p>Buenos d\u00edas, amigos de la meteo. Hoy toca firmar para que tengamos un tren litoral, esta tarde dar\u00e9 la \u00faltima hora del probable terral del s\u00e1bado y domingo. Pinchar en el enlace y firmar amigos. Por un tren para la Costa del Sol &nbsp;<\/p>\n","protected":false},"author":16,"featured_media":40932,"comment_status":"open","ping_status":"open","sticky":false,"template":"","format":"standard","meta":[],"categories":[2],"tags":[358,1939,564,587,1531],"_links":{"self":[{"href":"https:\/\/blogs.diariosur.es\/tormentas-y-rayos\/wp-json\/wp\/v2\/posts\/40931"}],"collection":[{"href":"https:\/\/blogs.diariosur.es\/tormentas-y-rayos\/wp-json\/wp\/v2\/posts"}],"about":[{"href":"https:\/\/blogs.diariosur.es\/tormentas-y-rayos\/wp-json\/wp\/v2\/types\/post"}],"author":[{"embeddable":true,"href":"https:\/\/blogs.diariosur.es\/tormentas-y-rayos\/wp-json\/wp\/v2\/users\/16"}],"replies":[{"embeddable":true,"href":"https:\/\/blogs.diariosur.es\/tormentas-y-rayos\/wp-json\/wp\/v2\/comments?post=40931"}],"version-history":[{"count":1,"href":"https:\/\/blogs.diariosur.es\/tormentas-y-rayos\/wp-json\/wp\/v2\/posts\/40931\/revisions"}],"predecessor-version":[{"id":40933,"href":"https:\/\/blogs.diariosur.es\/tormentas-y-rayos\/wp-json\/wp\/v2\/posts\/40931\/revisions\/40933"}],"wp:featuredmedia":[{"embeddable":true,"href":"https:\/\/blogs.diariosur.es\/tormentas-y-rayos\/wp-json\/wp\/v2\/media\/40932"}],"wp:attachment":[{"href":"https:\/\/blogs.diariosur.es\/tormentas-y-rayos\/wp-json\/wp\/v2\/media?parent=40931"}],"wp:term":[{"taxonomy":"category","embeddable":true,"href":"https:\/\/blogs.diariosur.es\/tormentas-y-rayos\/wp-json\/wp\/v2\/categories?post=40931"},{"taxonomy":"post_tag","embeddable":true,"href":"https:\/\/blogs.diariosur.es\/tormentas-y-rayos\/wp-json\/wp\/v2\/tags?post=40931"}],"curies":[{"name":"wp","href":"https:\/\/api.w.org\/{rel}","templated":true}]}}