{"id":40934,"date":"2024-06-15T08:03:47","date_gmt":"2024-06-15T06:03:47","guid":{"rendered":"https:\/\/blogs.diariosur.es\/tormentas-y-rayos\/?p=40934"},"modified":"2025-11-11T18:39:56","modified_gmt":"2025-11-11T17:39:56","slug":"ultima-hora-del-terral-en-malaga-aviso-amarillo-por-tormentas-en-zonas-de-la-provincia-de-almeria","status":"publish","type":"post","link":"https:\/\/blogs.diariosur.es\/tormentas-y-rayos\/2024\/06\/15\/ultima-hora-del-terral-en-malaga-aviso-amarillo-por-tormentas-en-zonas-de-la-provincia-de-almeria\/","title":{"rendered":"\u00daltima hora del terral en M\u00e1laga. Aviso amarillo por tormentas en zonas de la provincia de Almer\u00eda."},"content":{"rendered":"<p><a href=\"https:\/\/static-blogs.diariosur.es\/wp-content\/uploads\/sites\/12\/2024\/05\/444912498_10228884468795449_97962860407814916_n.jpg\"><img loading=\"lazy\" class=\"aligncenter size-thumbnail wp-image-40751\" src=\"https:\/\/static-blogs.diariosur.es\/wp-content\/uploads\/sites\/12\/2024\/05\/444912498_10228884468795449_97962860407814916_n-150x150.jpg\" alt=\"\" width=\"150\" height=\"150\" \/><\/a><\/p>\n<p data-pm-slice=\"1 1 []\">Buenos d\u00edas, amigos de la meteo. Cuando son las siete de la ma\u00f1ana en M\u00e1laga capital, mi estaci\u00f3n registra 24.6 \u00baC, los cielos est\u00e1n algo nubosos y el viento sopla moderado de componente oeste. A partir del mediod\u00eda, el terral y el poniente tomar\u00e1n protagonismo con rachas de moderadas a fuertes. Las temperaturas m\u00e1ximas m\u00e1s altas se registrar\u00e1n en el Valle del Guadalhorce; en M\u00e1laga capital rondar\u00e1n entre los 33 y 35 \u00baC, seg\u00fan zona. En esta ocasi\u00f3n, el terral llegar\u00e1 tambi\u00e9n a Estepona y Axarqu\u00eda.<\/p>\n<p>Ma\u00f1ana domingo, el terral y el poniente seguir\u00e1n hasta el mediod\u00eda; es probable que a partir de primeras horas de la tarde cambie a sur suroeste. Las temperaturas m\u00e1ximas en zonas de terral no ser\u00e1n tan altas como las que se den hoy s\u00e1bado.<\/p>\n<p>La AEMET activa el aviso amarillo por tormentas en la provincia de Almer\u00eda, concretamente en el Valle de Almanzora y Los V\u00e9lez. El aviso se activa a las 15:00 horas y termina a las 20:59. El noroeste de Murcia tambi\u00e9n entrar\u00e1 en aviso por tormentas; precauci\u00f3n si vais en coche.<\/p>\n<p>Nos vemos ma\u00f1ana.<\/p>\n<p>&nbsp;<\/p>\n<p>&nbsp;<\/p>\n","protected":false},"excerpt":{"rendered":"<p>Buenos d\u00edas, amigos de la meteo. Cuando son las siete de la ma\u00f1ana en M\u00e1laga capital, mi estaci\u00f3n registra 24.6 \u00baC, los cielos est\u00e1n algo nubosos y el viento sopla moderado de componente oeste. A partir del mediod\u00eda, el terral y el poniente tomar\u00e1n protagonismo con rachas de moderadas a fuertes. Las temperaturas m\u00e1ximas m\u00e1s [&hellip;]<\/p>\n","protected":false},"author":16,"featured_media":40935,"comment_status":"open","ping_status":"open","sticky":false,"template":"","format":"standard","meta":[],"categories":[2],"tags":[94,100,151,485,587,800,1940,996,1028],"_links":{"self":[{"href":"https:\/\/blogs.diariosur.es\/tormentas-y-rayos\/wp-json\/wp\/v2\/posts\/40934"}],"collection":[{"href":"https:\/\/blogs.diariosur.es\/tormentas-y-rayos\/wp-json\/wp\/v2\/posts"}],"about":[{"href":"https:\/\/blogs.diariosur.es\/tormentas-y-rayos\/wp-json\/wp\/v2\/types\/post"}],"author":[{"embeddable":true,"href":"https:\/\/blogs.diariosur.es\/tormentas-y-rayos\/wp-json\/wp\/v2\/users\/16"}],"replies":[{"embeddable":true,"href":"https:\/\/blogs.diariosur.es\/tormentas-y-rayos\/wp-json\/wp\/v2\/comments?post=40934"}],"version-history":[{"count":2,"href":"https:\/\/blogs.diariosur.es\/tormentas-y-rayos\/wp-json\/wp\/v2\/posts\/40934\/revisions"}],"predecessor-version":[{"id":47539,"href":"https:\/\/blogs.diariosur.es\/tormentas-y-rayos\/wp-json\/wp\/v2\/posts\/40934\/revisions\/47539"}],"wp:featuredmedia":[{"embeddable":true,"href":"https:\/\/blogs.diariosur.es\/tormentas-y-rayos\/wp-json\/wp\/v2\/media\/40935"}],"wp:attachment":[{"href":"https:\/\/blogs.diariosur.es\/tormentas-y-rayos\/wp-json\/wp\/v2\/media?parent=40934"}],"wp:term":[{"taxonomy":"category","embeddable":true,"href":"https:\/\/blogs.diariosur.es\/tormentas-y-rayos\/wp-json\/wp\/v2\/categories?post=40934"},{"taxonomy":"post_tag","embeddable":true,"href":"https:\/\/blogs.diariosur.es\/tormentas-y-rayos\/wp-json\/wp\/v2\/tags?post=40934"}],"curies":[{"name":"wp","href":"https:\/\/api.w.org\/{rel}","templated":true}]}}