{"id":40937,"date":"2024-06-16T09:03:53","date_gmt":"2024-06-16T07:03:53","guid":{"rendered":"https:\/\/blogs.diariosur.es\/tormentas-y-rayos\/?p=40937"},"modified":"2025-11-11T18:38:33","modified_gmt":"2025-11-11T17:38:33","slug":"que-tiempo-hara-manana-lunes-habra-taro-esta-pasada-madrugada-ha-sido-fresquita-en-algunas-zonas-de-la-provincia-de-malaga","status":"publish","type":"post","link":"https:\/\/blogs.diariosur.es\/tormentas-y-rayos\/2024\/06\/16\/que-tiempo-hara-manana-lunes-habra-taro-esta-pasada-madrugada-ha-sido-fresquita-en-algunas-zonas-de-la-provincia-de-malaga\/","title":{"rendered":"\u00bfQu\u00e9 tiempo hara ma\u00f1ana lunes, habr\u00e1 tar\u00f3? Esta pasada madrugada ha sido fresquita en algunas zonas de la provincia de M\u00e1laga"},"content":{"rendered":"<p><a href=\"https:\/\/static-blogs.diariosur.es\/wp-content\/uploads\/sites\/12\/2024\/02\/379337914_10227628075666406_6248628726251100327_n.jpg\"><img loading=\"lazy\" class=\"aligncenter size-thumbnail wp-image-39879\" src=\"https:\/\/static-blogs.diariosur.es\/wp-content\/uploads\/sites\/12\/2024\/02\/379337914_10227628075666406_6248628726251100327_n-150x150.jpg\" alt=\"\" width=\"150\" height=\"150\" \/><\/a><\/p>\n<p data-pm-slice=\"1 1 []\">Muy buenos d\u00edas, amigos de la meteo. No es una inocentada; en algunas zonas de la provincia malague\u00f1a esta pasada madrugada ha sido fresquita. Las comarcas de Ronda, Antequera e interior m\u00e1s occidental han tenido unas m\u00ednimas muy agradables, incluso para echarse una s\u00e1bana, jijijij.<\/p>\n<p>Os paso algunas temperaturas m\u00ednimas m\u00e1s destacables. Fuente: AEMET y Meteoclimatic.<\/p>\n<p><strong>Antequera 13.6 \u00b0C<\/strong><\/p>\n<p><strong>Fuente de Piedra 14.3 \u00b0C<\/strong><\/p>\n<p><strong>Alameda\u00a016.8 \u00baC<\/strong><\/p>\n<p><strong>Archidona Huertas del R\u00edo 10.8 \u00baC<\/strong><\/p>\n<p><strong>Ronda\u00a014.6 \u00baC<\/strong><\/p>\n<p><strong>Cortes de la Frontera 15.7 \u00b0C<\/strong><\/p>\n<p><strong>Alpandeire 16.3 \u00b0C<\/strong><\/p>\n<p><strong>Gauc\u00edn 14.4 \u00baC<\/strong><\/p>\n<p>Ayer s\u00e1bado el terral fue protagonista en M\u00e1laga capital; en algunos momentos hab\u00eda diferencias de hasta 9 \u00b0C seg\u00fan zonas. La m\u00e1xima la registr\u00f3 el Aeropuerto de M\u00e1laga con 36.1 \u00baC.<\/p>\n<p>Hoy domingo seguiremos con terral y poniente en la costa de M\u00e1laga, pero es muy probable que a partir de primeras horas de la tarde entren brisas de sur sureste. Por el interior del Valle del Guadalhorce se quitar\u00e1 m\u00e1s tarde.<\/p>\n<h3><span style=\"color: #ff0000;\"><strong>\u00bfQu\u00e9 tiempo hara ma\u00f1ana lunes?<\/strong><\/span><\/h3>\n<p>&nbsp;<\/p>\n<p data-pm-slice=\"1 1 []\">Ma\u00f1ana el terral nos dar\u00e1 una tregua; tendremos viento flojo de sur-sureste. Hay probabilidad de tar\u00f3 frente a las costas de M\u00e1laga; lo que no tengo muy claro es si entrar\u00e1 a tierra.<\/p>\n<p>En las comarcas de Ronda y Antequera subir\u00e1n las temperaturas.<\/p>\n<p>Os pongo las temperaturas m\u00e1ximas y m\u00ednimas que prev\u00e9 la AEMET ma\u00f1ana lunes.<\/p>\n<p>&nbsp;<\/p>\n<p>&nbsp;<\/p>\n<p><a href=\"https:\/\/static-blogs.diariosur.es\/wp-content\/uploads\/sites\/12\/2024\/06\/Captura-de-pantalla-2024-06-16-085504.jpg\"><img loading=\"lazy\" class=\"aligncenter size-full wp-image-40938\" src=\"https:\/\/static-blogs.diariosur.es\/wp-content\/uploads\/sites\/12\/2024\/06\/Captura-de-pantalla-2024-06-16-085504.jpg\" alt=\"\" width=\"867\" height=\"685\" srcset=\"https:\/\/static-blogs.diariosur.es\/wp-content\/uploads\/sites\/12\/2024\/06\/Captura-de-pantalla-2024-06-16-085504.jpg 867w, https:\/\/static-blogs.diariosur.es\/wp-content\/uploads\/sites\/12\/2024\/06\/Captura-de-pantalla-2024-06-16-085504-506x400.jpg 506w, https:\/\/static-blogs.diariosur.es\/wp-content\/uploads\/sites\/12\/2024\/06\/Captura-de-pantalla-2024-06-16-085504-768x607.jpg 768w\" sizes=\"(max-width: 867px) 100vw, 867px\" \/><\/a><\/p>\n<p>&nbsp;<\/p>\n<p>Ma\u00f1ana veremos si el martes y mi\u00e9rcoles vuelve el terral, de hacerlo, ser\u00e1 con temperaturas no muy altas.<\/p>\n<p>&nbsp;<\/p>\n<p>&nbsp;<\/p>\n<p>&nbsp;<\/p>\n<p>&nbsp;<\/p>\n","protected":false},"excerpt":{"rendered":"<p>Muy buenos d\u00edas, amigos de la meteo. No es una inocentada; en algunas zonas de la provincia malague\u00f1a esta pasada madrugada ha sido fresquita. Las comarcas de Ronda, Antequera e interior m\u00e1s occidental han tenido unas m\u00ednimas muy agradables, incluso para echarse una s\u00e1bana, jijijij. Os paso algunas temperaturas m\u00ednimas m\u00e1s destacables. Fuente: AEMET y [&hellip;]<\/p>\n","protected":false},"author":16,"featured_media":39290,"comment_status":"open","ping_status":"open","sticky":false,"template":"","format":"standard","meta":[],"categories":[2],"tags":[587,800,953,975,1941],"_links":{"self":[{"href":"https:\/\/blogs.diariosur.es\/tormentas-y-rayos\/wp-json\/wp\/v2\/posts\/40937"}],"collection":[{"href":"https:\/\/blogs.diariosur.es\/tormentas-y-rayos\/wp-json\/wp\/v2\/posts"}],"about":[{"href":"https:\/\/blogs.diariosur.es\/tormentas-y-rayos\/wp-json\/wp\/v2\/types\/post"}],"author":[{"embeddable":true,"href":"https:\/\/blogs.diariosur.es\/tormentas-y-rayos\/wp-json\/wp\/v2\/users\/16"}],"replies":[{"embeddable":true,"href":"https:\/\/blogs.diariosur.es\/tormentas-y-rayos\/wp-json\/wp\/v2\/comments?post=40937"}],"version-history":[{"count":4,"href":"https:\/\/blogs.diariosur.es\/tormentas-y-rayos\/wp-json\/wp\/v2\/posts\/40937\/revisions"}],"predecessor-version":[{"id":47538,"href":"https:\/\/blogs.diariosur.es\/tormentas-y-rayos\/wp-json\/wp\/v2\/posts\/40937\/revisions\/47538"}],"wp:featuredmedia":[{"embeddable":true,"href":"https:\/\/blogs.diariosur.es\/tormentas-y-rayos\/wp-json\/wp\/v2\/media\/39290"}],"wp:attachment":[{"href":"https:\/\/blogs.diariosur.es\/tormentas-y-rayos\/wp-json\/wp\/v2\/media?parent=40937"}],"wp:term":[{"taxonomy":"category","embeddable":true,"href":"https:\/\/blogs.diariosur.es\/tormentas-y-rayos\/wp-json\/wp\/v2\/categories?post=40937"},{"taxonomy":"post_tag","embeddable":true,"href":"https:\/\/blogs.diariosur.es\/tormentas-y-rayos\/wp-json\/wp\/v2\/tags?post=40937"}],"curies":[{"name":"wp","href":"https:\/\/api.w.org\/{rel}","templated":true}]}}