{"id":40941,"date":"2024-06-17T07:49:16","date_gmt":"2024-06-17T05:49:16","guid":{"rendered":"https:\/\/blogs.diariosur.es\/tormentas-y-rayos\/?p=40941"},"modified":"2025-11-11T18:36:23","modified_gmt":"2025-11-11T17:36:23","slug":"vuelve-el-terral-el-martes-a-la-provincia-malaguena-probabilidad-de-taro","status":"publish","type":"post","link":"https:\/\/blogs.diariosur.es\/tormentas-y-rayos\/2024\/06\/17\/vuelve-el-terral-el-martes-a-la-provincia-malaguena-probabilidad-de-taro\/","title":{"rendered":"\u00bfVuelve el terral el martes a la provincia malague\u00f1a? Probabilidad de tar\u00f3"},"content":{"rendered":"<p><a href=\"https:\/\/static-blogs.diariosur.es\/wp-content\/uploads\/sites\/12\/2023\/06\/66505616_10216972270637940_5684453640765440_n-2.jpg\"><img loading=\"lazy\" class=\"aligncenter size-thumbnail wp-image-37376\" src=\"https:\/\/static-blogs.diariosur.es\/wp-content\/uploads\/sites\/12\/2023\/06\/66505616_10216972270637940_5684453640765440_n-2-150x150.jpg\" alt=\"\" width=\"150\" height=\"150\" srcset=\"https:\/\/static-blogs.diariosur.es\/wp-content\/uploads\/sites\/12\/2023\/06\/66505616_10216972270637940_5684453640765440_n-2-150x150.jpg 150w, https:\/\/static-blogs.diariosur.es\/wp-content\/uploads\/sites\/12\/2023\/06\/66505616_10216972270637940_5684453640765440_n-2-400x400.jpg 400w, https:\/\/static-blogs.diariosur.es\/wp-content\/uploads\/sites\/12\/2023\/06\/66505616_10216972270637940_5684453640765440_n-2.jpg 768w\" sizes=\"(max-width: 150px) 100vw, 150px\" \/><\/a><\/p>\n<p data-pm-slice=\"1 1 []\">Buenos d\u00edas, amigos de la meteo. Antes de hablaros de la predicci\u00f3n del tiempo para ma\u00f1ana, os informo que hay que tener mucha precauci\u00f3n este verano con la radiaci\u00f3n del sol.<\/p>\n<p>Cuando son las siete de la ma\u00f1ana en M\u00e1laga capital, el Aeropuerto de M\u00e1laga ha registrado una m\u00ednima <strong>de 19.2\u00b0C<\/strong>, los cielos est\u00e1n despejados\u00a0y el viento sopla flojo de sur sureste. Como coment\u00e9 ayer, hay probabilidad de tar\u00f3 hoy lunes en la costa malague\u00f1a; ya veremos, si de darse, entra a tierra. En el resto de Andaluc\u00eda tambi\u00e9n se han registrado unas m\u00ednimas por debajo de la media para las fechas que estamos.<\/p>\n<p>Ayer domingo, la temperatura m\u00e1xima en la capital la registr\u00f3 el Centro Meteorol\u00f3gico de Teatinos con 30.8\u00b0C a las 12 del mediod\u00eda; a partir de esa hora entr\u00f3 el sur-sureste y el terral se retir\u00f3 de M\u00e1laga. En la provincia malague\u00f1a, destacar Estepona y \u00c1lora con m\u00e1s de 34\u00b0C.<\/p>\n<h3><span style=\"color: #ff0000;\"><strong>\u00bfVuelve el terral el martes a la provincia malague\u00f1a? Probabilidad de tar\u00f3<\/strong><\/span><\/h3>\n<p data-pm-slice=\"1 1 []\">Ma\u00f1ana martes sigue habiendo probabilidad de tar\u00f3 en la costa de M\u00e1laga; en esta ocasi\u00f3n s\u00ed hay probabilidad de que en alg\u00fan punto entre a tierra.<\/p>\n<p>A partir de la tarde entrar\u00e1 terral por el valle del Guadalhorce; en algunos puntos pueden sobrepasar los 33\u00b0C.<\/p>\n<p><strong>En la capital hay probabilidad de que entre a \u00faltima hora de la tarde. La m\u00e1xima prevista rondar\u00e1 entre 28 y 30\u00b0C.<\/strong><\/p>\n<p>&nbsp;<\/p>\n<p>En la predicci\u00f3n que dar\u00e9 ma\u00f1ana, hablaremos de una dana que se situar\u00e1 al oeste de Portugal, dejar\u00e1 precipitaciones el martes por la tarde y mi\u00e9rcoles en la zona m\u00e1s occidental de Andaluc\u00eda. Ya veremos de qu\u00e9 forma afecta a la provincia de M\u00e1laga el mi\u00e9rcoles.<\/p>\n<p>Os paso el mapa de superficie de la aemet.<\/p>\n<p><a href=\"https:\/\/static-blogs.diariosur.es\/wp-content\/uploads\/sites\/12\/2024\/06\/2024061612048_ww_g1x0a2d2-e1718602706627.gif\"><img loading=\"lazy\" class=\"aligncenter size-full wp-image-40954\" src=\"https:\/\/static-blogs.diariosur.es\/wp-content\/uploads\/sites\/12\/2024\/06\/2024061612048_ww_g1x0a2d2-e1718602706627.gif\" alt=\"\" width=\"1200\" height=\"840\" \/><\/a><\/p>\n<p>Os dejo con esta bonita foto de mi amigo Francis Ternero. Amanecer desde Torremolinos. Un abrazo<\/p>\n<p>&nbsp;<\/p>\n<p><a href=\"https:\/\/static-blogs.diariosur.es\/wp-content\/uploads\/sites\/12\/2024\/06\/295820157_10225550718853364_611398693701615723_n-e1718602420703.jpg\"><img loading=\"lazy\" class=\"aligncenter size-full wp-image-40953\" src=\"https:\/\/static-blogs.diariosur.es\/wp-content\/uploads\/sites\/12\/2024\/06\/295820157_10225550718853364_611398693701615723_n-e1718602420703.jpg\" alt=\"\" width=\"1200\" height=\"1042\" \/><\/a><\/p>\n<p>&nbsp;<\/p>\n<p>&nbsp;<\/p>\n<p>&nbsp;<\/p>\n","protected":false},"excerpt":{"rendered":"<p>Buenos d\u00edas, amigos de la meteo. Antes de hablaros de la predicci\u00f3n del tiempo para ma\u00f1ana, os informo que hay que tener mucha precauci\u00f3n este verano con la radiaci\u00f3n del sol. Cuando son las siete de la ma\u00f1ana en M\u00e1laga capital, el Aeropuerto de M\u00e1laga ha registrado una m\u00ednima de 19.2\u00b0C, los cielos est\u00e1n despejados\u00a0y [&hellip;]<\/p>\n","protected":false},"author":16,"featured_media":40953,"comment_status":"open","ping_status":"open","sticky":false,"template":"","format":"standard","meta":[],"categories":[2],"tags":[307,358,569,800,953,975],"_links":{"self":[{"href":"https:\/\/blogs.diariosur.es\/tormentas-y-rayos\/wp-json\/wp\/v2\/posts\/40941"}],"collection":[{"href":"https:\/\/blogs.diariosur.es\/tormentas-y-rayos\/wp-json\/wp\/v2\/posts"}],"about":[{"href":"https:\/\/blogs.diariosur.es\/tormentas-y-rayos\/wp-json\/wp\/v2\/types\/post"}],"author":[{"embeddable":true,"href":"https:\/\/blogs.diariosur.es\/tormentas-y-rayos\/wp-json\/wp\/v2\/users\/16"}],"replies":[{"embeddable":true,"href":"https:\/\/blogs.diariosur.es\/tormentas-y-rayos\/wp-json\/wp\/v2\/comments?post=40941"}],"version-history":[{"count":13,"href":"https:\/\/blogs.diariosur.es\/tormentas-y-rayos\/wp-json\/wp\/v2\/posts\/40941\/revisions"}],"predecessor-version":[{"id":47533,"href":"https:\/\/blogs.diariosur.es\/tormentas-y-rayos\/wp-json\/wp\/v2\/posts\/40941\/revisions\/47533"}],"wp:featuredmedia":[{"embeddable":true,"href":"https:\/\/blogs.diariosur.es\/tormentas-y-rayos\/wp-json\/wp\/v2\/media\/40953"}],"wp:attachment":[{"href":"https:\/\/blogs.diariosur.es\/tormentas-y-rayos\/wp-json\/wp\/v2\/media?parent=40941"}],"wp:term":[{"taxonomy":"category","embeddable":true,"href":"https:\/\/blogs.diariosur.es\/tormentas-y-rayos\/wp-json\/wp\/v2\/categories?post=40941"},{"taxonomy":"post_tag","embeddable":true,"href":"https:\/\/blogs.diariosur.es\/tormentas-y-rayos\/wp-json\/wp\/v2\/tags?post=40941"}],"curies":[{"name":"wp","href":"https:\/\/api.w.org\/{rel}","templated":true}]}}