{"id":40956,"date":"2024-06-18T08:16:17","date_gmt":"2024-06-18T06:16:17","guid":{"rendered":"https:\/\/blogs.diariosur.es\/tormentas-y-rayos\/?p=40956"},"modified":"2025-11-11T11:32:12","modified_gmt":"2025-11-11T10:32:12","slug":"una-dana-se-situara-hoy-al-oeste-de-lisboa-llovera-en-andalucia","status":"publish","type":"post","link":"https:\/\/blogs.diariosur.es\/tormentas-y-rayos\/2024\/06\/18\/una-dana-se-situara-hoy-al-oeste-de-lisboa-llovera-en-andalucia\/","title":{"rendered":"Una dana se situar\u00e1 hoy al oeste de Lisboa. \u00bfLlovera en Andaluc\u00eda?"},"content":{"rendered":"<p><a href=\"https:\/\/static-blogs.diariosur.es\/wp-content\/uploads\/sites\/12\/2023\/10\/391553712_10227849747128054_5906882869659171719_n.jpg\"><img loading=\"lazy\" class=\"aligncenter size-thumbnail wp-image-38725\" src=\"https:\/\/static-blogs.diariosur.es\/wp-content\/uploads\/sites\/12\/2023\/10\/391553712_10227849747128054_5906882869659171719_n-150x150.jpg\" alt=\"\" width=\"150\" height=\"150\" \/><\/a><\/p>\n<p data-pm-slice=\"1 1 []\">Buenos d\u00edas, amigos de la meteo. Cuando son las siete y media de la ma\u00f1ana en M\u00e1laga capital, la estaci\u00f3n de la Aemet del Aeropuerto de M\u00e1laga ha registrado una temperatura m\u00ednima de 18.9\u00b0C, los cielos est\u00e1n despejados y el viento sopla flojo de direcci\u00f3n variable. Baja mucho la probabilidad de tar\u00f3. El terral entrar\u00e1 por la tarde en el Valle del Guadalhorce; en la capital, m\u00e1s tarde.<\/p>\n<p>Ayer sub\u00ed al Parador de Gibralfaro, para fotografiar el probable tar\u00f3, pero solo divis\u00e9 un par de bancos en alta mar; no llegaron a tierra. Sobre las 13:30 entraron nubes bajas de levante.<\/p>\n<p>La temperatura m\u00e1xima del aeropuerto fue de 25.8 \u00baC.<\/p>\n<p>Os paso una foto desde Gibralfaro y un video de las nubes bajas.<\/p>\n<p>&nbsp;<\/p>\n<p><a href=\"https:\/\/static-blogs.diariosur.es\/wp-content\/uploads\/sites\/12\/2024\/06\/DSC_5124.jpg\"><img loading=\"lazy\" class=\"aligncenter size-full wp-image-40960\" src=\"https:\/\/static-blogs.diariosur.es\/wp-content\/uploads\/sites\/12\/2024\/06\/DSC_5124.jpg\" alt=\"\" width=\"1200\" height=\"800\" srcset=\"https:\/\/static-blogs.diariosur.es\/wp-content\/uploads\/sites\/12\/2024\/06\/DSC_5124.jpg 1200w, https:\/\/static-blogs.diariosur.es\/wp-content\/uploads\/sites\/12\/2024\/06\/DSC_5124-600x400.jpg 600w, https:\/\/static-blogs.diariosur.es\/wp-content\/uploads\/sites\/12\/2024\/06\/DSC_5124-768x512.jpg 768w\" sizes=\"(max-width: 1200px) 100vw, 1200px\" \/><\/a><\/p>\n<p>&nbsp;<\/p>\n<p>&nbsp;<\/p>\n<p><iframe loading=\"lazy\" title=\"YouTube video player\" src=\"https:\/\/www.youtube.com\/embed\/xEVc01YPuc8?si=N6o9xmF-5u1sm01q\" width=\"560\" height=\"315\" frameborder=\"0\" allowfullscreen=\"allowfullscreen\"><\/iframe><\/p>\n<p>&nbsp;<\/p>\n<h3><span style=\"color: #0000ff;\"><strong>Una dana se situar\u00e1 hoy al oeste de Lisboa. \u00bfLlovera en Andaluc\u00eda?<\/strong><\/span><\/h3>\n<p>Os pongo el mapa de superficie previsto por la aemet para la tarde y una imagen del sat\u00e9lite eumetsat fuente meteogalicia.<\/p>\n<p>&nbsp;<\/p>\n<p><a href=\"https:\/\/static-blogs.diariosur.es\/wp-content\/uploads\/sites\/12\/2024\/06\/2024061712024_ww_g1x0a2d1-e1718686498451.gif\"><img loading=\"lazy\" class=\"aligncenter size-full wp-image-40977\" src=\"https:\/\/static-blogs.diariosur.es\/wp-content\/uploads\/sites\/12\/2024\/06\/2024061712024_ww_g1x0a2d1-e1718686498451.gif\" alt=\"\" width=\"1200\" height=\"840\" \/><\/a><\/p>\n<p>&nbsp;<\/p>\n<p><a href=\"https:\/\/static-blogs.diariosur.es\/wp-content\/uploads\/sites\/12\/2024\/06\/webexterna_ColorIR87_04-15-1.jpg\"><img loading=\"lazy\" class=\"aligncenter size-full wp-image-40978\" src=\"https:\/\/static-blogs.diariosur.es\/wp-content\/uploads\/sites\/12\/2024\/06\/webexterna_ColorIR87_04-15-1.jpg\" alt=\"\" width=\"677\" height=\"420\" srcset=\"https:\/\/static-blogs.diariosur.es\/wp-content\/uploads\/sites\/12\/2024\/06\/webexterna_ColorIR87_04-15-1.jpg 677w, https:\/\/static-blogs.diariosur.es\/wp-content\/uploads\/sites\/12\/2024\/06\/webexterna_ColorIR87_04-15-1-640x397.jpg 640w\" sizes=\"(max-width: 677px) 100vw, 677px\" \/><\/a><\/p>\n<p>&nbsp;<\/p>\n<p>&nbsp;<\/p>\n<p data-pm-slice=\"1 1 []\">Si os fij\u00e1is, el frente ya est\u00e1 entrando por el oeste de la pen\u00ednsula; hoy se esperan precipitaciones en la provincia de Huelva.<\/p>\n<p>Ma\u00f1ana mi\u00e9rcoles, al situarse la DANA en Lisboa, dejar\u00e1 m\u00e1s precipitaciones en zonas de nuestra comunidad; la provincia m\u00e1s beneficiada ser\u00e1 la de Huelva. Tambi\u00e9n se esperan en las provincias de C\u00e1diz, Sevilla y C\u00f3rdoba.<\/p>\n<p><strong>En la provincia de M\u00e1laga pueden caer algunas gotas ma\u00f1ana por la zona interior m\u00e1s occidental y comarca de Antequera; es lo que prev\u00e9 el modelo europeo. En cambio, el americano no da nada.<\/strong><\/p>\n<p>Mapa a 500 hPa, fuente Meteologix, europeo.<\/p>\n<p>&nbsp;<\/p>\n<p>&nbsp;<\/p>\n<p><a href=\"https:\/\/static-blogs.diariosur.es\/wp-content\/uploads\/sites\/12\/2024\/06\/Captura-de-pantalla-2024-06-18-072503.jpg\"><img loading=\"lazy\" class=\"aligncenter size-full wp-image-40979\" src=\"https:\/\/static-blogs.diariosur.es\/wp-content\/uploads\/sites\/12\/2024\/06\/Captura-de-pantalla-2024-06-18-072503.jpg\" alt=\"\" width=\"952\" height=\"943\" srcset=\"https:\/\/static-blogs.diariosur.es\/wp-content\/uploads\/sites\/12\/2024\/06\/Captura-de-pantalla-2024-06-18-072503.jpg 952w, https:\/\/static-blogs.diariosur.es\/wp-content\/uploads\/sites\/12\/2024\/06\/Captura-de-pantalla-2024-06-18-072503-150x150.jpg 150w, https:\/\/static-blogs.diariosur.es\/wp-content\/uploads\/sites\/12\/2024\/06\/Captura-de-pantalla-2024-06-18-072503-404x400.jpg 404w, https:\/\/static-blogs.diariosur.es\/wp-content\/uploads\/sites\/12\/2024\/06\/Captura-de-pantalla-2024-06-18-072503-768x761.jpg 768w\" sizes=\"(max-width: 952px) 100vw, 952px\" \/><\/a><\/p>\n<p>&nbsp;<\/p>\n<p>Por la tarde se esperan rachas muy fuertes de poniente en la provincia de Almer\u00eda, se activa el aviso amarillo. Mucha precauci\u00f3n si ma\u00f1ana sal\u00eds a navegar por el Mar de Albor\u00e1n.<\/p>\n<p>Lo m\u00e1s destacable ser\u00e1 la bajada de temperaturas que tendremos en la mayor parte de la comunidad el mi\u00e9rcoles y jueves. Os paso las m\u00e1ximas y m\u00ednimas que prev\u00e9 la aemet.<\/p>\n<p>&nbsp;<\/p>\n<p><strong>MIERCOLES\u00a0<\/strong><\/p>\n<p>&nbsp;<\/p>\n<p><a href=\"https:\/\/static-blogs.diariosur.es\/wp-content\/uploads\/sites\/12\/2024\/06\/mierco.jpg\"><img loading=\"lazy\" class=\"aligncenter size-full wp-image-40971\" src=\"https:\/\/static-blogs.diariosur.es\/wp-content\/uploads\/sites\/12\/2024\/06\/mierco.jpg\" alt=\"\" width=\"872\" height=\"671\" srcset=\"https:\/\/static-blogs.diariosur.es\/wp-content\/uploads\/sites\/12\/2024\/06\/mierco.jpg 872w, https:\/\/static-blogs.diariosur.es\/wp-content\/uploads\/sites\/12\/2024\/06\/mierco-520x400.jpg 520w, https:\/\/static-blogs.diariosur.es\/wp-content\/uploads\/sites\/12\/2024\/06\/mierco-768x591.jpg 768w\" sizes=\"(max-width: 872px) 100vw, 872px\" \/><\/a><\/p>\n<p>&nbsp;<\/p>\n<p><a href=\"https:\/\/static-blogs.diariosur.es\/wp-content\/uploads\/sites\/12\/2024\/06\/MI.jpg\"><img loading=\"lazy\" class=\"aligncenter size-full wp-image-40973\" src=\"https:\/\/static-blogs.diariosur.es\/wp-content\/uploads\/sites\/12\/2024\/06\/MI.jpg\" alt=\"\" width=\"867\" height=\"682\" srcset=\"https:\/\/static-blogs.diariosur.es\/wp-content\/uploads\/sites\/12\/2024\/06\/MI.jpg 867w, https:\/\/static-blogs.diariosur.es\/wp-content\/uploads\/sites\/12\/2024\/06\/MI-509x400.jpg 509w, https:\/\/static-blogs.diariosur.es\/wp-content\/uploads\/sites\/12\/2024\/06\/MI-768x604.jpg 768w\" sizes=\"(max-width: 867px) 100vw, 867px\" \/><\/a><\/p>\n<p>&nbsp;<\/p>\n<p><strong>JUEVES<\/strong><\/p>\n<p>&nbsp;<\/p>\n<p>&nbsp;<\/p>\n<p><a href=\"https:\/\/static-blogs.diariosur.es\/wp-content\/uploads\/sites\/12\/2024\/06\/jueves.jpg\"><img loading=\"lazy\" class=\"aligncenter size-full wp-image-40972\" src=\"https:\/\/static-blogs.diariosur.es\/wp-content\/uploads\/sites\/12\/2024\/06\/jueves.jpg\" alt=\"\" width=\"867\" height=\"671\" srcset=\"https:\/\/static-blogs.diariosur.es\/wp-content\/uploads\/sites\/12\/2024\/06\/jueves.jpg 867w, https:\/\/static-blogs.diariosur.es\/wp-content\/uploads\/sites\/12\/2024\/06\/jueves-517x400.jpg 517w, https:\/\/static-blogs.diariosur.es\/wp-content\/uploads\/sites\/12\/2024\/06\/jueves-768x594.jpg 768w\" sizes=\"(max-width: 867px) 100vw, 867px\" \/><\/a><\/p>\n<p>&nbsp;<\/p>\n<p><a href=\"https:\/\/static-blogs.diariosur.es\/wp-content\/uploads\/sites\/12\/2024\/06\/JU.jpg\"><img loading=\"lazy\" class=\"aligncenter size-full wp-image-40974\" src=\"https:\/\/static-blogs.diariosur.es\/wp-content\/uploads\/sites\/12\/2024\/06\/JU.jpg\" alt=\"\" width=\"873\" height=\"680\" srcset=\"https:\/\/static-blogs.diariosur.es\/wp-content\/uploads\/sites\/12\/2024\/06\/JU.jpg 873w, https:\/\/static-blogs.diariosur.es\/wp-content\/uploads\/sites\/12\/2024\/06\/JU-514x400.jpg 514w, https:\/\/static-blogs.diariosur.es\/wp-content\/uploads\/sites\/12\/2024\/06\/JU-768x598.jpg 768w\" sizes=\"(max-width: 873px) 100vw, 873px\" \/><\/a><\/p>\n<p>&nbsp;<\/p>\n<p>Os dejo con esta bonita foto de mi amigo Roberto Oc\u00e1riz Pacios, un gran aficionado a la meteorolog\u00eda. La foto esta hecha en Pamplona, se pueden ver castellanus y asperitas, indicadores de cambio de tiempo.<\/p>\n<p>&nbsp;<\/p>\n<p><a href=\"https:\/\/static-blogs.diariosur.es\/wp-content\/uploads\/sites\/12\/2024\/06\/448713323_10229028683760733_6700323169621044377_n.jpg\"><img loading=\"lazy\" class=\"aligncenter size-full wp-image-40980\" src=\"https:\/\/static-blogs.diariosur.es\/wp-content\/uploads\/sites\/12\/2024\/06\/448713323_10229028683760733_6700323169621044377_n.jpg\" alt=\"\" width=\"1200\" height=\"900\" srcset=\"https:\/\/static-blogs.diariosur.es\/wp-content\/uploads\/sites\/12\/2024\/06\/448713323_10229028683760733_6700323169621044377_n.jpg 1200w, https:\/\/static-blogs.diariosur.es\/wp-content\/uploads\/sites\/12\/2024\/06\/448713323_10229028683760733_6700323169621044377_n-533x400.jpg 533w, https:\/\/static-blogs.diariosur.es\/wp-content\/uploads\/sites\/12\/2024\/06\/448713323_10229028683760733_6700323169621044377_n-768x576.jpg 768w\" sizes=\"(max-width: 1200px) 100vw, 1200px\" \/><\/a><\/p>\n<p>&nbsp;<\/p>\n<p>&nbsp;<\/p>\n","protected":false},"excerpt":{"rendered":"<p>Buenos d\u00edas, amigos de la meteo. Cuando son las siete y media de la ma\u00f1ana en M\u00e1laga capital, la estaci\u00f3n de la Aemet del Aeropuerto de M\u00e1laga ha registrado una temperatura m\u00ednima de 18.9\u00b0C, los cielos est\u00e1n despejados y el viento sopla flojo de direcci\u00f3n variable. Baja mucho la probabilidad de tar\u00f3. El terral entrar\u00e1 [&hellip;]<\/p>\n","protected":false},"author":16,"featured_media":40980,"comment_status":"open","ping_status":"open","sticky":false,"template":"","format":"standard","meta":[],"categories":[2],"tags":[94,100,151,160,307,358,569,587,962,1059],"_links":{"self":[{"href":"https:\/\/blogs.diariosur.es\/tormentas-y-rayos\/wp-json\/wp\/v2\/posts\/40956"}],"collection":[{"href":"https:\/\/blogs.diariosur.es\/tormentas-y-rayos\/wp-json\/wp\/v2\/posts"}],"about":[{"href":"https:\/\/blogs.diariosur.es\/tormentas-y-rayos\/wp-json\/wp\/v2\/types\/post"}],"author":[{"embeddable":true,"href":"https:\/\/blogs.diariosur.es\/tormentas-y-rayos\/wp-json\/wp\/v2\/users\/16"}],"replies":[{"embeddable":true,"href":"https:\/\/blogs.diariosur.es\/tormentas-y-rayos\/wp-json\/wp\/v2\/comments?post=40956"}],"version-history":[{"count":19,"href":"https:\/\/blogs.diariosur.es\/tormentas-y-rayos\/wp-json\/wp\/v2\/posts\/40956\/revisions"}],"predecessor-version":[{"id":47531,"href":"https:\/\/blogs.diariosur.es\/tormentas-y-rayos\/wp-json\/wp\/v2\/posts\/40956\/revisions\/47531"}],"wp:featuredmedia":[{"embeddable":true,"href":"https:\/\/blogs.diariosur.es\/tormentas-y-rayos\/wp-json\/wp\/v2\/media\/40980"}],"wp:attachment":[{"href":"https:\/\/blogs.diariosur.es\/tormentas-y-rayos\/wp-json\/wp\/v2\/media?parent=40956"}],"wp:term":[{"taxonomy":"category","embeddable":true,"href":"https:\/\/blogs.diariosur.es\/tormentas-y-rayos\/wp-json\/wp\/v2\/categories?post=40956"},{"taxonomy":"post_tag","embeddable":true,"href":"https:\/\/blogs.diariosur.es\/tormentas-y-rayos\/wp-json\/wp\/v2\/tags?post=40956"}],"curies":[{"name":"wp","href":"https:\/\/api.w.org\/{rel}","templated":true}]}}