{"id":40984,"date":"2024-06-19T08:28:35","date_gmt":"2024-06-19T06:28:35","guid":{"rendered":"https:\/\/blogs.diariosur.es\/tormentas-y-rayos\/?p=40984"},"modified":"2025-11-11T11:17:48","modified_gmt":"2025-11-11T10:17:48","slug":"que-tiempo-hara-el-fin-de-semana-y-la-noche-de-san-juan-en-la-costa-de-malaga","status":"publish","type":"post","link":"https:\/\/blogs.diariosur.es\/tormentas-y-rayos\/2024\/06\/19\/que-tiempo-hara-el-fin-de-semana-y-la-noche-de-san-juan-en-la-costa-de-malaga\/","title":{"rendered":"\u00bfQu\u00e9 tiempo har\u00e1 el fin de semana y la noche de San Juan en la costa de M\u00e1laga?"},"content":{"rendered":"<p><a href=\"https:\/\/static-blogs.diariosur.es\/wp-content\/uploads\/sites\/12\/2024\/02\/379337914_10227628075666406_6248628726251100327_n.jpg\"><img loading=\"lazy\" class=\"aligncenter size-thumbnail wp-image-39879\" src=\"https:\/\/static-blogs.diariosur.es\/wp-content\/uploads\/sites\/12\/2024\/02\/379337914_10227628075666406_6248628726251100327_n-150x150.jpg\" alt=\"\" width=\"150\" height=\"150\" \/><\/a><\/p>\n<p data-pm-slice=\"1 1 []\">Muy buenos d\u00edas, amigos de la meteo. Qu\u00e9 alegr\u00eda de temperatura en estos momentos cuando son las siete y cuarto de la ma\u00f1ana en M\u00e1laga capital; el aeropuerto ha registrado\u00a019.4 \u00baC. Destacar Ronda con 11.5 \u00baC y Archidona Huertas del R\u00edo con 12.5 \u00baC. Los cielos est\u00e1n con altoc\u00famulus y el viento sopla moderado de terral. Esta tarde se esperan rachas fuertes de viento en la costa de M\u00e1laga y el mar de Albor\u00e1n.<\/p>\n<p>Os paso un video y un par de fotos del impresionante amanecer que hemos tenido hoy 19 de junio.<\/p>\n<p>&nbsp;<\/p>\n<p><iframe loading=\"lazy\" title=\"YouTube video player\" src=\"https:\/\/www.youtube.com\/embed\/AQV8WkoWBcs?si=eQ9VkxkqdEWcbaJ8\" width=\"560\" height=\"315\" frameborder=\"0\" allowfullscreen=\"allowfullscreen\"><\/iframe><\/p>\n<p>&nbsp;<\/p>\n<p><a href=\"https:\/\/static-blogs.diariosur.es\/wp-content\/uploads\/sites\/12\/2024\/06\/DSC_5136.jpg\"><img loading=\"lazy\" class=\"aligncenter size-full wp-image-40985\" src=\"https:\/\/static-blogs.diariosur.es\/wp-content\/uploads\/sites\/12\/2024\/06\/DSC_5136-e1718776665874.jpg\" alt=\"\" width=\"1200\" height=\"800\" \/><\/a><\/p>\n<p>&nbsp;<\/p>\n<p><a href=\"https:\/\/static-blogs.diariosur.es\/wp-content\/uploads\/sites\/12\/2024\/06\/DSC_5141-e1718776707385.jpg\"><img loading=\"lazy\" class=\"aligncenter size-full wp-image-40986\" src=\"https:\/\/static-blogs.diariosur.es\/wp-content\/uploads\/sites\/12\/2024\/06\/DSC_5141-e1718776707385.jpg\" alt=\"\" width=\"1200\" height=\"800\" \/><\/a><\/p>\n<h3><\/h3>\n<p data-pm-slice=\"1 1 []\">Ayer nuevamente tuvimos sorpresa, y el terral entr\u00f3 en la capital antes de lo previsto; se esperaba una m\u00e1xima de 30 \u00baC y al final dimos casi 34 \u00baC, falt\u00f3 una d\u00e9cima. En cambio, en la estaci\u00f3n del Puerto, la m\u00e1xima fue de 29.6 \u00baC.<\/p>\n<h3><span style=\"color: #0000ff;\">\u00bfQu\u00e9 tiempo har\u00e1 el fin de semana y la noche de San Juan en M\u00e1laga?<\/span><\/h3>\n<p>Como ma\u00f1ana estar\u00e9 muy liado, os adelanto la previsi\u00f3n del fin de semana; el viernes dar\u00e9 la \u00faltima hora.<\/p>\n<p><strong>S\u00e1bado 22 de junio<\/strong><\/p>\n<p>El s\u00e1bado la probabilidad de precipitaciones es del 0%; el viento soplar\u00e1 de componente este flojo. Hay probabilidad de brumas o bancos de tar\u00f3 (niebla de advecci\u00f3n); esto lo confirmar\u00e9 el viernes. Y atentos, que tendremos por la noche una bonita luna llena.<\/p>\n<p>La AEMET prev\u00e9 estas temperaturas m\u00e1ximas y m\u00ednimas.<\/p>\n<p>&nbsp;<\/p>\n<p><a href=\"https:\/\/static-blogs.diariosur.es\/wp-content\/uploads\/sites\/12\/2024\/06\/s\u00e1bado.jpg\"><img loading=\"lazy\" class=\"aligncenter size-full wp-image-40987\" src=\"https:\/\/static-blogs.diariosur.es\/wp-content\/uploads\/sites\/12\/2024\/06\/s\u00e1bado.jpg\" alt=\"\" width=\"866\" height=\"680\" srcset=\"https:\/\/static-blogs.diariosur.es\/wp-content\/uploads\/sites\/12\/2024\/06\/s\u00e1bado.jpg 866w, https:\/\/static-blogs.diariosur.es\/wp-content\/uploads\/sites\/12\/2024\/06\/s\u00e1bado-509x400.jpg 509w, https:\/\/static-blogs.diariosur.es\/wp-content\/uploads\/sites\/12\/2024\/06\/s\u00e1bado-768x603.jpg 768w\" sizes=\"(max-width: 866px) 100vw, 866px\" \/><\/a><\/p>\n<p>&nbsp;<\/p>\n<p><strong>Domingo 23 de junio<\/strong><\/p>\n<p data-pm-slice=\"1 1 []\">La probabilidad de precipitaciones es del 0%. Vientos flojos de componente este. Tambi\u00e9n podr\u00e9is ver una luna. La temperatura del agua del mar rondar\u00e1, seg\u00fan zonas de la costa malague\u00f1a, entre los 19 y 21 \u00baC.<\/p>\n<p>&nbsp;<\/p>\n<p>&nbsp;<\/p>\n","protected":false},"excerpt":{"rendered":"<p>Muy buenos d\u00edas, amigos de la meteo. Qu\u00e9 alegr\u00eda de temperatura en estos momentos cuando son las siete y cuarto de la ma\u00f1ana en M\u00e1laga capital; el aeropuerto ha registrado\u00a019.4 \u00baC. Destacar Ronda con 11.5 \u00baC y Archidona Huertas del R\u00edo con 12.5 \u00baC. Los cielos est\u00e1n con altoc\u00famulus y el viento sopla moderado de [&hellip;]<\/p>\n","protected":false},"author":16,"featured_media":40985,"comment_status":"open","ping_status":"open","sticky":false,"template":"","format":"standard","meta":[],"categories":[2],"tags":[94,100,151,307,358,569,587,704,800,1729,1059],"_links":{"self":[{"href":"https:\/\/blogs.diariosur.es\/tormentas-y-rayos\/wp-json\/wp\/v2\/posts\/40984"}],"collection":[{"href":"https:\/\/blogs.diariosur.es\/tormentas-y-rayos\/wp-json\/wp\/v2\/posts"}],"about":[{"href":"https:\/\/blogs.diariosur.es\/tormentas-y-rayos\/wp-json\/wp\/v2\/types\/post"}],"author":[{"embeddable":true,"href":"https:\/\/blogs.diariosur.es\/tormentas-y-rayos\/wp-json\/wp\/v2\/users\/16"}],"replies":[{"embeddable":true,"href":"https:\/\/blogs.diariosur.es\/tormentas-y-rayos\/wp-json\/wp\/v2\/comments?post=40984"}],"version-history":[{"count":3,"href":"https:\/\/blogs.diariosur.es\/tormentas-y-rayos\/wp-json\/wp\/v2\/posts\/40984\/revisions"}],"predecessor-version":[{"id":47529,"href":"https:\/\/blogs.diariosur.es\/tormentas-y-rayos\/wp-json\/wp\/v2\/posts\/40984\/revisions\/47529"}],"wp:featuredmedia":[{"embeddable":true,"href":"https:\/\/blogs.diariosur.es\/tormentas-y-rayos\/wp-json\/wp\/v2\/media\/40985"}],"wp:attachment":[{"href":"https:\/\/blogs.diariosur.es\/tormentas-y-rayos\/wp-json\/wp\/v2\/media?parent=40984"}],"wp:term":[{"taxonomy":"category","embeddable":true,"href":"https:\/\/blogs.diariosur.es\/tormentas-y-rayos\/wp-json\/wp\/v2\/categories?post=40984"},{"taxonomy":"post_tag","embeddable":true,"href":"https:\/\/blogs.diariosur.es\/tormentas-y-rayos\/wp-json\/wp\/v2\/tags?post=40984"}],"curies":[{"name":"wp","href":"https:\/\/api.w.org\/{rel}","templated":true}]}}