{"id":40990,"date":"2024-06-22T07:50:03","date_gmt":"2024-06-22T05:50:03","guid":{"rendered":"https:\/\/blogs.diariosur.es\/tormentas-y-rayos\/?p=40990"},"modified":"2025-11-11T11:14:57","modified_gmt":"2025-11-11T10:14:57","slug":"como-ha-sido-la-primavera-2024-en-espana-fuente-aemet","status":"publish","type":"post","link":"https:\/\/blogs.diariosur.es\/tormentas-y-rayos\/2024\/06\/22\/como-ha-sido-la-primavera-2024-en-espana-fuente-aemet\/","title":{"rendered":"\u00bfC\u00f3mo ha sido la primavera 2024 en Espa\u00f1a? Fuente Aemet"},"content":{"rendered":"<p><a href=\"https:\/\/static-blogs.diariosur.es\/wp-content\/uploads\/sites\/12\/2024\/02\/379337914_10227628075666406_6248628726251100327_n.jpg\"><img loading=\"lazy\" class=\"aligncenter size-thumbnail wp-image-39879\" src=\"https:\/\/static-blogs.diariosur.es\/wp-content\/uploads\/sites\/12\/2024\/02\/379337914_10227628075666406_6248628726251100327_n-150x150.jpg\" alt=\"\" width=\"150\" height=\"150\" \/><\/a><\/p>\n<p data-pm-slice=\"1 1 []\">Buenos d\u00edas, amigos de la meteo. He estado estos d\u00edas en C\u00f3rdoba en el Seminario sobre periodismo y medio ambiente Sipma 24, organizado por Apia y Enresa. He compartido estos d\u00edas con amigos meteor\u00f3logos, aficionados a la meteorolog\u00eda, presentadores del tiempo, periodistas, etc., etc.; hemos aprendido un mont\u00f3n. Ma\u00f1ana, con m\u00e1s tiempo, actualizar\u00e9 el blog.<\/p>\n<p>Os paso el resumen de como ha sido la primavera 2024.<\/p>\n<p>La primavera de 2024, que tuvo un car\u00e1cter c\u00e1lido en el conjunto del pa\u00eds, fue la octava m\u00e1s c\u00e1lida del siglo XXI y d\u00e9cima desde 1961. Las lluvias alcanzaron valores normales en promedio, aunque con desigualdades geogr\u00e1ficas y entre los meses primaverales. El verano astron\u00f3mico, que comenzar\u00e1 el 20 de junio a las 22 horas y 51 minutos, ser\u00e1 muy probablemente m\u00e1s c\u00e1lido de lo normal en todo el pa\u00eds. Las lluvias podr\u00edan ser m\u00e1s escasas de lo habitual.<\/p>\n<div class=\"texto_normal\">\n<p>La Agencia Estatal de Meteorolog\u00eda, dependiente del Ministerio para la Transici\u00f3n Ecol\u00f3gica y el Reto Demogr\u00e1fico, ha publicado su avance clim\u00e1tico correspondiente a la primavera de 2024. La estaci\u00f3n fue c\u00e1lida en el conjunto de Espa\u00f1a y las precipitaciones estuvieron en torno a los valores normales, aunque con desigualdades geogr\u00e1ficas y durante los meses de la primavera.<\/p>\n<p>TEMPERATURAS<\/p>\n<p>La primavera de 2024 (per\u00edodo comprendido entre el 1 de marzo y el 31 de mayo) fue c\u00e1lida en el conjunto de Espa\u00f1a, con una temperatura de 13,1 \u00baC, que supone 0,7 \u00baC m\u00e1s que el promedio del per\u00edodo de referencia 1991-2020. Se trat\u00f3 de la octava primavera m\u00e1s c\u00e1lida del siglo actual y d\u00e9cima desde el inicio de la serie en 1961. Ocho de las diez primaveras m\u00e1s c\u00e1lidas se han registrado desde 2006.<\/p>\n<p><a href=\"https:\/\/static-blogs.diariosur.es\/wp-content\/uploads\/sites\/12\/2024\/06\/tabla-ta-primavera2024.jpg\"><img loading=\"lazy\" class=\"aligncenter size-full wp-image-40991\" src=\"https:\/\/static-blogs.diariosur.es\/wp-content\/uploads\/sites\/12\/2024\/06\/tabla-ta-primavera2024.jpg\" alt=\"\" width=\"1000\" height=\"222\" srcset=\"https:\/\/static-blogs.diariosur.es\/wp-content\/uploads\/sites\/12\/2024\/06\/tabla-ta-primavera2024.jpg 1000w, https:\/\/static-blogs.diariosur.es\/wp-content\/uploads\/sites\/12\/2024\/06\/tabla-ta-primavera2024-640x142.jpg 640w, https:\/\/static-blogs.diariosur.es\/wp-content\/uploads\/sites\/12\/2024\/06\/tabla-ta-primavera2024-768x170.jpg 768w\" sizes=\"(max-width: 1000px) 100vw, 1000px\" \/><\/a><\/p>\n<p>La primavera tuvo un car\u00e1cter muy c\u00e1lido en la mayor parte de las regiones mediterr\u00e1neas, y entre c\u00e1lido y normal en el resto de la Espa\u00f1a peninsular, aunque fue fr\u00eda en algunos puntos del interior de Galicia y del noroeste de Castilla y Le\u00f3n. En Baleares fue muy c\u00e1lida, mientras que en Canarias tuvo un car\u00e1cter muy c\u00e1lido o extremadamente c\u00e1lido.<\/p>\n<p>&nbsp;<\/p>\n<\/div>\n<p><a href=\"https:\/\/static-blogs.diariosur.es\/wp-content\/uploads\/sites\/12\/2024\/06\/graf-ta-primavera2024-1.jpg\"><img loading=\"lazy\" class=\"aligncenter size-full wp-image-40993\" src=\"https:\/\/static-blogs.diariosur.es\/wp-content\/uploads\/sites\/12\/2024\/06\/graf-ta-primavera2024-1.jpg\" alt=\"\" width=\"1000\" height=\"631\" srcset=\"https:\/\/static-blogs.diariosur.es\/wp-content\/uploads\/sites\/12\/2024\/06\/graf-ta-primavera2024-1.jpg 1000w, https:\/\/static-blogs.diariosur.es\/wp-content\/uploads\/sites\/12\/2024\/06\/graf-ta-primavera2024-1-634x400.jpg 634w, https:\/\/static-blogs.diariosur.es\/wp-content\/uploads\/sites\/12\/2024\/06\/graf-ta-primavera2024-1-768x485.jpg 768w\" sizes=\"(max-width: 1000px) 100vw, 1000px\" \/><\/a><\/p>\n<p>&nbsp;<\/p>\n<p>Marzo fue un mes c\u00e1lido, abril muy c\u00e1lido y mayo fue normal. Los episodios de temperaturas superiores a las normales fueron frecuentes, y se llegaron a superar, en las estaciones de la red principal, los 39 \u00baC a finales de mayo, con algunos r\u00e9cords absolutos de temperatura para la primavera, como en Tenerife sur o Tortosa. Hubo tambi\u00e9n varios episodios fr\u00edos destacados, como el de comienzos de marzo, en el que hubo heladas importantes. En capitales de provincia como Burgos o Soria se lleg\u00f3 a -4 \u00baC.<\/p>\n<p>PRECIPITACIONES<\/p>\n<p>La primavera fue en su conjunto normal en cuanto a precipitaciones, con un valor de precipitaci\u00f3n media sobre la Espa\u00f1a peninsular de 189,4 mm, lo que representa el 105 % del valor normal del trimestre en el periodo de referencia 1991-2020.<\/p>\n<p>Hubo grandes diferencias geogr\u00e1ficas en la distribuci\u00f3n de las lluvias. Fue extremadamente h\u00fameda en Galicia, provincia de Girona, gran parte de Andaluc\u00eda y puntos de Castilla y Le\u00f3n, Castilla-La Mancha y Pirineos. Sin embargo, fue seca a muy seca en la mayor parte de la Comunitat Valenciana, llegando a ser extremadamente seca en la provincia de Alicante. Tambi\u00e9n fue seca en la Regi\u00f3n de Murcia y Almer\u00eda, mientras que en los archipi\u00e9lagos tuvo un car\u00e1cter normal.<\/p>\n<p>Tambi\u00e9n hubo, a lo largo de la primavera, desigualdades en cuanto a los per\u00edodos en los que se distribuyeron las lluvias. As\u00ed, marzo fue el cuarto m\u00e1s lluvioso del siglo XXI, con el doble de precipitaci\u00f3n de lo normal. Destacaron las lluvias asociadas a la borrasca Nelson, en la \u00faltima semana del mes y que coincidieron con la Semana Santa. En cambio, abril fue el cuarto m\u00e1s seco del siglo actual, y las lluvias solo alcanzaron la mitad de los valores habituales. En mayo, las precipitaciones tambi\u00e9n quedaron por debajo de lo normal en la mayor parte del pa\u00eds, con un valor que lleg\u00f3 \u00fanicamente a las dos terceras partes de la media.<\/p>\n<p>Una vez finalizada la primavera, las cuencas que vierten al Atl\u00e1ntico hab\u00edan salido de la sequ\u00eda meteorol\u00f3gica, pero se encontraban en esa situaci\u00f3n las cuencas de la vertiente mediterr\u00e1nea, a excepci\u00f3n de la del Ebro. En cambio, analizando la situaci\u00f3n a largo plazo, en buena parte de la Pen\u00ednsula continuaba la sequ\u00eda de larga duraci\u00f3n, que tiene en cuenta las lluvias de los tres a\u00f1os anteriores.<\/p>\n<p>PREDICCI\u00d3N ESTACIONAL<\/p>\n<p>El trimestre conformado por los meses de julio, agosto y septiembre, coincidente aproximadamente con el verano astron\u00f3mico, ser\u00e1 muy probablemente m\u00e1s c\u00e1lido de lo normal en toda Espa\u00f1a. En la mayor parte de la Pen\u00ednsula y en Baleares podr\u00eda situarse entre el 20 % de los veranos m\u00e1s c\u00e1lidos registrados. En cuanto a las precipitaciones, el trimestre podr\u00eda ser m\u00e1s seco de lo habitual, especialmente en el norte de la Pen\u00ednsula y zonas del interior, aunque en el caso de las precipitaciones hay que tomar el pron\u00f3stico con cautela.<\/p>\n","protected":false},"excerpt":{"rendered":"<p>Buenos d\u00edas, amigos de la meteo. He estado estos d\u00edas en C\u00f3rdoba en el Seminario sobre periodismo y medio ambiente Sipma 24, organizado por Apia y Enresa. He compartido estos d\u00edas con amigos meteor\u00f3logos, aficionados a la meteorolog\u00eda, presentadores del tiempo, periodistas, etc., etc.; hemos aprendido un mont\u00f3n. Ma\u00f1ana, con m\u00e1s tiempo, actualizar\u00e9 el blog. [&hellip;]<\/p>\n","protected":false},"author":16,"featured_media":40995,"comment_status":"open","ping_status":"open","sticky":false,"template":"","format":"standard","meta":[],"categories":[2],"tags":[1874,46,358,815],"_links":{"self":[{"href":"https:\/\/blogs.diariosur.es\/tormentas-y-rayos\/wp-json\/wp\/v2\/posts\/40990"}],"collection":[{"href":"https:\/\/blogs.diariosur.es\/tormentas-y-rayos\/wp-json\/wp\/v2\/posts"}],"about":[{"href":"https:\/\/blogs.diariosur.es\/tormentas-y-rayos\/wp-json\/wp\/v2\/types\/post"}],"author":[{"embeddable":true,"href":"https:\/\/blogs.diariosur.es\/tormentas-y-rayos\/wp-json\/wp\/v2\/users\/16"}],"replies":[{"embeddable":true,"href":"https:\/\/blogs.diariosur.es\/tormentas-y-rayos\/wp-json\/wp\/v2\/comments?post=40990"}],"version-history":[{"count":3,"href":"https:\/\/blogs.diariosur.es\/tormentas-y-rayos\/wp-json\/wp\/v2\/posts\/40990\/revisions"}],"predecessor-version":[{"id":47527,"href":"https:\/\/blogs.diariosur.es\/tormentas-y-rayos\/wp-json\/wp\/v2\/posts\/40990\/revisions\/47527"}],"wp:featuredmedia":[{"embeddable":true,"href":"https:\/\/blogs.diariosur.es\/tormentas-y-rayos\/wp-json\/wp\/v2\/media\/40995"}],"wp:attachment":[{"href":"https:\/\/blogs.diariosur.es\/tormentas-y-rayos\/wp-json\/wp\/v2\/media?parent=40990"}],"wp:term":[{"taxonomy":"category","embeddable":true,"href":"https:\/\/blogs.diariosur.es\/tormentas-y-rayos\/wp-json\/wp\/v2\/categories?post=40990"},{"taxonomy":"post_tag","embeddable":true,"href":"https:\/\/blogs.diariosur.es\/tormentas-y-rayos\/wp-json\/wp\/v2\/tags?post=40990"}],"curies":[{"name":"wp","href":"https:\/\/api.w.org\/{rel}","templated":true}]}}