{"id":40998,"date":"2024-06-23T22:32:36","date_gmt":"2024-06-23T20:32:36","guid":{"rendered":"https:\/\/blogs.diariosur.es\/tormentas-y-rayos\/?p=40998"},"modified":"2025-11-11T11:13:23","modified_gmt":"2025-11-11T10:13:23","slug":"problable-dana-para-la-semana-que-viene-como-afectara-a-andalucia-y-malaga","status":"publish","type":"post","link":"https:\/\/blogs.diariosur.es\/tormentas-y-rayos\/2024\/06\/23\/problable-dana-para-la-semana-que-viene-como-afectara-a-andalucia-y-malaga\/","title":{"rendered":"Probable dana para la semana que viene. \u00bfC\u00f3mo afectar\u00e1 a Andaluc\u00eda y M\u00e1laga?"},"content":{"rendered":"<p><a href=\"https:\/\/static-blogs.diariosur.es\/wp-content\/uploads\/sites\/12\/2024\/02\/379337914_10227628075666406_6248628726251100327_n.jpg\"><img loading=\"lazy\" class=\"aligncenter size-thumbnail wp-image-39879\" src=\"https:\/\/static-blogs.diariosur.es\/wp-content\/uploads\/sites\/12\/2024\/02\/379337914_10227628075666406_6248628726251100327_n-150x150.jpg\" alt=\"\" width=\"150\" height=\"150\" \/><\/a><\/p>\n<p data-pm-slice=\"1 1 []\">Buenas noches, amigos de la meteo. Antes de hablaros de la probable DANA, os pongo las temperaturas m\u00e1ximas que se han registrado hoy en nuestra comunidad.<\/p>\n<p>En las provincias de Sevilla, Huelva, C\u00f3rdoba y Ja\u00e9n se han cumplido los avisos amarillos por altas temperaturas que activ\u00f3 la AEMET.<\/p>\n<p>Os paso algunas m\u00e1ximas que se han dado.<\/p>\n<p>M\u00e1laga Aeropuerto 28.1 \u00b0C<\/p>\n<p>Antequera 33.8\u00b0C<\/p>\n<p>Ronda 33.7\u00b0C<\/p>\n<p>Almer\u00eda Aeropuerto\u00a029\u00b0C<\/p>\n<p>Granada Aeropuerto\u00a038\u00b0C<\/p>\n<p>Ja\u00e9n\u00a036\u00b0C<\/p>\n<p>C\u00f3rdoba Aeropuerto\u00a038.5\u00b0C<\/p>\n<p>Sevilla Aeropuerto 38.9\u00b0C<\/p>\n<p>C\u00e1diz 33.4\u00b0C<\/p>\n<p>Huelva\u00a038.7 \u00b0C<\/p>\n<p>Montoro 40.5 \u00b0C<\/p>\n<p>\u00c9cija 39.9\u00b0C<\/p>\n<p>Jerez de la Frontera 38.9\u00b0C<\/p>\n<p>El Granado, Huelva, 39 \u00baC<\/p>\n<p>And\u00fajar 38.6 \u00b0C<\/p>\n<h3><strong>Os explico lo de la probable DANA prevista a partir del martes por la tarde.<\/strong><\/h3>\n<p>Nuevamente, una vaguada puede traer consigo una dana a la pen\u00ednsula, que se situar\u00e1 a \u00faltima hora de la tarde al oeste de Galicia y Portugal.<\/p>\n<p>Tanto el martes como el mi\u00e9rcoles, la mayor parte de nuestra comunidad tendr\u00e1 temperaturas m\u00e1ximas dentro de lo normal para las fechas que estamos.<\/p>\n<p>En las zonas habituales de la provincia de M\u00e1laga no espero terral estos dos d\u00edas.<\/p>\n<p>Os paso el mapa previsto a 500 hpa para el martes por la tarde. Fuente modelo europeo, Meteologix.<\/p>\n<p>&nbsp;<\/p>\n<p><a href=\"https:\/\/static-blogs.diariosur.es\/wp-content\/uploads\/sites\/12\/2024\/06\/DANA-1.jpg\"><img loading=\"lazy\" class=\"aligncenter size-full wp-image-41005\" src=\"https:\/\/static-blogs.diariosur.es\/wp-content\/uploads\/sites\/12\/2024\/06\/DANA-1.jpg\" alt=\"\" width=\"945\" height=\"975\" srcset=\"https:\/\/static-blogs.diariosur.es\/wp-content\/uploads\/sites\/12\/2024\/06\/DANA-1.jpg 945w, https:\/\/static-blogs.diariosur.es\/wp-content\/uploads\/sites\/12\/2024\/06\/DANA-1-388x400.jpg 388w, https:\/\/static-blogs.diariosur.es\/wp-content\/uploads\/sites\/12\/2024\/06\/DANA-1-768x792.jpg 768w\" sizes=\"(max-width: 945px) 100vw, 945px\" \/><\/a><\/p>\n<p>&nbsp;<\/p>\n<p data-pm-slice=\"1 1 []\">La incertidumbre viene a partir del mi\u00e9rcoles a \u00faltima hora; no est\u00e1 claro qu\u00e9 camino tomar\u00e1 la probable DANA, si se pasear\u00e1<strong> por el norte de la pen\u00ednsula<\/strong> o bajar\u00e1 de latitud hasta el Cabo de San Vicente.<\/p>\n<p>En la \u00faltima actualizaci\u00f3n del modelo europeo, la sit\u00faa cerca del Cabo de San Vicente, como pod\u00e9is ver en el mapa a 500 hPa.<\/p>\n<p>&nbsp;<\/p>\n<p><a href=\"https:\/\/static-blogs.diariosur.es\/wp-content\/uploads\/sites\/12\/2024\/06\/DANA-SANVICENTE-1.jpg\"><img loading=\"lazy\" class=\"aligncenter size-full wp-image-41007\" src=\"https:\/\/static-blogs.diariosur.es\/wp-content\/uploads\/sites\/12\/2024\/06\/DANA-SANVICENTE-1.jpg\" alt=\"\" width=\"961\" height=\"983\" srcset=\"https:\/\/static-blogs.diariosur.es\/wp-content\/uploads\/sites\/12\/2024\/06\/DANA-SANVICENTE-1.jpg 961w, https:\/\/static-blogs.diariosur.es\/wp-content\/uploads\/sites\/12\/2024\/06\/DANA-SANVICENTE-1-391x400.jpg 391w, https:\/\/static-blogs.diariosur.es\/wp-content\/uploads\/sites\/12\/2024\/06\/DANA-SANVICENTE-1-768x786.jpg 768w\" sizes=\"(max-width: 961px) 100vw, 961px\" \/><\/a><\/p>\n<p>&nbsp;<\/p>\n<p>&nbsp;<\/p>\n<p data-pm-slice=\"1 1 []\">El europeo, para dar mucha emoci\u00f3n, la baja para el viernes al golfo de C\u00e1diz.<\/p>\n<p><strong>Pero vuelvo a repetir, es una probabilidad.\u00a0 <\/strong><strong>Si la DANA se pasea por el norte peninsular, tendr\u00edamos algunos d\u00edas de terral en las zonas habituales de la provincia de M\u00e1laga.<\/strong><\/p>\n<p><strong>Os paso el mapa a 500 hPa.<\/strong><\/p>\n<p>&nbsp;<\/p>\n<p>&nbsp;<\/p>\n<p><a href=\"https:\/\/static-blogs.diariosur.es\/wp-content\/uploads\/sites\/12\/2024\/06\/CADIZ-1.jpg\"><img loading=\"lazy\" class=\"aligncenter size-full wp-image-41010\" src=\"https:\/\/static-blogs.diariosur.es\/wp-content\/uploads\/sites\/12\/2024\/06\/CADIZ-1.jpg\" alt=\"\" width=\"947\" height=\"992\" srcset=\"https:\/\/static-blogs.diariosur.es\/wp-content\/uploads\/sites\/12\/2024\/06\/CADIZ-1.jpg 947w, https:\/\/static-blogs.diariosur.es\/wp-content\/uploads\/sites\/12\/2024\/06\/CADIZ-1-382x400.jpg 382w, https:\/\/static-blogs.diariosur.es\/wp-content\/uploads\/sites\/12\/2024\/06\/CADIZ-1-768x804.jpg 768w\" sizes=\"(max-width: 947px) 100vw, 947px\" \/><\/a><\/p>\n<h3><span style=\"color: #ff0000;\"><strong>\u00bfQu\u00e9 puede pasar con esta situaci\u00f3n si se da?\u00a0<\/strong><\/span><\/h3>\n<p>&nbsp;<\/p>\n<p data-pm-slice=\"1 1 []\">De momento no tendr\u00edamos temperaturas muy altas en Andaluc\u00eda. En cuesti\u00f3n de lluvias, podr\u00edan venir acompa\u00f1adas de tormentas, con lo cual es una loter\u00eda d\u00f3nde se dar\u00edan las tormentas seg\u00fan se posicione la dana.<\/p>\n<p>Os pongo los acumulados probables que da el modelo europeo a d\u00eda de hoy desde el jueves al viernes. Os pongo por sectores y el tercer mapa de Andaluc\u00eda entero.<\/p>\n<p>&nbsp;<\/p>\n<p>&nbsp;<\/p>\n<p><a href=\"https:\/\/static-blogs.diariosur.es\/wp-content\/uploads\/sites\/12\/2024\/06\/1.jpg\"><img loading=\"lazy\" class=\"aligncenter size-full wp-image-41011\" src=\"https:\/\/static-blogs.diariosur.es\/wp-content\/uploads\/sites\/12\/2024\/06\/1.jpg\" alt=\"\" width=\"938\" height=\"968\" srcset=\"https:\/\/static-blogs.diariosur.es\/wp-content\/uploads\/sites\/12\/2024\/06\/1.jpg 938w, https:\/\/static-blogs.diariosur.es\/wp-content\/uploads\/sites\/12\/2024\/06\/1-388x400.jpg 388w, https:\/\/static-blogs.diariosur.es\/wp-content\/uploads\/sites\/12\/2024\/06\/1-768x793.jpg 768w\" sizes=\"(max-width: 938px) 100vw, 938px\" \/><\/a> <a href=\"https:\/\/static-blogs.diariosur.es\/wp-content\/uploads\/sites\/12\/2024\/06\/2.jpg\"><img loading=\"lazy\" class=\"aligncenter size-full wp-image-41012\" src=\"https:\/\/static-blogs.diariosur.es\/wp-content\/uploads\/sites\/12\/2024\/06\/2.jpg\" alt=\"\" width=\"956\" height=\"975\" srcset=\"https:\/\/static-blogs.diariosur.es\/wp-content\/uploads\/sites\/12\/2024\/06\/2.jpg 956w, https:\/\/static-blogs.diariosur.es\/wp-content\/uploads\/sites\/12\/2024\/06\/2-392x400.jpg 392w, https:\/\/static-blogs.diariosur.es\/wp-content\/uploads\/sites\/12\/2024\/06\/2-768x783.jpg 768w\" sizes=\"(max-width: 956px) 100vw, 956px\" \/><\/a><\/p>\n<p><strong>\u00a0<a href=\"https:\/\/static-blogs.diariosur.es\/wp-content\/uploads\/sites\/12\/2024\/06\/andalucia.jpg\"><img loading=\"lazy\" class=\"aligncenter size-full wp-image-41013\" src=\"https:\/\/static-blogs.diariosur.es\/wp-content\/uploads\/sites\/12\/2024\/06\/andalucia.jpg\" alt=\"\" width=\"962\" height=\"978\" srcset=\"https:\/\/static-blogs.diariosur.es\/wp-content\/uploads\/sites\/12\/2024\/06\/andalucia.jpg 962w, https:\/\/static-blogs.diariosur.es\/wp-content\/uploads\/sites\/12\/2024\/06\/andalucia-393x400.jpg 393w, https:\/\/static-blogs.diariosur.es\/wp-content\/uploads\/sites\/12\/2024\/06\/andalucia-768x781.jpg 768w\" sizes=\"(max-width: 962px) 100vw, 962px\" \/><\/a><\/strong><\/p>\n<p>Todo esto se puede quedar en nada, y m\u00e1s en las fechas que estamos. Ma\u00f1ana por la tarde, volver\u00e9 a actualizar el blog con el modelo europeo actualizado.<\/p>\n","protected":false},"excerpt":{"rendered":"<p>Buenas noches, amigos de la meteo. Antes de hablaros de la probable DANA, os pongo las temperaturas m\u00e1ximas que se han registrado hoy en nuestra comunidad. En las provincias de Sevilla, Huelva, C\u00f3rdoba y Ja\u00e9n se han cumplido los avisos amarillos por altas temperaturas que activ\u00f3 la AEMET. Os paso algunas m\u00e1ximas que se han [&hellip;]<\/p>\n","protected":false},"author":16,"featured_media":30152,"comment_status":"open","ping_status":"open","sticky":false,"template":"","format":"standard","meta":[],"categories":[2],"tags":[100,307,358,587],"_links":{"self":[{"href":"https:\/\/blogs.diariosur.es\/tormentas-y-rayos\/wp-json\/wp\/v2\/posts\/40998"}],"collection":[{"href":"https:\/\/blogs.diariosur.es\/tormentas-y-rayos\/wp-json\/wp\/v2\/posts"}],"about":[{"href":"https:\/\/blogs.diariosur.es\/tormentas-y-rayos\/wp-json\/wp\/v2\/types\/post"}],"author":[{"embeddable":true,"href":"https:\/\/blogs.diariosur.es\/tormentas-y-rayos\/wp-json\/wp\/v2\/users\/16"}],"replies":[{"embeddable":true,"href":"https:\/\/blogs.diariosur.es\/tormentas-y-rayos\/wp-json\/wp\/v2\/comments?post=40998"}],"version-history":[{"count":12,"href":"https:\/\/blogs.diariosur.es\/tormentas-y-rayos\/wp-json\/wp\/v2\/posts\/40998\/revisions"}],"predecessor-version":[{"id":47526,"href":"https:\/\/blogs.diariosur.es\/tormentas-y-rayos\/wp-json\/wp\/v2\/posts\/40998\/revisions\/47526"}],"wp:featuredmedia":[{"embeddable":true,"href":"https:\/\/blogs.diariosur.es\/tormentas-y-rayos\/wp-json\/wp\/v2\/media\/30152"}],"wp:attachment":[{"href":"https:\/\/blogs.diariosur.es\/tormentas-y-rayos\/wp-json\/wp\/v2\/media?parent=40998"}],"wp:term":[{"taxonomy":"category","embeddable":true,"href":"https:\/\/blogs.diariosur.es\/tormentas-y-rayos\/wp-json\/wp\/v2\/categories?post=40998"},{"taxonomy":"post_tag","embeddable":true,"href":"https:\/\/blogs.diariosur.es\/tormentas-y-rayos\/wp-json\/wp\/v2\/tags?post=40998"}],"curies":[{"name":"wp","href":"https:\/\/api.w.org\/{rel}","templated":true}]}}