{"id":41020,"date":"2024-06-24T16:33:23","date_gmt":"2024-06-24T14:33:23","guid":{"rendered":"https:\/\/blogs.diariosur.es\/tormentas-y-rayos\/?p=41020"},"modified":"2025-11-11T11:05:13","modified_gmt":"2025-11-11T10:05:13","slug":"se-confirma-la-dana-en-el-golfo-de-cadiz-para-el-jueves-probables-acumulados-del-europeo-en-andalucia","status":"publish","type":"post","link":"https:\/\/blogs.diariosur.es\/tormentas-y-rayos\/2024\/06\/24\/se-confirma-la-dana-en-el-golfo-de-cadiz-para-el-jueves-probables-acumulados-del-europeo-en-andalucia\/","title":{"rendered":"Se confirma la dana en el Golfo de C\u00e1diz para el jueves. Probables acumulados del europeo en Andaluc\u00eda."},"content":{"rendered":"<p><a href=\"https:\/\/static-blogs.diariosur.es\/wp-content\/uploads\/sites\/12\/2023\/10\/243418660_10223324765526342_8448445083528661051_n.jpg\"><img loading=\"lazy\" class=\"aligncenter size-thumbnail wp-image-38644\" src=\"https:\/\/static-blogs.diariosur.es\/wp-content\/uploads\/sites\/12\/2023\/10\/243418660_10223324765526342_8448445083528661051_n-150x150.jpg\" alt=\"\" width=\"150\" height=\"150\" \/><\/a><\/p>\n<p data-pm-slice=\"1 1 []\">Buenas tardes, amigos de la meteo. La mayor\u00eda de los modelos confirman la dana para el jueves en el Golfo de C\u00e1diz; incluso la AEMET ha sacado una nota informativa hablando de las probables precipitaciones acompa\u00f1adas de tormentas. Al final pondr\u00e9 lo que dice la AEMET.<\/p>\n<p>Aunque se posicione en el Golfo de C\u00e1diz, no est\u00e1 claro c\u00f3mo afectar\u00e1 a nuestra comunidad y sobre todo a M\u00e1laga. Vuelvo a repetir, hasta ma\u00f1ana o el mi\u00e9rcoles no estar\u00e1 claro d\u00f3nde caer\u00e1 m\u00e1s.<\/p>\n<p>Os pongo el acumulado que da el europeo para el jueves en Andaluc\u00eda y provincia de M\u00e1laga. Esa l\u00ednea de inestabilidad que se forma puede caer entre las provincias de C\u00e1diz, M\u00e1laga, C\u00f3rdoba y Granada; ya veremos d\u00f3nde toca el gordo, los reintegros o nada.<\/p>\n<p>&nbsp;<\/p>\n<p>&nbsp;<\/p>\n<p><a href=\"https:\/\/static-blogs.diariosur.es\/wp-content\/uploads\/sites\/12\/2024\/06\/nuevo.jpg\"><img loading=\"lazy\" class=\"aligncenter size-full wp-image-41027\" src=\"https:\/\/static-blogs.diariosur.es\/wp-content\/uploads\/sites\/12\/2024\/06\/nuevo.jpg\" alt=\"\" width=\"947\" height=\"962\" srcset=\"https:\/\/static-blogs.diariosur.es\/wp-content\/uploads\/sites\/12\/2024\/06\/nuevo.jpg 947w, https:\/\/static-blogs.diariosur.es\/wp-content\/uploads\/sites\/12\/2024\/06\/nuevo-394x400.jpg 394w, https:\/\/static-blogs.diariosur.es\/wp-content\/uploads\/sites\/12\/2024\/06\/nuevo-768x780.jpg 768w\" sizes=\"(max-width: 947px) 100vw, 947px\" \/><\/a><\/p>\n<p>&nbsp;<\/p>\n<p>&nbsp;<\/p>\n<p><a href=\"https:\/\/static-blogs.diariosur.es\/wp-content\/uploads\/sites\/12\/2024\/06\/m\u00e1laga-1.jpg\"><img loading=\"lazy\" class=\"aligncenter size-full wp-image-41026\" src=\"https:\/\/static-blogs.diariosur.es\/wp-content\/uploads\/sites\/12\/2024\/06\/m\u00e1laga-1.jpg\" alt=\"\" width=\"961\" height=\"953\" srcset=\"https:\/\/static-blogs.diariosur.es\/wp-content\/uploads\/sites\/12\/2024\/06\/m\u00e1laga-1.jpg 961w, https:\/\/static-blogs.diariosur.es\/wp-content\/uploads\/sites\/12\/2024\/06\/m\u00e1laga-1-150x150.jpg 150w, https:\/\/static-blogs.diariosur.es\/wp-content\/uploads\/sites\/12\/2024\/06\/m\u00e1laga-1-403x400.jpg 403w, https:\/\/static-blogs.diariosur.es\/wp-content\/uploads\/sites\/12\/2024\/06\/m\u00e1laga-1-768x762.jpg 768w\" sizes=\"(max-width: 961px) 100vw, 961px\" \/><\/a><\/p>\n<p data-pm-slice=\"1 1 []\">En el a\u00f1o 1974, un 14 de junio tuvimos una situaci\u00f3n parecida; ese d\u00eda el Aeropuerto de M\u00e1laga registr\u00f3 <strong>72.5 mm<\/strong>; es la mayor precipitaci\u00f3n que se ha dado desde que hay registros en un mes de junio. Yo ten\u00eda 14 a\u00f1os y me acuerdo perfectamente de la tormenta que empez\u00f3 por la tarde; ese d\u00eda registramos una m\u00e1xima de 24.6 \u00baC y una m\u00ednima de 19.4 \u00baC.<\/p>\n<p>Os paso el mapa de ese a\u00f1o.<\/p>\n<p>&nbsp;<\/p>\n<p><a href=\"https:\/\/static-blogs.diariosur.es\/wp-content\/uploads\/sites\/12\/2024\/06\/archives-1974-6-14-0-0.png\"><img loading=\"lazy\" class=\"aligncenter size-full wp-image-41023\" src=\"https:\/\/static-blogs.diariosur.es\/wp-content\/uploads\/sites\/12\/2024\/06\/archives-1974-6-14-0-0.png\" alt=\"\" width=\"768\" height=\"512\" srcset=\"https:\/\/static-blogs.diariosur.es\/wp-content\/uploads\/sites\/12\/2024\/06\/archives-1974-6-14-0-0.png 768w, https:\/\/static-blogs.diariosur.es\/wp-content\/uploads\/sites\/12\/2024\/06\/archives-1974-6-14-0-0-600x400.png 600w\" sizes=\"(max-width: 768px) 100vw, 768px\" \/><\/a><\/p>\n<p>&nbsp;<\/p>\n<p>Os paso la nota informativa de la aemet.<\/p>\n<h3><span style=\"color: #ff0000;\"><strong>Nota informativa: tormentas fuertes en amplias zonas de la Pen\u00ednsula<\/strong><\/span><br \/>\n<span style=\"color: #ff0000;\"><strong>Informaci\u00f3n elaborada el lunes 24 de junio de 2024<\/strong><\/span><\/h3>\n<p>Tras varios d\u00edas en los que est\u00e1 predominando el tiempo estable, a partir de ma\u00f1ana se va a producir un cambio de tiempo con el aislamiento de la circulaci\u00f3n general de una DANA (depresi\u00f3n aislada en niveles altos) que afectar\u00e1 a nuestro territorio durante el resto de la semana. Como consecuencia, durante los pr\u00f3ximos d\u00edas es probable que se produzcan chubascos localmente fuertes, acompa\u00f1ados de tormentas y granizo, en amplias zonas de la Pen\u00ednsula a excepci\u00f3n del extremo sureste, donde son menos probables. Sin embargo, todav\u00eda existe una incertidumbre elevada sobre las zonas donde se dar\u00e1n las precipitaciones m\u00e1s abundantes. Ma\u00f1ana martes la DANA se situar\u00e1 al oeste de Galicia, descendiendo en latitud hasta situarse pasado ma\u00f1ana mi\u00e9rcoles frente a la costa de Portugal. Estos dos d\u00edas los principales efectos ser\u00e1n tormentas localmente fuertes acompa\u00f1adas de granizo, m\u00e1s probables en el cuadrante noroeste y centro peninsular. El jueves la DANA seguir\u00e1 descendiendo en latitud hasta el golfo de C\u00e1diz y los efectos sobre nuestro territorio ser\u00e1n m\u00e1s adversos y extensos, con chubascos fuertes acompa\u00f1ados de tormenta y granizo. Se trata de una situaci\u00f3n de baja predictibilidad, siendo a d\u00eda de hoy la zona m\u00e1s probable de afectaci\u00f3n el cuadrante suroeste peninsular, aunque no se descarta que los efectos se puedan extender a otras zonas de la Pen\u00ednsula, siendo menos probable en el tercio oriental. El viernes se espera que la DANA avance hacia el noreste, situ\u00e1ndose sobre la Pen\u00ednsula, extendiendo los chubascos localmente fuertes con tormentas y granizo a amplias zonas de la mitad norte peninsular, sin descartarlos en la mitad sur, siendo menos probables en el sureste y en el extremo nordeste peninsular. Entre el jueves y el viernes las temperaturas descender\u00e1n notablemente en toda la Pen\u00ednsula salvo en el extremo sureste fruto del paso de la citada perturbaci\u00f3n. A partir del s\u00e1bado y durante todo el fin de semana, la incertidumbre en cuanto a la evoluci\u00f3n o la posible absorci\u00f3n de la DANA aumenta m\u00e1s si cabe. El escenario m\u00e1s probable es que persista la inestabilidad sobre nuestro territorio, siendo las zonas con afectaci\u00f3n m\u00e1s probables el centro peninsular y, sobre todo, el cuadrante nordeste.<\/p>\n<p>Nos vemos ma\u00f1ana, os dejo con este fot\u00f3n de Nany Lavado.<\/p>\n<p>&nbsp;<\/p>\n<p><a href=\"https:\/\/static-blogs.diariosur.es\/wp-content\/uploads\/sites\/12\/2024\/06\/Captura-de-pantalla-2024-06-24-162808-e1719239331753.jpg\"><img loading=\"lazy\" class=\"aligncenter size-full wp-image-41030\" src=\"https:\/\/static-blogs.diariosur.es\/wp-content\/uploads\/sites\/12\/2024\/06\/Captura-de-pantalla-2024-06-24-162808-e1719239331753.jpg\" alt=\"\" width=\"1200\" height=\"746\" \/><\/a><\/p>\n<p>&nbsp;<\/p>\n<p>&nbsp;<\/p>\n<p>&nbsp;<\/p>\n<p>&nbsp;<\/p>\n<p>&nbsp;<\/p>\n","protected":false},"excerpt":{"rendered":"<p>Buenas tardes, amigos de la meteo. La mayor\u00eda de los modelos confirman la dana para el jueves en el Golfo de C\u00e1diz; incluso la AEMET ha sacado una nota informativa hablando de las probables precipitaciones acompa\u00f1adas de tormentas. Al final pondr\u00e9 lo que dice la AEMET. Aunque se posicione en el Golfo de C\u00e1diz, no [&hellip;]<\/p>\n","protected":false},"author":16,"featured_media":41030,"comment_status":"open","ping_status":"open","sticky":false,"template":"","format":"standard","meta":[],"categories":[2],"tags":[],"_links":{"self":[{"href":"https:\/\/blogs.diariosur.es\/tormentas-y-rayos\/wp-json\/wp\/v2\/posts\/41020"}],"collection":[{"href":"https:\/\/blogs.diariosur.es\/tormentas-y-rayos\/wp-json\/wp\/v2\/posts"}],"about":[{"href":"https:\/\/blogs.diariosur.es\/tormentas-y-rayos\/wp-json\/wp\/v2\/types\/post"}],"author":[{"embeddable":true,"href":"https:\/\/blogs.diariosur.es\/tormentas-y-rayos\/wp-json\/wp\/v2\/users\/16"}],"replies":[{"embeddable":true,"href":"https:\/\/blogs.diariosur.es\/tormentas-y-rayos\/wp-json\/wp\/v2\/comments?post=41020"}],"version-history":[{"count":8,"href":"https:\/\/blogs.diariosur.es\/tormentas-y-rayos\/wp-json\/wp\/v2\/posts\/41020\/revisions"}],"predecessor-version":[{"id":47525,"href":"https:\/\/blogs.diariosur.es\/tormentas-y-rayos\/wp-json\/wp\/v2\/posts\/41020\/revisions\/47525"}],"wp:featuredmedia":[{"embeddable":true,"href":"https:\/\/blogs.diariosur.es\/tormentas-y-rayos\/wp-json\/wp\/v2\/media\/41030"}],"wp:attachment":[{"href":"https:\/\/blogs.diariosur.es\/tormentas-y-rayos\/wp-json\/wp\/v2\/media?parent=41020"}],"wp:term":[{"taxonomy":"category","embeddable":true,"href":"https:\/\/blogs.diariosur.es\/tormentas-y-rayos\/wp-json\/wp\/v2\/categories?post=41020"},{"taxonomy":"post_tag","embeddable":true,"href":"https:\/\/blogs.diariosur.es\/tormentas-y-rayos\/wp-json\/wp\/v2\/tags?post=41020"}],"curies":[{"name":"wp","href":"https:\/\/api.w.org\/{rel}","templated":true}]}}