{"id":41033,"date":"2024-06-25T06:54:48","date_gmt":"2024-06-25T04:54:48","guid":{"rendered":"https:\/\/blogs.diariosur.es\/tormentas-y-rayos\/?p=41033"},"modified":"2025-11-11T11:02:45","modified_gmt":"2025-11-11T10:02:45","slug":"se-activan-avisos-amarillos-por-lluvias-y-tormentas-en-la-provincia-de-malaga","status":"publish","type":"post","link":"https:\/\/blogs.diariosur.es\/tormentas-y-rayos\/2024\/06\/25\/se-activan-avisos-amarillos-por-lluvias-y-tormentas-en-la-provincia-de-malaga\/","title":{"rendered":"Se activan avisos amarillos por lluvias y tormentas en la provincia de M\u00e1laga."},"content":{"rendered":"<p><a href=\"https:\/\/static-blogs.diariosur.es\/wp-content\/uploads\/sites\/12\/2024\/05\/444912498_10228884468795449_97962860407814916_n.jpg\"><img loading=\"lazy\" class=\"aligncenter size-thumbnail wp-image-40751\" src=\"https:\/\/static-blogs.diariosur.es\/wp-content\/uploads\/sites\/12\/2024\/05\/444912498_10228884468795449_97962860407814916_n-150x150.jpg\" alt=\"\" width=\"150\" height=\"150\" \/><\/a><\/p>\n<p>&nbsp;<\/p>\n<p data-pm-slice=\"1 1 []\">Muy buenos d\u00edas, amigos de la meteo. Cuando son las seis y media de la ma\u00f1ana, el aeropuerto registra 20.4 \u00baC, los cielos est\u00e1n despejados y sopla viento moderado de componente este.<\/p>\n<p>La AEMET ha activado el aviso amarillo por precipitaciones acumuladas en una hora de 15 mm y tormentas que pueden venir acompa\u00f1adas de granizo en las comarcas de Ronda y Antequera. El aviso comienza el jueves a las 00:00 y finaliza a las 17:59.<\/p>\n<p>Adem\u00e1s de las comarcas malague\u00f1as, tambi\u00e9n entran estas que veis en el mapa de la AEMET.<\/p>\n<p>&nbsp;<\/p>\n<p>&nbsp;<\/p>\n<p><a href=\"https:\/\/static-blogs.diariosur.es\/wp-content\/uploads\/sites\/12\/2024\/06\/Captura-de-pantalla-2024-06-25-063337.jpg\"><img loading=\"lazy\" class=\"aligncenter size-full wp-image-41035\" src=\"https:\/\/static-blogs.diariosur.es\/wp-content\/uploads\/sites\/12\/2024\/06\/Captura-de-pantalla-2024-06-25-063337.jpg\" alt=\"\" width=\"867\" height=\"677\" srcset=\"https:\/\/static-blogs.diariosur.es\/wp-content\/uploads\/sites\/12\/2024\/06\/Captura-de-pantalla-2024-06-25-063337.jpg 867w, https:\/\/static-blogs.diariosur.es\/wp-content\/uploads\/sites\/12\/2024\/06\/Captura-de-pantalla-2024-06-25-063337-512x400.jpg 512w, https:\/\/static-blogs.diariosur.es\/wp-content\/uploads\/sites\/12\/2024\/06\/Captura-de-pantalla-2024-06-25-063337-768x600.jpg 768w\" sizes=\"(max-width: 867px) 100vw, 867px\" \/><\/a><\/p>\n<p>&nbsp;<\/p>\n<p data-pm-slice=\"1 1 []\">En esta ocasi\u00f3n es muy probable que no llueva en todos los portales; luego, por la tarde, con los modelos actualizados, iremos viendo los probables acumulados de distintos modelos. Esperemos que no hagan da\u00f1o los granizos a los cultivos.<\/p>\n<p>Hasta luego.<\/p>\n","protected":false},"excerpt":{"rendered":"<p>&nbsp; Muy buenos d\u00edas, amigos de la meteo. Cuando son las seis y media de la ma\u00f1ana, el aeropuerto registra 20.4 \u00baC, los cielos est\u00e1n despejados y sopla viento moderado de componente este. La AEMET ha activado el aviso amarillo por precipitaciones acumuladas en una hora de 15 mm y tormentas que pueden venir acompa\u00f1adas [&hellip;]<\/p>\n","protected":false},"author":16,"featured_media":41036,"comment_status":"open","ping_status":"open","sticky":false,"template":"","format":"standard","meta":[],"categories":[2],"tags":[94,100,151,307,358,587,996],"_links":{"self":[{"href":"https:\/\/blogs.diariosur.es\/tormentas-y-rayos\/wp-json\/wp\/v2\/posts\/41033"}],"collection":[{"href":"https:\/\/blogs.diariosur.es\/tormentas-y-rayos\/wp-json\/wp\/v2\/posts"}],"about":[{"href":"https:\/\/blogs.diariosur.es\/tormentas-y-rayos\/wp-json\/wp\/v2\/types\/post"}],"author":[{"embeddable":true,"href":"https:\/\/blogs.diariosur.es\/tormentas-y-rayos\/wp-json\/wp\/v2\/users\/16"}],"replies":[{"embeddable":true,"href":"https:\/\/blogs.diariosur.es\/tormentas-y-rayos\/wp-json\/wp\/v2\/comments?post=41033"}],"version-history":[{"count":5,"href":"https:\/\/blogs.diariosur.es\/tormentas-y-rayos\/wp-json\/wp\/v2\/posts\/41033\/revisions"}],"predecessor-version":[{"id":47523,"href":"https:\/\/blogs.diariosur.es\/tormentas-y-rayos\/wp-json\/wp\/v2\/posts\/41033\/revisions\/47523"}],"wp:featuredmedia":[{"embeddable":true,"href":"https:\/\/blogs.diariosur.es\/tormentas-y-rayos\/wp-json\/wp\/v2\/media\/41036"}],"wp:attachment":[{"href":"https:\/\/blogs.diariosur.es\/tormentas-y-rayos\/wp-json\/wp\/v2\/media?parent=41033"}],"wp:term":[{"taxonomy":"category","embeddable":true,"href":"https:\/\/blogs.diariosur.es\/tormentas-y-rayos\/wp-json\/wp\/v2\/categories?post=41033"},{"taxonomy":"post_tag","embeddable":true,"href":"https:\/\/blogs.diariosur.es\/tormentas-y-rayos\/wp-json\/wp\/v2\/tags?post=41033"}],"curies":[{"name":"wp","href":"https:\/\/api.w.org\/{rel}","templated":true}]}}