{"id":41039,"date":"2024-06-26T07:58:32","date_gmt":"2024-06-26T05:58:32","guid":{"rendered":"https:\/\/blogs.diariosur.es\/tormentas-y-rayos\/?p=41039"},"modified":"2025-11-11T11:00:39","modified_gmt":"2025-11-11T10:00:39","slug":"manana-la-dana-en-el-golfo-de-cadiz-y-ahora-que-llovera-en-todos-los-portales-probables-acumulados","status":"publish","type":"post","link":"https:\/\/blogs.diariosur.es\/tormentas-y-rayos\/2024\/06\/26\/manana-la-dana-en-el-golfo-de-cadiz-y-ahora-que-llovera-en-todos-los-portales-probables-acumulados\/","title":{"rendered":"Ma\u00f1ana la dana en el Golfo de C\u00e1diz. \u00bfY ahora qu\u00e9, llover\u00e1 en todos los portales? Probables acumulados"},"content":{"rendered":"<p><a href=\"https:\/\/static-blogs.diariosur.es\/wp-content\/uploads\/sites\/12\/2024\/05\/444912498_10228884468795449_97962860407814916_n.jpg\"><img loading=\"lazy\" class=\"aligncenter size-thumbnail wp-image-40751\" src=\"https:\/\/static-blogs.diariosur.es\/wp-content\/uploads\/sites\/12\/2024\/05\/444912498_10228884468795449_97962860407814916_n-150x150.jpg\" alt=\"\" width=\"150\" height=\"150\" \/><\/a><\/p>\n<p>Buenos d\u00edas, amigos de la meteo. Cuando son las siete de la ma\u00f1ana en M\u00e1laga capital, mi estaci\u00f3n registra 22.4 \u00baC, los cielos est\u00e1n nubosos y el viento sopla flojo de direcci\u00f3n variable.<\/p>\n<p>Os pongo un v\u00eddeo del amanecer que hemos tenido hoy.<\/p>\n<p>&nbsp;<\/p>\n<p><iframe loading=\"lazy\" title=\"YouTube video player\" src=\"https:\/\/www.youtube.com\/embed\/iuy9NnSprCQ?si=zTS10p7ALWNc75SF\" width=\"560\" height=\"315\" frameborder=\"0\" allowfullscreen=\"allowfullscreen\"><\/iframe><\/p>\n<p>&nbsp;<\/p>\n<p>&nbsp;<\/p>\n<p data-pm-slice=\"1 1 []\">Os presento a la dana que en estos momentos est\u00e1 cerca de la nariz de Portugal; durante el d\u00eda de hoy bajar\u00e1 de latitud para situarse en el Golfo de C\u00e1diz. La pod\u00e9is ver perfectamente con estas im\u00e1genes de vapor de agua y masas de aire del sat\u00e9lite Eumetsat. En esta \u00faltima, por el color, se ve el fr\u00edo en altura.<\/p>\n<p>&nbsp;<\/p>\n<p>&nbsp;<\/p>\n<p>&nbsp;<\/p>\n<p><a href=\"https:\/\/static-blogs.diariosur.es\/wp-content\/uploads\/sites\/12\/2024\/06\/webexterna_WVAtlantico_04-15.jpg\"><img loading=\"lazy\" class=\"aligncenter size-full wp-image-41044\" src=\"https:\/\/static-blogs.diariosur.es\/wp-content\/uploads\/sites\/12\/2024\/06\/webexterna_WVAtlantico_04-15.jpg\" alt=\"\" width=\"677\" height=\"450\" srcset=\"https:\/\/static-blogs.diariosur.es\/wp-content\/uploads\/sites\/12\/2024\/06\/webexterna_WVAtlantico_04-15.jpg 677w, https:\/\/static-blogs.diariosur.es\/wp-content\/uploads\/sites\/12\/2024\/06\/webexterna_WVAtlantico_04-15-602x400.jpg 602w\" sizes=\"(max-width: 677px) 100vw, 677px\" \/><\/a><\/p>\n<p>&nbsp;<\/p>\n<p><a href=\"https:\/\/static-blogs.diariosur.es\/wp-content\/uploads\/sites\/12\/2024\/06\/SAT_1_202406260400_403.jpg\"><img loading=\"lazy\" class=\"aligncenter size-full wp-image-41045\" src=\"https:\/\/static-blogs.diariosur.es\/wp-content\/uploads\/sites\/12\/2024\/06\/SAT_1_202406260400_403.jpg\" alt=\"\" width=\"1050\" height=\"735\" srcset=\"https:\/\/static-blogs.diariosur.es\/wp-content\/uploads\/sites\/12\/2024\/06\/SAT_1_202406260400_403.jpg 1050w, https:\/\/static-blogs.diariosur.es\/wp-content\/uploads\/sites\/12\/2024\/06\/SAT_1_202406260400_403-571x400.jpg 571w, https:\/\/static-blogs.diariosur.es\/wp-content\/uploads\/sites\/12\/2024\/06\/SAT_1_202406260400_403-768x538.jpg 768w\" sizes=\"(max-width: 1050px) 100vw, 1050px\" \/><\/a><\/p>\n<p>&nbsp;<\/p>\n<h3><span style=\"color: #ff0000;\"><strong>\u00bfY ahora qu\u00e9, llover\u00e1 en todos los portales? Probables acumulados<\/strong><\/span><\/h3>\n<p data-pm-slice=\"1 1 []\">Estas nubes que tenemos en la mayor parte de Andaluc\u00eda hoy mi\u00e9rcoles se deben a la dana. Como os he comentado m\u00e1s arriba, ir\u00e1 bajando de latitud para situarse ma\u00f1ana en el golfo de C\u00e1diz.<\/p>\n<p>Os paso un mapa previsto a 500 hpa.<\/p>\n<p>&nbsp;<\/p>\n<p><a href=\"https:\/\/static-blogs.diariosur.es\/wp-content\/uploads\/sites\/12\/2024\/06\/Captura-de-pantalla-2024-06-26-074702.jpg\"><img loading=\"lazy\" class=\"aligncenter size-full wp-image-41054\" src=\"https:\/\/static-blogs.diariosur.es\/wp-content\/uploads\/sites\/12\/2024\/06\/Captura-de-pantalla-2024-06-26-074702.jpg\" alt=\"\" width=\"951\" height=\"976\" srcset=\"https:\/\/static-blogs.diariosur.es\/wp-content\/uploads\/sites\/12\/2024\/06\/Captura-de-pantalla-2024-06-26-074702.jpg 951w, https:\/\/static-blogs.diariosur.es\/wp-content\/uploads\/sites\/12\/2024\/06\/Captura-de-pantalla-2024-06-26-074702-390x400.jpg 390w, https:\/\/static-blogs.diariosur.es\/wp-content\/uploads\/sites\/12\/2024\/06\/Captura-de-pantalla-2024-06-26-074702-768x788.jpg 768w\" sizes=\"(max-width: 951px) 100vw, 951px\" \/><\/a><\/p>\n<p>&nbsp;<\/p>\n<p data-pm-slice=\"1 1 []\">A tan pocas horas sigue habiendo mucha incertidumbre con los modelos; no est\u00e1 claro d\u00f3nde afectar\u00e1 m\u00e1s la l\u00ednea de inestabilidad. Esta pr\u00f3xima madrugada hay que tirar de radar y sat\u00e9lites; lo m\u00e1s seguro es que no llueva en todos los portales. Os paso los acumulados previstos para ma\u00f1ana jueves de distintos modelos; si os fij\u00e1is, es el europeo el que da m\u00e1s, pero los dem\u00e1s no tanto.<\/p>\n<p>Europeo<\/p>\n<p>&nbsp;<\/p>\n<p><a href=\"https:\/\/static-blogs.diariosur.es\/wp-content\/uploads\/sites\/12\/2024\/06\/Captura-de-pantalla-2024-06-26-075102.jpg\"><img loading=\"lazy\" class=\"aligncenter size-full wp-image-41056\" src=\"https:\/\/static-blogs.diariosur.es\/wp-content\/uploads\/sites\/12\/2024\/06\/Captura-de-pantalla-2024-06-26-075102.jpg\" alt=\"\" width=\"942\" height=\"988\" srcset=\"https:\/\/static-blogs.diariosur.es\/wp-content\/uploads\/sites\/12\/2024\/06\/Captura-de-pantalla-2024-06-26-075102.jpg 942w, https:\/\/static-blogs.diariosur.es\/wp-content\/uploads\/sites\/12\/2024\/06\/Captura-de-pantalla-2024-06-26-075102-381x400.jpg 381w, https:\/\/static-blogs.diariosur.es\/wp-content\/uploads\/sites\/12\/2024\/06\/Captura-de-pantalla-2024-06-26-075102-768x806.jpg 768w\" sizes=\"(max-width: 942px) 100vw, 942px\" \/><\/a><\/p>\n<p>&nbsp;<\/p>\n<p>&nbsp;<\/p>\n<p>Americano<\/p>\n<p>&nbsp;<\/p>\n<p><a href=\"https:\/\/static-blogs.diariosur.es\/wp-content\/uploads\/sites\/12\/2024\/06\/americano.jpg\"><img loading=\"lazy\" class=\"aligncenter size-full wp-image-41046\" src=\"https:\/\/static-blogs.diariosur.es\/wp-content\/uploads\/sites\/12\/2024\/06\/americano.jpg\" alt=\"\" width=\"948\" height=\"995\" srcset=\"https:\/\/static-blogs.diariosur.es\/wp-content\/uploads\/sites\/12\/2024\/06\/americano.jpg 948w, https:\/\/static-blogs.diariosur.es\/wp-content\/uploads\/sites\/12\/2024\/06\/americano-381x400.jpg 381w, https:\/\/static-blogs.diariosur.es\/wp-content\/uploads\/sites\/12\/2024\/06\/americano-768x806.jpg 768w\" sizes=\"(max-width: 948px) 100vw, 948px\" \/><\/a><\/p>\n<p>&nbsp;<\/p>\n<p>Reino Unido<\/p>\n<p>&nbsp;<\/p>\n<p><a href=\"https:\/\/static-blogs.diariosur.es\/wp-content\/uploads\/sites\/12\/2024\/06\/reino-unido-1.jpg\"><img loading=\"lazy\" class=\"aligncenter size-full wp-image-41049\" src=\"https:\/\/static-blogs.diariosur.es\/wp-content\/uploads\/sites\/12\/2024\/06\/reino-unido-1.jpg\" alt=\"\" width=\"951\" height=\"977\" srcset=\"https:\/\/static-blogs.diariosur.es\/wp-content\/uploads\/sites\/12\/2024\/06\/reino-unido-1.jpg 951w, https:\/\/static-blogs.diariosur.es\/wp-content\/uploads\/sites\/12\/2024\/06\/reino-unido-1-389x400.jpg 389w, https:\/\/static-blogs.diariosur.es\/wp-content\/uploads\/sites\/12\/2024\/06\/reino-unido-1-768x789.jpg 768w\" sizes=\"(max-width: 951px) 100vw, 951px\" \/><\/a><\/p>\n<p>&nbsp;<\/p>\n<p>Arpege<\/p>\n<p>&nbsp;<\/p>\n<p><a href=\"https:\/\/static-blogs.diariosur.es\/wp-content\/uploads\/sites\/12\/2024\/06\/arpege-1.jpg\"><img loading=\"lazy\" class=\"aligncenter size-full wp-image-41051\" src=\"https:\/\/static-blogs.diariosur.es\/wp-content\/uploads\/sites\/12\/2024\/06\/arpege-1.jpg\" alt=\"\" width=\"941\" height=\"973\" srcset=\"https:\/\/static-blogs.diariosur.es\/wp-content\/uploads\/sites\/12\/2024\/06\/arpege-1.jpg 941w, https:\/\/static-blogs.diariosur.es\/wp-content\/uploads\/sites\/12\/2024\/06\/arpege-1-387x400.jpg 387w, https:\/\/static-blogs.diariosur.es\/wp-content\/uploads\/sites\/12\/2024\/06\/arpege-1-768x794.jpg 768w\" sizes=\"(max-width: 941px) 100vw, 941px\" \/><\/a><\/p>\n<p>&nbsp;<\/p>\n<p>Icon<\/p>\n<p>&nbsp;<\/p>\n<p><a href=\"https:\/\/static-blogs.diariosur.es\/wp-content\/uploads\/sites\/12\/2024\/06\/icon.jpg\"><img loading=\"lazy\" class=\"aligncenter size-full wp-image-41053\" src=\"https:\/\/static-blogs.diariosur.es\/wp-content\/uploads\/sites\/12\/2024\/06\/icon.jpg\" alt=\"\" width=\"955\" height=\"985\" srcset=\"https:\/\/static-blogs.diariosur.es\/wp-content\/uploads\/sites\/12\/2024\/06\/icon.jpg 955w, https:\/\/static-blogs.diariosur.es\/wp-content\/uploads\/sites\/12\/2024\/06\/icon-388x400.jpg 388w, https:\/\/static-blogs.diariosur.es\/wp-content\/uploads\/sites\/12\/2024\/06\/icon-768x792.jpg 768w\" sizes=\"(max-width: 955px) 100vw, 955px\" \/><\/a><\/p>\n<p>&nbsp;<\/p>\n<p>Ma\u00f1ana a \u00faltima hora de la tarde sabremos donde ha llovido m\u00e1s en la provincia de M\u00e1laga, o si apenas ha llovido.<\/p>\n","protected":false},"excerpt":{"rendered":"<p>Buenos d\u00edas, amigos de la meteo. Cuando son las siete de la ma\u00f1ana en M\u00e1laga capital, mi estaci\u00f3n registra 22.4 \u00baC, los cielos est\u00e1n nubosos y el viento sopla flojo de direcci\u00f3n variable. Os pongo un v\u00eddeo del amanecer que hemos tenido hoy. &nbsp; &nbsp; &nbsp; Os presento a la dana que en estos momentos [&hellip;]<\/p>\n","protected":false},"author":16,"featured_media":41054,"comment_status":"open","ping_status":"open","sticky":false,"template":"","format":"standard","meta":[],"categories":[2],"tags":[94,100,151,307,358,569,587,992],"_links":{"self":[{"href":"https:\/\/blogs.diariosur.es\/tormentas-y-rayos\/wp-json\/wp\/v2\/posts\/41039"}],"collection":[{"href":"https:\/\/blogs.diariosur.es\/tormentas-y-rayos\/wp-json\/wp\/v2\/posts"}],"about":[{"href":"https:\/\/blogs.diariosur.es\/tormentas-y-rayos\/wp-json\/wp\/v2\/types\/post"}],"author":[{"embeddable":true,"href":"https:\/\/blogs.diariosur.es\/tormentas-y-rayos\/wp-json\/wp\/v2\/users\/16"}],"replies":[{"embeddable":true,"href":"https:\/\/blogs.diariosur.es\/tormentas-y-rayos\/wp-json\/wp\/v2\/comments?post=41039"}],"version-history":[{"count":9,"href":"https:\/\/blogs.diariosur.es\/tormentas-y-rayos\/wp-json\/wp\/v2\/posts\/41039\/revisions"}],"predecessor-version":[{"id":47521,"href":"https:\/\/blogs.diariosur.es\/tormentas-y-rayos\/wp-json\/wp\/v2\/posts\/41039\/revisions\/47521"}],"wp:featuredmedia":[{"embeddable":true,"href":"https:\/\/blogs.diariosur.es\/tormentas-y-rayos\/wp-json\/wp\/v2\/media\/41054"}],"wp:attachment":[{"href":"https:\/\/blogs.diariosur.es\/tormentas-y-rayos\/wp-json\/wp\/v2\/media?parent=41039"}],"wp:term":[{"taxonomy":"category","embeddable":true,"href":"https:\/\/blogs.diariosur.es\/tormentas-y-rayos\/wp-json\/wp\/v2\/categories?post=41039"},{"taxonomy":"post_tag","embeddable":true,"href":"https:\/\/blogs.diariosur.es\/tormentas-y-rayos\/wp-json\/wp\/v2\/tags?post=41039"}],"curies":[{"name":"wp","href":"https:\/\/api.w.org\/{rel}","templated":true}]}}