{"id":41058,"date":"2024-06-27T08:23:18","date_gmt":"2024-06-27T06:23:18","guid":{"rendered":"https:\/\/blogs.diariosur.es\/tormentas-y-rayos\/?p=41058"},"modified":"2025-11-11T10:43:08","modified_gmt":"2025-11-11T09:43:08","slug":"mucho-ruido-pero-pocas-nueces-impresionantes-fotos-de-rayos-en-la-provincia-malaguena","status":"publish","type":"post","link":"https:\/\/blogs.diariosur.es\/tormentas-y-rayos\/2024\/06\/27\/mucho-ruido-pero-pocas-nueces-impresionantes-fotos-de-rayos-en-la-provincia-malaguena\/","title":{"rendered":"Mucho ruido pero pocas nueces. Impresionantes fotos de rayos en la provincia malague\u00f1a"},"content":{"rendered":"<p><a href=\"https:\/\/static-blogs.diariosur.es\/wp-content\/uploads\/sites\/12\/2024\/05\/444912498_10228884468795449_97962860407814916_n.jpg\"><img loading=\"lazy\" class=\"aligncenter size-thumbnail wp-image-40751\" src=\"https:\/\/static-blogs.diariosur.es\/wp-content\/uploads\/sites\/12\/2024\/05\/444912498_10228884468795449_97962860407814916_n-150x150.jpg\" alt=\"\" width=\"150\" height=\"150\" \/><\/a><\/p>\n<p data-pm-slice=\"1 1 []\">Muy buenos d\u00edas, amigos de la meteo. Impresionante espect\u00e1culo de rayos esta pasada madrugada en M\u00e1laga capital y su provincia; pilas cargadas aunque no hayan ca\u00eddo muchos litros. No se han mojado todos los portales de la provincia malague\u00f1a. Mi estaci\u00f3n ha registrado 1.6 mm; destacar el Torcal con 12 mm y otras zonas entre 2 y 5 mm.<\/p>\n<p>Seguimos bajo la influencia de la dana; es muy probable que esta pr\u00f3xima noche o madrugada del viernes se repitan los rayos. La Axarqu\u00eda entra en aviso amarillo.<\/p>\n<p>Os pongo primeramente un peque\u00f1o video m\u00edo de esta pasada madrugada y una foto de un rayo desde mi terraza. Y a continuaci\u00f3n fotones de mis amigos Nany Lavado, Crist\u00f3bal Gambero y Adri\u00e1n Valencia.<\/p>\n<p>&nbsp;<\/p>\n<p><iframe loading=\"lazy\" title=\"YouTube video player\" src=\"https:\/\/www.youtube.com\/embed\/CIBuFDq_L6Q?si=II8R0Y_BGLq70mLl\" width=\"560\" height=\"315\" frameborder=\"0\" allowfullscreen=\"allowfullscreen\"><\/iframe><\/p>\n<p>&nbsp;<\/p>\n<p><a href=\"https:\/\/static-blogs.diariosur.es\/wp-content\/uploads\/sites\/12\/2024\/06\/terral-1.jpg\"><img loading=\"lazy\" class=\"aligncenter size-full wp-image-41069\" src=\"https:\/\/static-blogs.diariosur.es\/wp-content\/uploads\/sites\/12\/2024\/06\/terral-1.jpg\" alt=\"\" width=\"1200\" height=\"694\" srcset=\"https:\/\/static-blogs.diariosur.es\/wp-content\/uploads\/sites\/12\/2024\/06\/terral-1.jpg 1200w, https:\/\/static-blogs.diariosur.es\/wp-content\/uploads\/sites\/12\/2024\/06\/terral-1-640x370.jpg 640w, https:\/\/static-blogs.diariosur.es\/wp-content\/uploads\/sites\/12\/2024\/06\/terral-1-768x444.jpg 768w\" sizes=\"(max-width: 1200px) 100vw, 1200px\" \/><\/a><\/p>\n<p>&nbsp;<\/p>\n<p>&nbsp;<\/p>\n<p>Comenzamos con Nany Lavado, una pasada. Fotos en M\u00e1laga capital<\/p>\n<p>&nbsp;<\/p>\n<p><a href=\"https:\/\/static-blogs.diariosur.es\/wp-content\/uploads\/sites\/12\/2024\/06\/449319003_10229092370472861_8243326778452265011_n-e1719466149124.jpg\"><img loading=\"lazy\" class=\"aligncenter size-full wp-image-41059\" src=\"https:\/\/static-blogs.diariosur.es\/wp-content\/uploads\/sites\/12\/2024\/06\/449319003_10229092370472861_8243326778452265011_n-e1719466149124.jpg\" alt=\"\" width=\"1200\" height=\"801\" \/><\/a><\/p>\n<p>&nbsp;<\/p>\n<p><a href=\"https:\/\/static-blogs.diariosur.es\/wp-content\/uploads\/sites\/12\/2024\/06\/449315502_10229092354472461_1227260664519553335_n-e1719466517379.jpg\"><img loading=\"lazy\" class=\"aligncenter size-full wp-image-41061\" src=\"https:\/\/static-blogs.diariosur.es\/wp-content\/uploads\/sites\/12\/2024\/06\/449315502_10229092354472461_1227260664519553335_n-e1719466517379.jpg\" alt=\"\" width=\"1200\" height=\"801\" \/><\/a><\/p>\n<p>&nbsp;<\/p>\n<p>Crist\u00f3bal Gambero otra pasada de fotos desde Mijas Pueblo<\/p>\n<p>&nbsp;<\/p>\n<p><a href=\"https:\/\/static-blogs.diariosur.es\/wp-content\/uploads\/sites\/12\/2024\/06\/449174450_7668990999816494_2434318464115679930_n-e1719466651200.jpg\"><img loading=\"lazy\" class=\"aligncenter size-full wp-image-41062\" src=\"https:\/\/static-blogs.diariosur.es\/wp-content\/uploads\/sites\/12\/2024\/06\/449174450_7668990999816494_2434318464115679930_n-e1719466651200.jpg\" alt=\"\" width=\"1200\" height=\"675\" \/><\/a><\/p>\n<p>&nbsp;<\/p>\n<p><a href=\"https:\/\/static-blogs.diariosur.es\/wp-content\/uploads\/sites\/12\/2024\/06\/449103657_7668985489817045_431745384085503756_n-e1719466676262.jpg\"><img loading=\"lazy\" class=\"aligncenter size-full wp-image-41063\" src=\"https:\/\/static-blogs.diariosur.es\/wp-content\/uploads\/sites\/12\/2024\/06\/449103657_7668985489817045_431745384085503756_n-e1719466676262.jpg\" alt=\"\" width=\"1200\" height=\"803\" \/><\/a><\/p>\n<p>&nbsp;<\/p>\n<p>Y por \u00faltimo, otros fotones de rayos de mi amigo Adri\u00e1n Valencia desde Archidona espectacular.<\/p>\n<p>&nbsp;<\/p>\n<p><a href=\"https:\/\/static-blogs.diariosur.es\/wp-content\/uploads\/sites\/12\/2024\/06\/449346303_10229092419114077_8187316373731378981_n-e1719466917491.jpg\"><img loading=\"lazy\" class=\"aligncenter size-full wp-image-41064\" src=\"https:\/\/static-blogs.diariosur.es\/wp-content\/uploads\/sites\/12\/2024\/06\/449346303_10229092419114077_8187316373731378981_n-e1719466917491.jpg\" alt=\"\" width=\"1200\" height=\"800\" \/><\/a><\/p>\n<p>&nbsp;<\/p>\n<p><a href=\"https:\/\/static-blogs.diariosur.es\/wp-content\/uploads\/sites\/12\/2024\/06\/449402372_10229092419474086_5809765490510481615_n-e1719466942820.jpg\"><img loading=\"lazy\" class=\"aligncenter size-full wp-image-41067\" src=\"https:\/\/static-blogs.diariosur.es\/wp-content\/uploads\/sites\/12\/2024\/06\/449402372_10229092419474086_5809765490510481615_n-e1719466942820.jpg\" alt=\"\" width=\"1200\" height=\"800\" \/><\/a><\/p>\n<p>&nbsp;<\/p>\n<p>Nos vemos esta tarde con la predicci\u00f3n del fin de semana.<\/p>\n","protected":false},"excerpt":{"rendered":"<p>Muy buenos d\u00edas, amigos de la meteo. Impresionante espect\u00e1culo de rayos esta pasada madrugada en M\u00e1laga capital y su provincia; pilas cargadas aunque no hayan ca\u00eddo muchos litros. No se han mojado todos los portales de la provincia malague\u00f1a. Mi estaci\u00f3n ha registrado 1.6 mm; destacar el Torcal con 12 mm y otras zonas entre [&hellip;]<\/p>\n","protected":false},"author":16,"featured_media":41059,"comment_status":"open","ping_status":"open","sticky":false,"template":"","format":"standard","meta":[],"categories":[2],"tags":[94,151,307,358,587,996],"_links":{"self":[{"href":"https:\/\/blogs.diariosur.es\/tormentas-y-rayos\/wp-json\/wp\/v2\/posts\/41058"}],"collection":[{"href":"https:\/\/blogs.diariosur.es\/tormentas-y-rayos\/wp-json\/wp\/v2\/posts"}],"about":[{"href":"https:\/\/blogs.diariosur.es\/tormentas-y-rayos\/wp-json\/wp\/v2\/types\/post"}],"author":[{"embeddable":true,"href":"https:\/\/blogs.diariosur.es\/tormentas-y-rayos\/wp-json\/wp\/v2\/users\/16"}],"replies":[{"embeddable":true,"href":"https:\/\/blogs.diariosur.es\/tormentas-y-rayos\/wp-json\/wp\/v2\/comments?post=41058"}],"version-history":[{"count":6,"href":"https:\/\/blogs.diariosur.es\/tormentas-y-rayos\/wp-json\/wp\/v2\/posts\/41058\/revisions"}],"predecessor-version":[{"id":47517,"href":"https:\/\/blogs.diariosur.es\/tormentas-y-rayos\/wp-json\/wp\/v2\/posts\/41058\/revisions\/47517"}],"wp:featuredmedia":[{"embeddable":true,"href":"https:\/\/blogs.diariosur.es\/tormentas-y-rayos\/wp-json\/wp\/v2\/media\/41059"}],"wp:attachment":[{"href":"https:\/\/blogs.diariosur.es\/tormentas-y-rayos\/wp-json\/wp\/v2\/media?parent=41058"}],"wp:term":[{"taxonomy":"category","embeddable":true,"href":"https:\/\/blogs.diariosur.es\/tormentas-y-rayos\/wp-json\/wp\/v2\/categories?post=41058"},{"taxonomy":"post_tag","embeddable":true,"href":"https:\/\/blogs.diariosur.es\/tormentas-y-rayos\/wp-json\/wp\/v2\/tags?post=41058"}],"curies":[{"name":"wp","href":"https:\/\/api.w.org\/{rel}","templated":true}]}}