{"id":41072,"date":"2024-06-27T17:12:32","date_gmt":"2024-06-27T15:12:32","guid":{"rendered":"https:\/\/blogs.diariosur.es\/tormentas-y-rayos\/?p=41072"},"modified":"2025-11-11T10:57:52","modified_gmt":"2025-11-11T09:57:52","slug":"que-tiempo-hara-el-fin-de-semana-en-la-provincia-de-malaga-se-va-la-dana-pero-vuelve","status":"publish","type":"post","link":"https:\/\/blogs.diariosur.es\/tormentas-y-rayos\/2024\/06\/27\/que-tiempo-hara-el-fin-de-semana-en-la-provincia-de-malaga-se-va-la-dana-pero-vuelve\/","title":{"rendered":"\u00bfQu\u00e9 tiempo har\u00e1 el fin de semana en la provincia de M\u00e1laga? Se va la dana pero vuelve el&#8230;."},"content":{"rendered":"<p><a href=\"https:\/\/static-blogs.diariosur.es\/wp-content\/uploads\/sites\/12\/2024\/02\/379337914_10227628075666406_6248628726251100327_n.jpg\"><img loading=\"lazy\" class=\"aligncenter size-thumbnail wp-image-39879\" src=\"https:\/\/static-blogs.diariosur.es\/wp-content\/uploads\/sites\/12\/2024\/02\/379337914_10227628075666406_6248628726251100327_n-150x150.jpg\" alt=\"\" width=\"150\" height=\"150\" \/><\/a><\/p>\n<p data-pm-slice=\"1 1 []\">Buenas tardes, amigos de la meteo. Os recuerdo que a \u00faltima hora de la noche y primeras horas de la madrugada del viernes, se pueden ver nuevamente rayos en la provincia de M\u00e1laga; en esta ocasi\u00f3n son m\u00e1s probables en la costa oriental. La Axarqu\u00eda est\u00e1 en aviso amarillo por lluvias y tormentas.<\/p>\n<p>Antes de hablaros del fin de semana, os paso el enlace con fotos y un video de esta pasada madrugada.<\/p>\n<h3 class=\"voc-blogs-section\"><a href=\"https:\/\/blogs.diariosur.es\/tormentas-y-rayos\/2024\/06\/27\/mucho-ruido-pero-pocas-nueces-impresionantes-fotos-de-rayos-en-la-provincia-malaguena\/\"><span style=\"color: #ff0000;\">Mucho ruido pero pocas nueces. Impresionantes fotos de rayos en la provincia malague\u00f1a<\/span><\/a><\/h3>\n<p>Fotones de espetos, de mi amigo Toni Ru\u00edz-Molero.<\/p>\n<p>&nbsp;<\/p>\n<p><a href=\"https:\/\/static-blogs.diariosur.es\/wp-content\/uploads\/sites\/12\/2024\/06\/448958220_10229094997818543_4151913532200360760_n.jpg\"><img loading=\"lazy\" class=\"aligncenter size-full wp-image-41075\" src=\"https:\/\/static-blogs.diariosur.es\/wp-content\/uploads\/sites\/12\/2024\/06\/448958220_10229094997818543_4151913532200360760_n.jpg\" alt=\"\" width=\"960\" height=\"720\" srcset=\"https:\/\/static-blogs.diariosur.es\/wp-content\/uploads\/sites\/12\/2024\/06\/448958220_10229094997818543_4151913532200360760_n.jpg 960w, https:\/\/static-blogs.diariosur.es\/wp-content\/uploads\/sites\/12\/2024\/06\/448958220_10229094997818543_4151913532200360760_n-533x400.jpg 533w, https:\/\/static-blogs.diariosur.es\/wp-content\/uploads\/sites\/12\/2024\/06\/448958220_10229094997818543_4151913532200360760_n-768x576.jpg 768w\" sizes=\"(max-width: 960px) 100vw, 960px\" \/><\/a><\/p>\n<h3><\/h3>\n<h3><span style=\"color: #0000ff;\">\u00bfQu\u00e9 tiempo har\u00e1 el fin de semana en la provincia de M\u00e1laga? Se va la dana pero vuelve&#8230;&#8230;.<\/span><\/h3>\n<p data-pm-slice=\"1 1 []\">Pues s\u00ed, amigos, la DANA toma camino para el norte peninsular para reintegrarse a la circulaci\u00f3n general. Esto trae consigo que el viento entre de poniente y terral en las zonas habituales de la provincia de M\u00e1laga. La buena noticia es que el s\u00e1bado las m\u00e1ximas debido al terral rondar\u00e1n los 29 y 32 grados; en las zonas que no entre el terral ser\u00e1n m\u00e1s bajas. En zonas de costa, el viento ser\u00e1 moderado con alguna racha fuerte.<\/p>\n<p>El domingo seguiremos con terral; las m\u00e1ximas rondar\u00e1n donde entre el terral, entre los 29 y 34 grados; al igual que el s\u00e1bado, ser\u00e1n m\u00e1s bajas en otras zonas de la provincia. Destacar tambi\u00e9n las temperaturas m\u00ednimas muy agradables que tendremos estos dos d\u00edas.<\/p>\n<p>Os paso las temperaturas m\u00e1ximas y m\u00ednimas que prev\u00e9 la AEMET para el s\u00e1bado y el domingo.<\/p>\n<p>S\u00c1BADO<\/p>\n<p>&nbsp;<\/p>\n<p><a href=\"https:\/\/static-blogs.diariosur.es\/wp-content\/uploads\/sites\/12\/2024\/06\/SABADO.jpg\"><img loading=\"lazy\" class=\"aligncenter size-full wp-image-41076\" src=\"https:\/\/static-blogs.diariosur.es\/wp-content\/uploads\/sites\/12\/2024\/06\/SABADO.jpg\" alt=\"\" width=\"866\" height=\"677\" srcset=\"https:\/\/static-blogs.diariosur.es\/wp-content\/uploads\/sites\/12\/2024\/06\/SABADO.jpg 866w, https:\/\/static-blogs.diariosur.es\/wp-content\/uploads\/sites\/12\/2024\/06\/SABADO-512x400.jpg 512w, https:\/\/static-blogs.diariosur.es\/wp-content\/uploads\/sites\/12\/2024\/06\/SABADO-768x600.jpg 768w\" sizes=\"(max-width: 866px) 100vw, 866px\" \/><\/a><\/p>\n<p>&nbsp;<\/p>\n<p>DOMINGO<\/p>\n<p>&nbsp;<\/p>\n<p><a href=\"https:\/\/static-blogs.diariosur.es\/wp-content\/uploads\/sites\/12\/2024\/06\/DOMINGO.jpg\"><img loading=\"lazy\" class=\"aligncenter size-full wp-image-41077\" src=\"https:\/\/static-blogs.diariosur.es\/wp-content\/uploads\/sites\/12\/2024\/06\/DOMINGO.jpg\" alt=\"\" width=\"862\" height=\"680\" srcset=\"https:\/\/static-blogs.diariosur.es\/wp-content\/uploads\/sites\/12\/2024\/06\/DOMINGO.jpg 862w, https:\/\/static-blogs.diariosur.es\/wp-content\/uploads\/sites\/12\/2024\/06\/DOMINGO-507x400.jpg 507w, https:\/\/static-blogs.diariosur.es\/wp-content\/uploads\/sites\/12\/2024\/06\/DOMINGO-768x606.jpg 768w\" sizes=\"(max-width: 862px) 100vw, 862px\" \/><\/a><\/p>\n<p>&nbsp;<\/p>\n<p>Para ser verano no esta nada mal, sobre todo compar\u00e1ndolas con junio de 2022 y 2023.<\/p>\n<p>Os dejo con m\u00e1s fotos de mi amigo.<\/p>\n<p>&nbsp;<\/p>\n<p><a href=\"https:\/\/static-blogs.diariosur.es\/wp-content\/uploads\/sites\/12\/2024\/06\/449398506_10229094999338581_8101813511855154772_n.jpg\"><img loading=\"lazy\" class=\"aligncenter size-full wp-image-41080\" src=\"https:\/\/static-blogs.diariosur.es\/wp-content\/uploads\/sites\/12\/2024\/06\/449398506_10229094999338581_8101813511855154772_n.jpg\" alt=\"\" width=\"1024\" height=\"576\" srcset=\"https:\/\/static-blogs.diariosur.es\/wp-content\/uploads\/sites\/12\/2024\/06\/449398506_10229094999338581_8101813511855154772_n.jpg 1024w, https:\/\/static-blogs.diariosur.es\/wp-content\/uploads\/sites\/12\/2024\/06\/449398506_10229094999338581_8101813511855154772_n-640x360.jpg 640w, https:\/\/static-blogs.diariosur.es\/wp-content\/uploads\/sites\/12\/2024\/06\/449398506_10229094999338581_8101813511855154772_n-768x432.jpg 768w\" sizes=\"(max-width: 1024px) 100vw, 1024px\" \/><\/a><\/p>\n<p>&nbsp;<\/p>\n<p><a href=\"https:\/\/static-blogs.diariosur.es\/wp-content\/uploads\/sites\/12\/2024\/06\/449191712_10229094857175027_5673079123019311639_n.jpg\"><img loading=\"lazy\" class=\"aligncenter size-full wp-image-41078\" src=\"https:\/\/static-blogs.diariosur.es\/wp-content\/uploads\/sites\/12\/2024\/06\/449191712_10229094857175027_5673079123019311639_n.jpg\" alt=\"\" width=\"800\" height=\"600\" srcset=\"https:\/\/static-blogs.diariosur.es\/wp-content\/uploads\/sites\/12\/2024\/06\/449191712_10229094857175027_5673079123019311639_n.jpg 800w, https:\/\/static-blogs.diariosur.es\/wp-content\/uploads\/sites\/12\/2024\/06\/449191712_10229094857175027_5673079123019311639_n-533x400.jpg 533w, https:\/\/static-blogs.diariosur.es\/wp-content\/uploads\/sites\/12\/2024\/06\/449191712_10229094857175027_5673079123019311639_n-768x576.jpg 768w\" sizes=\"(max-width: 800px) 100vw, 800px\" \/><\/a><\/p>\n<p>&nbsp;<\/p>\n<p>&nbsp;<\/p>\n<p>&nbsp;<\/p>\n<p>&nbsp;<\/p>\n","protected":false},"excerpt":{"rendered":"<p>Buenas tardes, amigos de la meteo. Os recuerdo que a \u00faltima hora de la noche y primeras horas de la madrugada del viernes, se pueden ver nuevamente rayos en la provincia de M\u00e1laga; en esta ocasi\u00f3n son m\u00e1s probables en la costa oriental. La Axarqu\u00eda est\u00e1 en aviso amarillo por lluvias y tormentas. Antes de [&hellip;]<\/p>\n","protected":false},"author":16,"featured_media":41078,"comment_status":"open","ping_status":"open","sticky":false,"template":"","format":"standard","meta":[],"categories":[2],"tags":[100,307,358,587,800,975],"_links":{"self":[{"href":"https:\/\/blogs.diariosur.es\/tormentas-y-rayos\/wp-json\/wp\/v2\/posts\/41072"}],"collection":[{"href":"https:\/\/blogs.diariosur.es\/tormentas-y-rayos\/wp-json\/wp\/v2\/posts"}],"about":[{"href":"https:\/\/blogs.diariosur.es\/tormentas-y-rayos\/wp-json\/wp\/v2\/types\/post"}],"author":[{"embeddable":true,"href":"https:\/\/blogs.diariosur.es\/tormentas-y-rayos\/wp-json\/wp\/v2\/users\/16"}],"replies":[{"embeddable":true,"href":"https:\/\/blogs.diariosur.es\/tormentas-y-rayos\/wp-json\/wp\/v2\/comments?post=41072"}],"version-history":[{"count":8,"href":"https:\/\/blogs.diariosur.es\/tormentas-y-rayos\/wp-json\/wp\/v2\/posts\/41072\/revisions"}],"predecessor-version":[{"id":47519,"href":"https:\/\/blogs.diariosur.es\/tormentas-y-rayos\/wp-json\/wp\/v2\/posts\/41072\/revisions\/47519"}],"wp:featuredmedia":[{"embeddable":true,"href":"https:\/\/blogs.diariosur.es\/tormentas-y-rayos\/wp-json\/wp\/v2\/media\/41078"}],"wp:attachment":[{"href":"https:\/\/blogs.diariosur.es\/tormentas-y-rayos\/wp-json\/wp\/v2\/media?parent=41072"}],"wp:term":[{"taxonomy":"category","embeddable":true,"href":"https:\/\/blogs.diariosur.es\/tormentas-y-rayos\/wp-json\/wp\/v2\/categories?post=41072"},{"taxonomy":"post_tag","embeddable":true,"href":"https:\/\/blogs.diariosur.es\/tormentas-y-rayos\/wp-json\/wp\/v2\/tags?post=41072"}],"curies":[{"name":"wp","href":"https:\/\/api.w.org\/{rel}","templated":true}]}}