{"id":41085,"date":"2024-06-29T08:30:45","date_gmt":"2024-06-29T06:30:45","guid":{"rendered":"https:\/\/blogs.diariosur.es\/tormentas-y-rayos\/?p=41085"},"modified":"2025-11-11T10:36:56","modified_gmt":"2025-11-11T09:36:56","slug":"que-es-un-reventon-humedo","status":"publish","type":"post","link":"https:\/\/blogs.diariosur.es\/tormentas-y-rayos\/2024\/06\/29\/que-es-un-reventon-humedo\/","title":{"rendered":"\u00bfQu\u00e9 es un revent\u00f3n h\u00famedo? Fotos de Jos\u00e9 Antonio Quirantes y Alberto Lunas."},"content":{"rendered":"<p><a href=\"https:\/\/static-blogs.diariosur.es\/wp-content\/uploads\/sites\/12\/2023\/10\/243418660_10223324765526342_8448445083528661051_n.jpg\"><br \/>\n<img loading=\"lazy\" class=\"aligncenter size-thumbnail wp-image-38644\" src=\"https:\/\/static-blogs.diariosur.es\/wp-content\/uploads\/sites\/12\/2023\/10\/243418660_10223324765526342_8448445083528661051_n-150x150.jpg\" alt=\"\" width=\"150\" height=\"150\" \/><\/a><\/p>\n<p data-pm-slice=\"1 1 []\">Buenos d\u00edas, amigos de la meteo. La m\u00ednima la ha dado el Aeropuerto de M\u00e1laga con 19.1 \u00baC; los cielos est\u00e1n despejados y el viento sopla de terral de verano. Aunque haga terral, la m\u00e1xima prevista en M\u00e1laga es de 29 \u00baC. Ma\u00f1ana, \u00faltimo d\u00eda del mes de junio, seguiremos con terral; la m\u00e1xima prevista en la capital ser\u00e1 de 31 \u00baC.<\/p>\n<h3><span style=\"color: #ff0000;\"><strong>\u00bfQu\u00e9 es un revent\u00f3n h\u00famedo?<\/strong><\/span><\/h3>\n<p data-pm-slice=\"1 1 []\">Estos d\u00edas pasados se ha hablado mucho del revent\u00f3n h\u00famedo que tuvo Madrid capital hace unos d\u00edas; algunos medios informativos comentaban que esto no se hab\u00eda dado nunca en la pen\u00ednsula; no es cierto, se ha dado y seguir\u00e1 d\u00e1ndose. Tambi\u00e9n tenemos el revent\u00f3n c\u00e1lido, seco, como el de agosto de 2022, que dej\u00f3 un fallecido y varios heridos en el Festival Medusa en Cullera (Valencia). A estos tipos de reventones les une una cosa en com\u00fan: las fuertes rachas de viento que pueden llegar en algunos momentos a m\u00e1s de 85 km\/h. El revent\u00f3n h\u00famedo viene acompa\u00f1ado de precipitaci\u00f3n muy fuerte y el c\u00e1lido de una subida de temperatura muy alta en breves minutos y la mayor\u00eda de las veces sin precipitaci\u00f3n.<\/p>\n<p><strong>Os pongo la explicaci\u00f3n que da la Aemet.<\/strong><\/p>\n<p>El revent\u00f3n consiste en una fuerte corriente descendente convectiva, originada a menudo en el seno de una nube de tormenta, que ocasiona vientos destructores. Tiene una dimensi\u00f3n horizontal inferior a diez kil\u00f3metros, y su tiempo de vida puede ir de cinco a treinta minutos. Cuando la dimensi\u00f3n horizontal es inferior a cuatro kil\u00f3metros se denomina micro-revent\u00f3n. En este \u00faltimo caso tambi\u00e9n suelen durar menos en el tiempo (no m\u00e1s de quince minutos). Los reventones pueden ser h\u00famedos o secos, seg\u00fan que la precipitaci\u00f3n asociada a la nube originante del fen\u00f3meno llegue o no al suelo.<\/p>\n<p>El revent\u00f3n se origina en una corriente descendente dentro de la nube, que puede ser causada por dos mecanismos: enfriamiento, debido a la evaporaci\u00f3n de agua l\u00edquida (gotas de lluvia y gotas de nube) y fusi\u00f3n y sublimaci\u00f3n de hielo (granizo y nieve), y carga de hidrometeoros, es decir, el peso del agua l\u00edquida o s\u00f3lida que se acumula en el aire, que muchas veces es un factor crucial en el inicio de la corriente descendente.<br \/>\nLos entornos secos son favorables para la generaci\u00f3n de corrientes descendentes por enfriamiento latente, a causa de la evaporaci\u00f3n de las gotas de lluvia que caen desde la base de la nube en una capa de aire no saturado de humedad. No obstante, incluso en entornos no particularmente secos, puede ocurrir que en la tormenta se produzca una incorporaci\u00f3n de aire seco de niveles medios de la troposfera que d\u00e9 lugar a la corriente descendente. Estas incorporaciones son favorecidas por la cizalladura vertical del viento (variaci\u00f3n del viento con la altura) y por el viento relativo a la tormenta (diferencia entre el<br \/>\nmovimiento de la masa de aire donde se produce la tormenta y el de la propia nube). Sin embargo, aunque la evaporaci\u00f3n sea un factor importante para la generaci\u00f3n de una<br \/>\ncorriente descendente, no necesariamente un entorno m\u00e1s seco provocar\u00e1 una corriente m\u00e1s intensa, debido a que el contenido de agua l\u00edquida disponible para evaporarse ser\u00e1 tambi\u00e9n menor en un ambiente seco.<\/p>\n<p>Los reventones pueden ser h\u00famedos o secos, seg\u00fan que la precipitaci\u00f3n llegue o no al suelo. En el caso de los reventones secos, la precipitaci\u00f3n no llega hasta la superficie, o solo unas gotas llegan al suelo, y la corriente descendente se genera por la evaporaci\u00f3n de la lluvia por debajo de la base de la nube. A veces ocurren en c\u00famulos poco desarrollados, y casi siempre se puede observar la virga (precipitaci\u00f3n que no llega al suelo). Los reventones h\u00famedos son aquellos en los que la precipitaci\u00f3n s\u00ed alcanza de manera extensa el suelo.<br \/>\nLos reventones, como ya se ha dicho, pueden ser confundidos con los tornados por sus efectos destructivos. Para distinguir, en caso de duda, los da\u00f1os producidos por un revent\u00f3n de los ocasionados por un tornado, hay que observar el patr\u00f3n del rastro de los da\u00f1os, que en el caso de un revent\u00f3n suele presentar una disposici\u00f3n lineal, o radial respecto a un centro, mientras que los da\u00f1os por tornado se presentan en un corredor que deja el tornado en su trayectoria, con objetos abatidos a ambos lados, formando \u00e1ngulos entre s\u00ed, a causa de la curvatura del flujo.<\/p>\n<p>Os pongo primeramente este impresionante revent\u00f3n que grabo\u00a0Peter Maier en el\u00a0\u00a0Lago Millstatt\u00a0en\u00a0Carintia,\u00a0Austria. Una pasada.<\/p>\n<p>&nbsp;<\/p>\n<p><iframe loading=\"lazy\" title=\"YouTube video player\" src=\"https:\/\/www.youtube.com\/embed\/ObYRYF3d38Y?si=xcooYWFwjq4FBtzN\" width=\"560\" height=\"315\" frameborder=\"0\" allowfullscreen=\"allowfullscreen\"><\/iframe><\/p>\n<p data-pm-slice=\"1 1 []\">A continuaci\u00f3n, unos fotones de mis amigos cazatormentas, Jos\u00e9 Antonio Quirantes Calvo y Alberto Luna Arias, del revent\u00f3n de Madrid.<\/p>\n<p>Un fot\u00f3n, amigo Jos\u00e9 Antonio.<\/p>\n<p>&nbsp;<\/p>\n<p><a href=\"https:\/\/static-blogs.diariosur.es\/wp-content\/uploads\/sites\/12\/2024\/06\/449257568_8087993671287659_884143940661443120_n.jpg\"><img loading=\"lazy\" class=\"aligncenter size-full wp-image-41086\" src=\"https:\/\/static-blogs.diariosur.es\/wp-content\/uploads\/sites\/12\/2024\/06\/449257568_8087993671287659_884143940661443120_n.jpg\" alt=\"\" width=\"1200\" height=\"800\" srcset=\"https:\/\/static-blogs.diariosur.es\/wp-content\/uploads\/sites\/12\/2024\/06\/449257568_8087993671287659_884143940661443120_n.jpg 1200w, https:\/\/static-blogs.diariosur.es\/wp-content\/uploads\/sites\/12\/2024\/06\/449257568_8087993671287659_884143940661443120_n-600x400.jpg 600w, https:\/\/static-blogs.diariosur.es\/wp-content\/uploads\/sites\/12\/2024\/06\/449257568_8087993671287659_884143940661443120_n-768x512.jpg 768w\" sizes=\"(max-width: 1200px) 100vw, 1200px\" \/><\/a><\/p>\n<p>&nbsp;<\/p>\n<p>Impresionante foto Alberto<\/p>\n<p>&nbsp;<\/p>\n<p><a href=\"https:\/\/static-blogs.diariosur.es\/wp-content\/uploads\/sites\/12\/2024\/06\/449303948_10229509490294091_6081424351845779205_n.jpg\"><img loading=\"lazy\" class=\"aligncenter size-full wp-image-41087\" src=\"https:\/\/static-blogs.diariosur.es\/wp-content\/uploads\/sites\/12\/2024\/06\/449303948_10229509490294091_6081424351845779205_n.jpg\" alt=\"\" width=\"1200\" height=\"800\" srcset=\"https:\/\/static-blogs.diariosur.es\/wp-content\/uploads\/sites\/12\/2024\/06\/449303948_10229509490294091_6081424351845779205_n.jpg 1200w, https:\/\/static-blogs.diariosur.es\/wp-content\/uploads\/sites\/12\/2024\/06\/449303948_10229509490294091_6081424351845779205_n-600x400.jpg 600w, https:\/\/static-blogs.diariosur.es\/wp-content\/uploads\/sites\/12\/2024\/06\/449303948_10229509490294091_6081424351845779205_n-768x512.jpg 768w\" sizes=\"(max-width: 1200px) 100vw, 1200px\" \/><\/a><\/p>\n<p>&nbsp;<\/p>\n<p>Daros las gracias a los dos por compartir estas fotos.<\/p>\n<p>&nbsp;<\/p>\n<p>&nbsp;<\/p>\n","protected":false},"excerpt":{"rendered":"<p>Buenos d\u00edas, amigos de la meteo. La m\u00ednima la ha dado el Aeropuerto de M\u00e1laga con 19.1 \u00baC; los cielos est\u00e1n despejados y el viento sopla de terral de verano. Aunque haga terral, la m\u00e1xima prevista en M\u00e1laga es de 29 \u00baC. Ma\u00f1ana, \u00faltimo d\u00eda del mes de junio, seguiremos con terral; la m\u00e1xima prevista [&hellip;]<\/p>\n","protected":false},"author":16,"featured_media":41086,"comment_status":"open","ping_status":"open","sticky":false,"template":"","format":"standard","meta":[],"categories":[2],"tags":[307,358,495,582,1614,992],"_links":{"self":[{"href":"https:\/\/blogs.diariosur.es\/tormentas-y-rayos\/wp-json\/wp\/v2\/posts\/41085"}],"collection":[{"href":"https:\/\/blogs.diariosur.es\/tormentas-y-rayos\/wp-json\/wp\/v2\/posts"}],"about":[{"href":"https:\/\/blogs.diariosur.es\/tormentas-y-rayos\/wp-json\/wp\/v2\/types\/post"}],"author":[{"embeddable":true,"href":"https:\/\/blogs.diariosur.es\/tormentas-y-rayos\/wp-json\/wp\/v2\/users\/16"}],"replies":[{"embeddable":true,"href":"https:\/\/blogs.diariosur.es\/tormentas-y-rayos\/wp-json\/wp\/v2\/comments?post=41085"}],"version-history":[{"count":4,"href":"https:\/\/blogs.diariosur.es\/tormentas-y-rayos\/wp-json\/wp\/v2\/posts\/41085\/revisions"}],"predecessor-version":[{"id":47515,"href":"https:\/\/blogs.diariosur.es\/tormentas-y-rayos\/wp-json\/wp\/v2\/posts\/41085\/revisions\/47515"}],"wp:featuredmedia":[{"embeddable":true,"href":"https:\/\/blogs.diariosur.es\/tormentas-y-rayos\/wp-json\/wp\/v2\/media\/41086"}],"wp:attachment":[{"href":"https:\/\/blogs.diariosur.es\/tormentas-y-rayos\/wp-json\/wp\/v2\/media?parent=41085"}],"wp:term":[{"taxonomy":"category","embeddable":true,"href":"https:\/\/blogs.diariosur.es\/tormentas-y-rayos\/wp-json\/wp\/v2\/categories?post=41085"},{"taxonomy":"post_tag","embeddable":true,"href":"https:\/\/blogs.diariosur.es\/tormentas-y-rayos\/wp-json\/wp\/v2\/tags?post=41085"}],"curies":[{"name":"wp","href":"https:\/\/api.w.org\/{rel}","templated":true}]}}