{"id":41094,"date":"2024-06-30T08:42:20","date_gmt":"2024-06-30T06:42:20","guid":{"rendered":"https:\/\/blogs.diariosur.es\/tormentas-y-rayos\/?p=41094"},"modified":"2025-11-11T10:33:46","modified_gmt":"2025-11-11T09:33:46","slug":"comenzara-julio-en-malaga-y-su-provincia-con-mucha-calor","status":"publish","type":"post","link":"https:\/\/blogs.diariosur.es\/tormentas-y-rayos\/2024\/06\/30\/comenzara-julio-en-malaga-y-su-provincia-con-mucha-calor\/","title":{"rendered":"\u00bfComenzar\u00e1 julio en M\u00e1laga y su provincia con mucha calor?"},"content":{"rendered":"<p><a href=\"https:\/\/static-blogs.diariosur.es\/wp-content\/uploads\/sites\/12\/2024\/02\/379337914_10227628075666406_6248628726251100327_n.jpg\"><img loading=\"lazy\" class=\"aligncenter size-thumbnail wp-image-39879\" src=\"https:\/\/static-blogs.diariosur.es\/wp-content\/uploads\/sites\/12\/2024\/02\/379337914_10227628075666406_6248628726251100327_n-150x150.jpg\" alt=\"\" width=\"150\" height=\"150\" \/><\/a><\/p>\n<p data-pm-slice=\"1 1 []\">Muy buenos d\u00edas, amigos de la meteo. La temperatura m\u00ednima en M\u00e1laga capital la ha registrado el Centro Meteorol\u00f3gico con 20.5 \u00baC, en Antequera 15 \u00baC, Ronda 14.4 \u00baC, Fuente Piedra 14.6 \u00baC, Gauc\u00edn 13.7 \u00baC, Alpandeire 13.8 \u00baC, temperaturas m\u00ednimas muy agradables y tirando para fresquitas en muchos puntos de la provincia malague\u00f1a. Destacar tambi\u00e9n estas temperaturas m\u00ednimas: en Granada Aeropuerto 12.2 \u00baC, Ja\u00e9n 15.5 \u00baC, C\u00f3rdoba Aeropuerto 15.2 \u00baC, Sevilla Aeropuerto 15.8 \u00baC, C\u00e1diz 20.2 \u00baC, Huelva 16 \u00baC y Almer\u00eda Aeropuerto 19.4 \u00baC.<\/p>\n<h3><span style=\"color: #ff0000;\"><strong>\u00bfComenzar\u00e1 julio en M\u00e1laga y su provincia con mucha calor?<\/strong><\/span><\/h3>\n<p data-pm-slice=\"1 1 []\">Ma\u00f1ana lunes seguiremos con terral en las zonas habituales de la provincia hasta por la noche; luego ir\u00e1 cambiando a componente este con rachas moderadas. Donde entre el terral, las m\u00e1ximas rondar\u00e1n entre los 30 \u00b0C y 34 \u00b0C. En las dem\u00e1s zonas de la provincia, entre los 26 \u00baC y 29 \u00baC; para ser julio, lo firmaba todo el mes.<\/p>\n<p>El martes y mi\u00e9rcoles no se espera terral, tampoco subir\u00e1n mucho las temperaturas por las comarcas de Ronda y Antequera, zonas habituales donde en verano hace mucho calor. En estas zonas el martes las m\u00e1ximas rondaran los 32 grados, el mi\u00e9rcoles los 34 grados.<\/p>\n<p>Mi pregunta est\u00e1 contestada; no se espera mucho calor, compar\u00e1ndolo con el a\u00f1o pasado.<\/p>\n<p>Os dejo con esta bonita foto de mi amigo Lui G. Mar\u00edn. Gracias por compartirla.<\/p>\n<p>&nbsp;<\/p>\n<p><a href=\"https:\/\/static-blogs.diariosur.es\/wp-content\/uploads\/sites\/12\/2024\/06\/girasoles-2-1.jpg\"><img loading=\"lazy\" class=\"aligncenter size-full wp-image-41099\" src=\"https:\/\/static-blogs.diariosur.es\/wp-content\/uploads\/sites\/12\/2024\/06\/girasoles-2-1.jpg\" alt=\"\" width=\"1200\" height=\"800\" srcset=\"https:\/\/static-blogs.diariosur.es\/wp-content\/uploads\/sites\/12\/2024\/06\/girasoles-2-1.jpg 1200w, https:\/\/static-blogs.diariosur.es\/wp-content\/uploads\/sites\/12\/2024\/06\/girasoles-2-1-600x400.jpg 600w, https:\/\/static-blogs.diariosur.es\/wp-content\/uploads\/sites\/12\/2024\/06\/girasoles-2-1-768x512.jpg 768w\" sizes=\"(max-width: 1200px) 100vw, 1200px\" \/><\/a><\/p>\n<p>&nbsp;<\/p>\n<p>&nbsp;<\/p>\n<p>&nbsp;<\/p>\n<p>&nbsp;<\/p>\n<p>&nbsp;<\/p>\n<p>&nbsp;<\/p>\n<p>&nbsp;<\/p>\n<p>&nbsp;<\/p>\n<p>&nbsp;<\/p>\n<p>&nbsp;<\/p>\n<p>&nbsp;<\/p>\n","protected":false},"excerpt":{"rendered":"<p>Muy buenos d\u00edas, amigos de la meteo. La temperatura m\u00ednima en M\u00e1laga capital la ha registrado el Centro Meteorol\u00f3gico con 20.5 \u00baC, en Antequera 15 \u00baC, Ronda 14.4 \u00baC, Fuente Piedra 14.6 \u00baC, Gauc\u00edn 13.7 \u00baC, Alpandeire 13.8 \u00baC, temperaturas m\u00ednimas muy agradables y tirando para fresquitas en muchos puntos de la provincia malague\u00f1a. Destacar [&hellip;]<\/p>\n","protected":false},"author":16,"featured_media":41099,"comment_status":"open","ping_status":"open","sticky":false,"template":"","format":"standard","meta":[],"categories":[2],"tags":[212,358,538,587,800],"_links":{"self":[{"href":"https:\/\/blogs.diariosur.es\/tormentas-y-rayos\/wp-json\/wp\/v2\/posts\/41094"}],"collection":[{"href":"https:\/\/blogs.diariosur.es\/tormentas-y-rayos\/wp-json\/wp\/v2\/posts"}],"about":[{"href":"https:\/\/blogs.diariosur.es\/tormentas-y-rayos\/wp-json\/wp\/v2\/types\/post"}],"author":[{"embeddable":true,"href":"https:\/\/blogs.diariosur.es\/tormentas-y-rayos\/wp-json\/wp\/v2\/users\/16"}],"replies":[{"embeddable":true,"href":"https:\/\/blogs.diariosur.es\/tormentas-y-rayos\/wp-json\/wp\/v2\/comments?post=41094"}],"version-history":[{"count":6,"href":"https:\/\/blogs.diariosur.es\/tormentas-y-rayos\/wp-json\/wp\/v2\/posts\/41094\/revisions"}],"predecessor-version":[{"id":47514,"href":"https:\/\/blogs.diariosur.es\/tormentas-y-rayos\/wp-json\/wp\/v2\/posts\/41094\/revisions\/47514"}],"wp:featuredmedia":[{"embeddable":true,"href":"https:\/\/blogs.diariosur.es\/tormentas-y-rayos\/wp-json\/wp\/v2\/media\/41099"}],"wp:attachment":[{"href":"https:\/\/blogs.diariosur.es\/tormentas-y-rayos\/wp-json\/wp\/v2\/media?parent=41094"}],"wp:term":[{"taxonomy":"category","embeddable":true,"href":"https:\/\/blogs.diariosur.es\/tormentas-y-rayos\/wp-json\/wp\/v2\/categories?post=41094"},{"taxonomy":"post_tag","embeddable":true,"href":"https:\/\/blogs.diariosur.es\/tormentas-y-rayos\/wp-json\/wp\/v2\/tags?post=41094"}],"curies":[{"name":"wp","href":"https:\/\/api.w.org\/{rel}","templated":true}]}}