{"id":41116,"date":"2024-07-02T08:02:43","date_gmt":"2024-07-02T06:02:43","guid":{"rendered":"https:\/\/blogs.diariosur.es\/tormentas-y-rayos\/?p=41116"},"modified":"2025-11-10T11:48:23","modified_gmt":"2025-11-10T10:48:23","slug":"la-importancia-de-tener-el-mar-frio-en-la-costa-malaguena-manana-avisos-por-altas-temperaturas-en-andalucia","status":"publish","type":"post","link":"https:\/\/blogs.diariosur.es\/tormentas-y-rayos\/2024\/07\/02\/la-importancia-de-tener-el-mar-frio-en-la-costa-malaguena-manana-avisos-por-altas-temperaturas-en-andalucia\/","title":{"rendered":"La importancia de tener el mar fr\u00edo en la costa malague\u00f1a. Ma\u00f1ana avisos por altas temperaturas en Andaluc\u00eda"},"content":{"rendered":"<p><a href=\"https:\/\/static-blogs.diariosur.es\/wp-content\/uploads\/sites\/12\/2023\/09\/375323357_10227521084351690_5428862938073510864_n.jpg\"><img loading=\"lazy\" class=\"aligncenter size-thumbnail wp-image-38274\" src=\"https:\/\/static-blogs.diariosur.es\/wp-content\/uploads\/sites\/12\/2023\/09\/375323357_10227521084351690_5428862938073510864_n-150x150.jpg\" alt=\"\" width=\"150\" height=\"150\" \/><\/a><\/p>\n<p>Buenos d\u00edas, amigos de la meteo. Cuando son las siete y cuarto de la ma\u00f1ana en M\u00e1laga capital, el Centro Meteorol\u00f3gico ha registrado una m\u00ednima de 20.8 \u00baC, los cielos est\u00e1n despejados y el viento sopla flojo de sureste. Hay probabilidad de brumas y tar\u00f3 en algunos puntos de la costa malague\u00f1a.<\/p>\n<p>Si ayer no entrasteis al blog, os vuelvo a poner la pregunta.<\/p>\n<h3 class=\"voc-blogs-section\"><a href=\"https:\/\/blogs.diariosur.es\/tormentas-y-rayos\/2024\/07\/01\/os-hago-una-pregunta-ha-sido-junio-caluroso-en-malaga-que-pensais\/\"><strong>Os hago una pregunta: \u00bfHa sido junio caluroso en M\u00e1laga? \u00bfQu\u00e9 pens\u00e1is?<\/strong><\/a><\/h3>\n<p>&nbsp;<\/p>\n<p data-pm-slice=\"1 1 []\">Ayer lunes 1 de julio, M\u00e1laga Aeropuerto registr\u00f3 la temperatura m\u00e1s alta de toda Espa\u00f1a con 36.3 \u00baC, debido al terral. Sinceramente, yo no esperaba esa m\u00e1xima tan alta, como coment\u00e9 el domingo en la previsi\u00f3n, pero la meteo es as\u00ed; en 24 horas puede cambiar. Lo que s\u00ed se cumpli\u00f3 fue el cambio de terral a levante; de estar a 36 \u00baC, bajamos a 21.5 \u00baC en poco tiempo.<\/p>\n<p>Os paso la gr\u00e1fica de viento y humedad de la estaci\u00f3n de la Aemet del Aeropuerto de M\u00e1laga.<\/p>\n<p>&nbsp;<\/p>\n<p><a href=\"https:\/\/static-blogs.diariosur.es\/wp-content\/uploads\/sites\/12\/2024\/07\/Captura-de-pantalla-2024-07-02-064525-e1719898193181.jpg\"><img loading=\"lazy\" class=\"aligncenter size-full wp-image-41117\" src=\"https:\/\/static-blogs.diariosur.es\/wp-content\/uploads\/sites\/12\/2024\/07\/Captura-de-pantalla-2024-07-02-064525-e1719898193181.jpg\" alt=\"\" width=\"1200\" height=\"555\" \/><\/a><\/p>\n<h3><strong> La importancia de tener el mar fr\u00edo en la costa malague\u00f1a<\/strong><\/h3>\n<p>&nbsp;<\/p>\n<p data-pm-slice=\"1 1 []\">Hace unos minutos he mirado la temperatura del agua del mar en la Bah\u00eda de M\u00e1laga; est\u00e1 a 17.5 \u00baC, debido al terral y al poniente que hemos tenido. Como de momento no se espera terral, la temperatura del agua del mar ir\u00e1 subiendo durante estos d\u00edas; el viernes lo m\u00e1s seguro es que est\u00e9 a 20 o 21 grados. Con esta temperatura las brisas seguir\u00e1n siendo frescas, pero si sigue subiendo y alcanzamos los 25 y 26 grados, las madrugadas y durante el d\u00eda el bochorno y la humedad ser\u00e1n protagonistas. Acordaos de la pregunta que hice ayer sobre junio; la sensaci\u00f3n t\u00e9rmica es muy importante.<\/p>\n<p>Os dejo con esta bonita foto de mi amigo Crist\u00f3bal Gambero. Un abrazo y besos, familia.<\/p>\n<p>&nbsp;<\/p>\n<p>&nbsp;<\/p>\n<p><a href=\"https:\/\/static-blogs.diariosur.es\/wp-content\/uploads\/sites\/12\/2024\/07\/210858618_10222814421568062_6027359675077268856_n.jpg\"><img loading=\"lazy\" class=\"aligncenter size-full wp-image-41119\" src=\"https:\/\/static-blogs.diariosur.es\/wp-content\/uploads\/sites\/12\/2024\/07\/210858618_10222814421568062_6027359675077268856_n.jpg\" alt=\"\" width=\"960\" height=\"720\" srcset=\"https:\/\/static-blogs.diariosur.es\/wp-content\/uploads\/sites\/12\/2024\/07\/210858618_10222814421568062_6027359675077268856_n.jpg 960w, https:\/\/static-blogs.diariosur.es\/wp-content\/uploads\/sites\/12\/2024\/07\/210858618_10222814421568062_6027359675077268856_n-533x400.jpg 533w, https:\/\/static-blogs.diariosur.es\/wp-content\/uploads\/sites\/12\/2024\/07\/210858618_10222814421568062_6027359675077268856_n-768x576.jpg 768w\" sizes=\"(max-width: 960px) 100vw, 960px\" \/><\/a><\/p>\n","protected":false},"excerpt":{"rendered":"<p>Buenos d\u00edas, amigos de la meteo. Cuando son las siete y cuarto de la ma\u00f1ana en M\u00e1laga capital, el Centro Meteorol\u00f3gico ha registrado una m\u00ednima de 20.8 \u00baC, los cielos est\u00e1n despejados y el viento sopla flojo de sureste. Hay probabilidad de brumas y tar\u00f3 en algunos puntos de la costa malague\u00f1a. Si ayer no [&hellip;]<\/p>\n","protected":false},"author":16,"featured_media":41119,"comment_status":"open","ping_status":"open","sticky":false,"template":"","format":"standard","meta":[],"categories":[2],"tags":[81,151,212,358,538,587,800,962,1052],"_links":{"self":[{"href":"https:\/\/blogs.diariosur.es\/tormentas-y-rayos\/wp-json\/wp\/v2\/posts\/41116"}],"collection":[{"href":"https:\/\/blogs.diariosur.es\/tormentas-y-rayos\/wp-json\/wp\/v2\/posts"}],"about":[{"href":"https:\/\/blogs.diariosur.es\/tormentas-y-rayos\/wp-json\/wp\/v2\/types\/post"}],"author":[{"embeddable":true,"href":"https:\/\/blogs.diariosur.es\/tormentas-y-rayos\/wp-json\/wp\/v2\/users\/16"}],"replies":[{"embeddable":true,"href":"https:\/\/blogs.diariosur.es\/tormentas-y-rayos\/wp-json\/wp\/v2\/comments?post=41116"}],"version-history":[{"count":4,"href":"https:\/\/blogs.diariosur.es\/tormentas-y-rayos\/wp-json\/wp\/v2\/posts\/41116\/revisions"}],"predecessor-version":[{"id":47491,"href":"https:\/\/blogs.diariosur.es\/tormentas-y-rayos\/wp-json\/wp\/v2\/posts\/41116\/revisions\/47491"}],"wp:featuredmedia":[{"embeddable":true,"href":"https:\/\/blogs.diariosur.es\/tormentas-y-rayos\/wp-json\/wp\/v2\/media\/41119"}],"wp:attachment":[{"href":"https:\/\/blogs.diariosur.es\/tormentas-y-rayos\/wp-json\/wp\/v2\/media?parent=41116"}],"wp:term":[{"taxonomy":"category","embeddable":true,"href":"https:\/\/blogs.diariosur.es\/tormentas-y-rayos\/wp-json\/wp\/v2\/categories?post=41116"},{"taxonomy":"post_tag","embeddable":true,"href":"https:\/\/blogs.diariosur.es\/tormentas-y-rayos\/wp-json\/wp\/v2\/tags?post=41116"}],"curies":[{"name":"wp","href":"https:\/\/api.w.org\/{rel}","templated":true}]}}