{"id":41125,"date":"2024-07-02T18:06:35","date_gmt":"2024-07-02T16:06:35","guid":{"rendered":"https:\/\/blogs.diariosur.es\/tormentas-y-rayos\/?p=41125"},"modified":"2025-11-10T11:49:40","modified_gmt":"2025-11-10T10:49:40","slug":"acaba-de-salir-el-avance-climatologico-de-junio-en-andalucia-os-acordais-lo-que-preguntaba-ayer-ha-sido-junio-caluroso-en-malaga-que-pensais","status":"publish","type":"post","link":"https:\/\/blogs.diariosur.es\/tormentas-y-rayos\/2024\/07\/02\/acaba-de-salir-el-avance-climatologico-de-junio-en-andalucia-os-acordais-lo-que-preguntaba-ayer-ha-sido-junio-caluroso-en-malaga-que-pensais\/","title":{"rendered":"Acaba de salir el avance climatol\u00f3gico de junio en Andaluc\u00eda. Os acord\u00e1is lo que preguntaba ayer \u00bfHa sido junio caluroso en M\u00e1laga? \u00bfQu\u00e9 pens\u00e1is?"},"content":{"rendered":"<p><a href=\"https:\/\/static-blogs.diariosur.es\/wp-content\/uploads\/sites\/12\/2024\/05\/444912498_10228884468795449_97962860407814916_n.jpg\"><img loading=\"lazy\" class=\"aligncenter size-thumbnail wp-image-40751\" src=\"https:\/\/static-blogs.diariosur.es\/wp-content\/uploads\/sites\/12\/2024\/05\/444912498_10228884468795449_97962860407814916_n-150x150.jpg\" alt=\"\" width=\"150\" height=\"150\" \/><\/a><\/p>\n<p data-pm-slice=\"1 1 []\">Ayer preguntaba esto a amigos de la meteo: Os hago una pregunta: \u00bfHa sido junio caluroso en M\u00e1laga? \u00bfQu\u00e9 pens\u00e1is?<\/p>\n<p>Acaba de salir el avance climatol\u00f3gico del mes de junio, muy curioso c\u00f3mo ha sido en M\u00e1laga capital. <strong>La sensaci\u00f3n t\u00e9rmica es muy importante.\u00a0 \u00a0<\/strong><\/p>\n<h3><span style=\"color: #ff0000;\"><strong>Mes de junio de 2024 en Andaluc\u00eda, Ceuta y Melilla<\/strong><\/span><\/h3>\n<p>Temperaturas: Junio, en cuanto a temperatura, ha tenido un car\u00e1cter entre normal y fr\u00edo, <strong>excepto M\u00e1laga y Almer\u00eda, donde fue muy c\u00e1lido<\/strong>. La temperatura media ha sido 22.4\u00baC, 0.3 grados por debajo del promedio, ocupando el 36\u00ba puesto de los \u00faltimos 63 a\u00f1os (ordenado de frio a c\u00e1lido). En Ceuta y en Melilla ha sido normal.<\/p>\n<p>&nbsp;<\/p>\n<p><a href=\"https:\/\/static-blogs.diariosur.es\/wp-content\/uploads\/sites\/12\/2024\/07\/Captura-de-pantalla-2024-07-02-175142.jpg\"><img loading=\"lazy\" class=\"aligncenter size-full wp-image-41122\" src=\"https:\/\/static-blogs.diariosur.es\/wp-content\/uploads\/sites\/12\/2024\/07\/Captura-de-pantalla-2024-07-02-175142.jpg\" alt=\"\" width=\"983\" height=\"686\" srcset=\"https:\/\/static-blogs.diariosur.es\/wp-content\/uploads\/sites\/12\/2024\/07\/Captura-de-pantalla-2024-07-02-175142.jpg 983w, https:\/\/static-blogs.diariosur.es\/wp-content\/uploads\/sites\/12\/2024\/07\/Captura-de-pantalla-2024-07-02-175142-573x400.jpg 573w, https:\/\/static-blogs.diariosur.es\/wp-content\/uploads\/sites\/12\/2024\/07\/Captura-de-pantalla-2024-07-02-175142-768x536.jpg 768w\" sizes=\"(max-width: 983px) 100vw, 983px\" \/><\/a><\/p>\n","protected":false},"excerpt":{"rendered":"<p>Ayer preguntaba esto a amigos de la meteo: Os hago una pregunta: \u00bfHa sido junio caluroso en M\u00e1laga? \u00bfQu\u00e9 pens\u00e1is? Acaba de salir el avance climatol\u00f3gico del mes de junio, muy curioso c\u00f3mo ha sido en M\u00e1laga capital. La sensaci\u00f3n t\u00e9rmica es muy importante.\u00a0 \u00a0 Mes de junio de 2024 en Andaluc\u00eda, Ceuta y Melilla [&hellip;]<\/p>\n","protected":false},"author":16,"featured_media":39310,"comment_status":"open","ping_status":"open","sticky":false,"template":"","format":"standard","meta":[],"categories":[2],"tags":[207,358,539,587],"_links":{"self":[{"href":"https:\/\/blogs.diariosur.es\/tormentas-y-rayos\/wp-json\/wp\/v2\/posts\/41125"}],"collection":[{"href":"https:\/\/blogs.diariosur.es\/tormentas-y-rayos\/wp-json\/wp\/v2\/posts"}],"about":[{"href":"https:\/\/blogs.diariosur.es\/tormentas-y-rayos\/wp-json\/wp\/v2\/types\/post"}],"author":[{"embeddable":true,"href":"https:\/\/blogs.diariosur.es\/tormentas-y-rayos\/wp-json\/wp\/v2\/users\/16"}],"replies":[{"embeddable":true,"href":"https:\/\/blogs.diariosur.es\/tormentas-y-rayos\/wp-json\/wp\/v2\/comments?post=41125"}],"version-history":[{"count":2,"href":"https:\/\/blogs.diariosur.es\/tormentas-y-rayos\/wp-json\/wp\/v2\/posts\/41125\/revisions"}],"predecessor-version":[{"id":47492,"href":"https:\/\/blogs.diariosur.es\/tormentas-y-rayos\/wp-json\/wp\/v2\/posts\/41125\/revisions\/47492"}],"wp:featuredmedia":[{"embeddable":true,"href":"https:\/\/blogs.diariosur.es\/tormentas-y-rayos\/wp-json\/wp\/v2\/media\/39310"}],"wp:attachment":[{"href":"https:\/\/blogs.diariosur.es\/tormentas-y-rayos\/wp-json\/wp\/v2\/media?parent=41125"}],"wp:term":[{"taxonomy":"category","embeddable":true,"href":"https:\/\/blogs.diariosur.es\/tormentas-y-rayos\/wp-json\/wp\/v2\/categories?post=41125"},{"taxonomy":"post_tag","embeddable":true,"href":"https:\/\/blogs.diariosur.es\/tormentas-y-rayos\/wp-json\/wp\/v2\/tags?post=41125"}],"curies":[{"name":"wp","href":"https:\/\/api.w.org\/{rel}","templated":true}]}}