{"id":41129,"date":"2024-07-03T07:23:57","date_gmt":"2024-07-03T05:23:57","guid":{"rendered":"https:\/\/blogs.diariosur.es\/tormentas-y-rayos\/?p=41129"},"modified":"2025-11-10T11:45:26","modified_gmt":"2025-11-10T10:45:26","slug":"avisos-naranjas-y-amarillos-por-altas-temperaturas-de-39-40-y-41c-en-seis-provincias-andaluzas","status":"publish","type":"post","link":"https:\/\/blogs.diariosur.es\/tormentas-y-rayos\/2024\/07\/03\/avisos-naranjas-y-amarillos-por-altas-temperaturas-de-39-40-y-41c-en-seis-provincias-andaluzas\/","title":{"rendered":"Avisos naranjas y amarillos por altas temperaturas de 39, 40 y 41\u00b0C en seis provincias Andaluzas."},"content":{"rendered":"<p><a href=\"https:\/\/static-blogs.diariosur.es\/wp-content\/uploads\/sites\/12\/2024\/02\/379337914_10227628075666406_6248628726251100327_n.jpg\"><img loading=\"lazy\" class=\"aligncenter size-thumbnail wp-image-39879\" src=\"https:\/\/static-blogs.diariosur.es\/wp-content\/uploads\/sites\/12\/2024\/02\/379337914_10227628075666406_6248628726251100327_n-150x150.jpg\" alt=\"\" width=\"150\" height=\"150\" \/><\/a><\/p>\n<p data-pm-slice=\"1 1 []\">Buenos d\u00edas, amigos de la meteo. Cuando son las siete de la ma\u00f1ana en M\u00e1laga capital, el aeropuerto ha registrado una temperatura m\u00ednima de 20\u00b0C, los cielos est\u00e1n poco nubosos y el viento sopla flojo de direcci\u00f3n variable.<\/p>\n<p>Hoy mi\u00e9rcoles la AEMET ha activado avisos amarillos por altas temperaturas de 38 \u00b0C en las provincias de C\u00f3rdoba, Granada, Ja\u00e9n, Sevilla, C\u00e1diz y Huelva.<\/p>\n<p>Os paso el mapa de avisos.<\/p>\n<p>&nbsp;<\/p>\n<p><a href=\"https:\/\/static-blogs.diariosur.es\/wp-content\/uploads\/sites\/12\/2024\/07\/Captura-de-pantalla-2024-07-03-064335.jpg\"><img loading=\"lazy\" class=\"aligncenter size-full wp-image-41134\" src=\"https:\/\/static-blogs.diariosur.es\/wp-content\/uploads\/sites\/12\/2024\/07\/Captura-de-pantalla-2024-07-03-064335.jpg\" alt=\"\" width=\"870\" height=\"680\" srcset=\"https:\/\/static-blogs.diariosur.es\/wp-content\/uploads\/sites\/12\/2024\/07\/Captura-de-pantalla-2024-07-03-064335.jpg 870w, https:\/\/static-blogs.diariosur.es\/wp-content\/uploads\/sites\/12\/2024\/07\/Captura-de-pantalla-2024-07-03-064335-512x400.jpg 512w, https:\/\/static-blogs.diariosur.es\/wp-content\/uploads\/sites\/12\/2024\/07\/Captura-de-pantalla-2024-07-03-064335-768x600.jpg 768w\" sizes=\"(max-width: 870px) 100vw, 870px\" \/><\/a><\/p>\n<p>&nbsp;<\/p>\n<p>&nbsp;<\/p>\n<p data-pm-slice=\"1 1 []\">Ayer la temperatura m\u00e1xima en M\u00e1laga capital se dio en el Centro Meteorol\u00f3gico con 28.9\u00b0C, en el Aeropuerto 28.1\u00b0C y en mi estaci\u00f3n en Avda. Ortega y Gasset 26.3\u00b0C.<\/p>\n<p>El tar\u00f3 fue protagonista entre las 13:30 y 14:30, como pod\u00e9is ver en esta foto de mi amigo Rafael Fern\u00e1ndez Cid. Muchas gracias por compartir.<\/p>\n<p>&nbsp;<\/p>\n<p>&nbsp;<\/p>\n<p><a href=\"https:\/\/static-blogs.diariosur.es\/wp-content\/uploads\/sites\/12\/2024\/07\/449856400_10229132672400384_8583374982477724999_n.jpg\"><img loading=\"lazy\" class=\"aligncenter size-full wp-image-41135\" src=\"https:\/\/static-blogs.diariosur.es\/wp-content\/uploads\/sites\/12\/2024\/07\/449856400_10229132672400384_8583374982477724999_n.jpg\" alt=\"\" width=\"1200\" height=\"675\" srcset=\"https:\/\/static-blogs.diariosur.es\/wp-content\/uploads\/sites\/12\/2024\/07\/449856400_10229132672400384_8583374982477724999_n.jpg 1200w, https:\/\/static-blogs.diariosur.es\/wp-content\/uploads\/sites\/12\/2024\/07\/449856400_10229132672400384_8583374982477724999_n-640x360.jpg 640w, https:\/\/static-blogs.diariosur.es\/wp-content\/uploads\/sites\/12\/2024\/07\/449856400_10229132672400384_8583374982477724999_n-768x432.jpg 768w\" sizes=\"(max-width: 1200px) 100vw, 1200px\" \/><\/a><\/p>\n<p>&nbsp;<\/p>\n<p>Por la tarde noche la bruma era protagonista en la Bah\u00eda de M\u00e1laga. Os paso esta bonita foto de mi amigo Francisco Javier Gonz\u00e1lez.<\/p>\n<p>&nbsp;<\/p>\n<p><a href=\"https:\/\/static-blogs.diariosur.es\/wp-content\/uploads\/sites\/12\/2024\/07\/449784644_10229132671840370_8976564217850626304_n.jpg\"><img loading=\"lazy\" class=\"aligncenter size-full wp-image-41136\" src=\"https:\/\/static-blogs.diariosur.es\/wp-content\/uploads\/sites\/12\/2024\/07\/449784644_10229132671840370_8976564217850626304_n.jpg\" alt=\"\" width=\"1200\" height=\"583\" srcset=\"https:\/\/static-blogs.diariosur.es\/wp-content\/uploads\/sites\/12\/2024\/07\/449784644_10229132671840370_8976564217850626304_n.jpg 1200w, https:\/\/static-blogs.diariosur.es\/wp-content\/uploads\/sites\/12\/2024\/07\/449784644_10229132671840370_8976564217850626304_n-640x311.jpg 640w, https:\/\/static-blogs.diariosur.es\/wp-content\/uploads\/sites\/12\/2024\/07\/449784644_10229132671840370_8976564217850626304_n-768x373.jpg 768w\" sizes=\"(max-width: 1200px) 100vw, 1200px\" \/><\/a><\/p>\n<p>&nbsp;<\/p>\n<h3><span style=\"color: #ff0000;\"><strong>Avisos naranjas y amarillos por altas temperaturas de 39, 40 y 41\u00b0C en seis provincias Andaluzas.<\/strong><\/span><\/h3>\n<p data-pm-slice=\"1 1 []\">Ma\u00f1ana jueves ser\u00e1 el d\u00eda m\u00e1s caluroso desde que empez\u00f3 el verano. La AEMET activa avisos amarillos y naranjas por altas temperaturas en las provincias de Ja\u00e9n, C\u00f3rdoba, Granada, Sevilla, C\u00e1diz y Huelva. Puntualmente, en alg\u00fan pueblo pueden llegar a los 42 \u00baC.<\/p>\n<p>En la provincia de M\u00e1laga tambi\u00e9n se espera mucho calor; la m\u00e1xima en la capital rondar\u00e1 los 32 \u00baC; a esto hay que unirle la alta humedad que se espera. Os paso las temperaturas m\u00e1ximas que prev\u00e9 ma\u00f1ana la AEMET en la provincia de M\u00e1laga.<\/p>\n<p>&nbsp;<\/p>\n<p><a href=\"https:\/\/static-blogs.diariosur.es\/wp-content\/uploads\/sites\/12\/2024\/07\/Captura-de-pantalla-2024-07-03-065855.jpg\"><img loading=\"lazy\" class=\"aligncenter size-full wp-image-41139\" src=\"https:\/\/static-blogs.diariosur.es\/wp-content\/uploads\/sites\/12\/2024\/07\/Captura-de-pantalla-2024-07-03-065855.jpg\" alt=\"\" width=\"863\" height=\"683\" srcset=\"https:\/\/static-blogs.diariosur.es\/wp-content\/uploads\/sites\/12\/2024\/07\/Captura-de-pantalla-2024-07-03-065855.jpg 863w, https:\/\/static-blogs.diariosur.es\/wp-content\/uploads\/sites\/12\/2024\/07\/Captura-de-pantalla-2024-07-03-065855-505x400.jpg 505w, https:\/\/static-blogs.diariosur.es\/wp-content\/uploads\/sites\/12\/2024\/07\/Captura-de-pantalla-2024-07-03-065855-768x608.jpg 768w\" sizes=\"(max-width: 863px) 100vw, 863px\" \/><\/a><\/p>\n<p>&nbsp;<\/p>\n<p>Os paso el mapa de avisos para ma\u00f1ana jueves. Fuente aemet<\/p>\n<p>&nbsp;<\/p>\n<p><a href=\"https:\/\/static-blogs.diariosur.es\/wp-content\/uploads\/sites\/12\/2024\/07\/Captura-de-pantalla-2024-07-03-064408.jpg\"><img loading=\"lazy\" class=\"aligncenter size-full wp-image-41137\" src=\"https:\/\/static-blogs.diariosur.es\/wp-content\/uploads\/sites\/12\/2024\/07\/Captura-de-pantalla-2024-07-03-064408.jpg\" alt=\"\" width=\"872\" height=\"688\" srcset=\"https:\/\/static-blogs.diariosur.es\/wp-content\/uploads\/sites\/12\/2024\/07\/Captura-de-pantalla-2024-07-03-064408.jpg 872w, https:\/\/static-blogs.diariosur.es\/wp-content\/uploads\/sites\/12\/2024\/07\/Captura-de-pantalla-2024-07-03-064408-507x400.jpg 507w, https:\/\/static-blogs.diariosur.es\/wp-content\/uploads\/sites\/12\/2024\/07\/Captura-de-pantalla-2024-07-03-064408-768x606.jpg 768w\" sizes=\"(max-width: 872px) 100vw, 872px\" \/><\/a><\/p>\n<p>&nbsp;<\/p>\n<p>El viernes y el s\u00e1bado bajar\u00e1n las temperaturas en estas zonas de avisos, es probable que suban el s\u00e1bado en las zonas donde el poniente entre de tierra. Ma\u00f1ana confirmar\u00e9 lo del terral del fin de semana.<\/p>\n","protected":false},"excerpt":{"rendered":"<p>Buenos d\u00edas, amigos de la meteo. Cuando son las siete de la ma\u00f1ana en M\u00e1laga capital, el aeropuerto ha registrado una temperatura m\u00ednima de 20\u00b0C, los cielos est\u00e1n poco nubosos y el viento sopla flojo de direcci\u00f3n variable. Hoy mi\u00e9rcoles la AEMET ha activado avisos amarillos por altas temperaturas de 38 \u00b0C en las provincias [&hellip;]<\/p>\n","protected":false},"author":16,"featured_media":37327,"comment_status":"open","ping_status":"open","sticky":false,"template":"","format":"standard","meta":[],"categories":[2],"tags":[81,100,153,212,358,962],"_links":{"self":[{"href":"https:\/\/blogs.diariosur.es\/tormentas-y-rayos\/wp-json\/wp\/v2\/posts\/41129"}],"collection":[{"href":"https:\/\/blogs.diariosur.es\/tormentas-y-rayos\/wp-json\/wp\/v2\/posts"}],"about":[{"href":"https:\/\/blogs.diariosur.es\/tormentas-y-rayos\/wp-json\/wp\/v2\/types\/post"}],"author":[{"embeddable":true,"href":"https:\/\/blogs.diariosur.es\/tormentas-y-rayos\/wp-json\/wp\/v2\/users\/16"}],"replies":[{"embeddable":true,"href":"https:\/\/blogs.diariosur.es\/tormentas-y-rayos\/wp-json\/wp\/v2\/comments?post=41129"}],"version-history":[{"count":8,"href":"https:\/\/blogs.diariosur.es\/tormentas-y-rayos\/wp-json\/wp\/v2\/posts\/41129\/revisions"}],"predecessor-version":[{"id":47490,"href":"https:\/\/blogs.diariosur.es\/tormentas-y-rayos\/wp-json\/wp\/v2\/posts\/41129\/revisions\/47490"}],"wp:featuredmedia":[{"embeddable":true,"href":"https:\/\/blogs.diariosur.es\/tormentas-y-rayos\/wp-json\/wp\/v2\/media\/37327"}],"wp:attachment":[{"href":"https:\/\/blogs.diariosur.es\/tormentas-y-rayos\/wp-json\/wp\/v2\/media?parent=41129"}],"wp:term":[{"taxonomy":"category","embeddable":true,"href":"https:\/\/blogs.diariosur.es\/tormentas-y-rayos\/wp-json\/wp\/v2\/categories?post=41129"},{"taxonomy":"post_tag","embeddable":true,"href":"https:\/\/blogs.diariosur.es\/tormentas-y-rayos\/wp-json\/wp\/v2\/tags?post=41129"}],"curies":[{"name":"wp","href":"https:\/\/api.w.org\/{rel}","templated":true}]}}